{"id":119631,"date":"2023-01-24T07:50:48","date_gmt":"2023-01-24T10:50:48","guid":{"rendered":"https:\/\/eltrabajo.cl\/portal\/?p=119631"},"modified":"2023-01-24T01:09:35","modified_gmt":"2023-01-24T04:09:35","slug":"tercera-vez-que-le-roban-bicicleta-a-barrendero-en-el-terminal-rodoviario","status":"publish","type":"post","link":"https:\/\/eltrabajo.cl\/portal\/tercera-vez-que-le-roban-bicicleta-a-barrendero-en-el-terminal-rodoviario\/","title":{"rendered":"Tercera vez que le roban bicicleta a barrendero en el Terminal Rodoviario"},"content":{"rendered":"<p style=\"text-align: justify;\">Por tercera vez roban bicicleta a barrendero desde el Terminal Rodoviario de San Felipe, luego que la dejara apoyada en la pared de un local de venta de empanadas este viernes en la tarde.<\/p>\n<p style=\"text-align: justify;\">La informaci\u00f3n la entreg\u00f3 el administrador del terminal, <strong>Nelson Leiva<\/strong>, indicando que el robo se perpetr\u00f3 este viernes: <em>\u00abA las 17:23 horas este ni\u00f1o <strong>Jos\u00e9 Luis<\/strong> dej\u00f3 su bicicleta ac\u00e1, donde est\u00e1 el negocio de venta de empanadas; no usa llaves ni candado, pero lamentablemente apareci\u00f3 este tipo y se la llev\u00f3. Le llev\u00f3 la bicicleta a un trabajador que es la tercera vez que le pasa lo mismo\u2026 de un trabajador que necesita una bicicleta, o sea como medio de movilizaci\u00f3n y como medio para ganarse la vida tambi\u00e9n, porque \u00e9l se moviliza en esa bicicleta\u00bb,<\/em> dice.<\/p>\n<p style=\"text-align: justify;\">El administrador lamenta este tipo de hechos <em>\u00abporque al parecer es gente que est\u00e1 como \u2018al aguaite\u2019 de que hayan cosas que est\u00e9n un poquito descuidadas y que lamentablemente hacen los robos correspondientes\u00bb,<\/em> se\u00f1ala.<\/p>\n<p style=\"text-align: justify;\">&#8211; <strong>La v\u00edctima es un barrendero.<\/strong><\/p>\n<p style=\"text-align: justify;\">&#8211; S\u00ed, Jos\u00e9 Luis, quien trabaja en el sector c\u00e9ntrico y tambi\u00e9n viene a ayudar ac\u00e1 en sus tiempos libres al propietario del local de venta de empanadas. Es lamentable, pero hay muchas situaciones que est\u00e1n sucediendo no tan s\u00f3lo ac\u00e1n sino que en muchos lugares. Reci\u00e9n yo ven\u00eda en la ma\u00f1ana y estaba haciendo comentarios una vecina que hab\u00edan robado en una casa all\u00e1 abajo en la Poblaci\u00f3n San Felipe. Lamentable que esta sensaci\u00f3n de inseguridad llegue a todos lados, a todos lados.<\/p>\n<p style=\"text-align: justify;\">En cuanto a la seguridad, el administrador Nelson Leiva dice que todas las opiniones <em>\u00abson respetables, pero ha habido algunas que son atentatorias contra la dignidad de la gente, los trabajadores, unas que aparecieron en los medios sociales contra los guardias. Yo creo que la persona est\u00e1 amparada en un seud\u00f3nimo, en un an\u00f3nimo pr\u00e1cticamente, y yo pienso que no deber\u00eda ser porque la dignidad de todos los trabajadores es muy importante, como dice no expresarse por la parte f\u00edsica ni tampoco por cualquier otro motivo. La discriminaci\u00f3n es atentatoria contra del ser humano, los derechos humanos\u00bb,<\/em> comenta.<\/p>\n<figure id=\"attachment_119632\" aria-describedby=\"caption-attachment-119632\" style=\"width: 698px\" class=\"wp-caption alignnone\"><img data-recalc-dims=\"1\" loading=\"lazy\" decoding=\"async\" class=\"size-full wp-image-119632\" src=\"https:\/\/i0.wp.com\/eltrabajo.cl\/portal\/wp-content\/uploads\/2023\/01\/robo.jpg?resize=640%2C368&#038;ssl=1\" alt=\"Este es el delincuente captado cuando escapaba en la bicicleta robada.\" width=\"640\" height=\"368\" srcset=\"https:\/\/i0.wp.com\/eltrabajo.cl\/portal\/wp-content\/uploads\/2023\/01\/robo.jpg?w=698&amp;ssl=1 698w, https:\/\/i0.wp.com\/eltrabajo.cl\/portal\/wp-content\/uploads\/2023\/01\/robo.jpg?resize=300%2C172&amp;ssl=1 300w, https:\/\/i0.wp.com\/eltrabajo.cl\/portal\/wp-content\/uploads\/2023\/01\/robo.jpg?resize=200%2C115&amp;ssl=1 200w, https:\/\/i0.wp.com\/eltrabajo.cl\/portal\/wp-content\/uploads\/2023\/01\/robo.jpg?resize=696%2C400&amp;ssl=1 696w\" sizes=\"auto, (max-width: 640px) 100vw, 640px\" \/><figcaption id=\"caption-attachment-119632\" class=\"wp-caption-text\">Este es el delincuente captado cuando escapaba en la bicicleta robada.<\/figcaption><\/figure>\n","protected":false},"excerpt":{"rendered":"<p>Por tercera vez roban bicicleta a barrendero desde el Terminal Rodoviario de San Felipe, luego que la dejara apoyada en la pared de un local de venta de empanadas este viernes en&#8230;<\/p>\n","protected":false},"author":482,"featured_media":119632,"comment_status":"closed","ping_status":"open","sticky":false,"template":"","format":"standard","meta":{"advanced_seo_description":"","jetpack_seo_html_title":"","jetpack_seo_noindex":false,"_jetpack_memberships_contains_paid_content":false,"footnotes":""},"categories":[21],"tags":[],"class_list":["post-119631","post","type-post","status-publish","format-standard","has-post-thumbnail","hentry","category-policial"],"jetpack_featured_media_url":"https:\/\/i0.wp.com\/eltrabajo.cl\/portal\/wp-content\/uploads\/2023\/01\/robo.jpg?fit=698%2C401&ssl=1","jetpack_sharing_enabled":true,"jetpack_likes_enabled":true,"jetpack-related-posts":[],"_links":{"self":[{"href":"https:\/\/eltrabajo.cl\/portal\/wp-json\/wp\/v2\/posts\/119631","targetHints":{"allow":["GET"]}}],"collection":[{"href":"https:\/\/eltrabajo.cl\/portal\/wp-json\/wp\/v2\/posts"}],"about":[{"href":"https:\/\/eltrabajo.cl\/portal\/wp-json\/wp\/v2\/types\/post"}],"author":[{"embeddable":true,"href":"https:\/\/eltrabajo.cl\/portal\/wp-json\/wp\/v2\/users\/482"}],"replies":[{"embeddable":true,"href":"https:\/\/eltrabajo.cl\/portal\/wp-json\/wp\/v2\/comments?post=119631"}],"version-history":[{"count":1,"href":"https:\/\/eltrabajo.cl\/portal\/wp-json\/wp\/v2\/posts\/119631\/revisions"}],"predecessor-version":[{"id":119633,"href":"https:\/\/eltrabajo.cl\/portal\/wp-json\/wp\/v2\/posts\/119631\/revisions\/119633"}],"wp:featuredmedia":[{"embeddable":true,"href":"https:\/\/eltrabajo.cl\/portal\/wp-json\/wp\/v2\/media\/119632"}],"wp:attachment":[{"href":"https:\/\/eltrabajo.cl\/portal\/wp-json\/wp\/v2\/media?parent=119631"}],"wp:term":[{"taxonomy":"category","embeddable":true,"href":"https:\/\/eltrabajo.cl\/portal\/wp-json\/wp\/v2\/categories?post=119631"},{"taxonomy":"post_tag","embeddable":true,"href":"https:\/\/eltrabajo.cl\/portal\/wp-json\/wp\/v2\/tags?post=119631"}],"curies":[{"name":"wp","href":"https:\/\/api.w.org\/{rel}","templated":true}]}}