{"id":119652,"date":"2023-01-25T07:30:44","date_gmt":"2023-01-25T10:30:44","guid":{"rendered":"https:\/\/eltrabajo.cl\/portal\/?p=119652"},"modified":"2023-01-24T23:45:03","modified_gmt":"2023-01-25T02:45:03","slug":"en-34-efectivos-aumentan-dotacion-de-carabineros-de-prefectura-aconcagua","status":"publish","type":"post","link":"https:\/\/eltrabajo.cl\/portal\/en-34-efectivos-aumentan-dotacion-de-carabineros-de-prefectura-aconcagua\/","title":{"rendered":"En 34 efectivos aumentan dotaci\u00f3n de Carabineros de Prefectura Aconcagua"},"content":{"rendered":"<p style=\"text-align: left;\"><span style=\"color: #ff0000;\"><strong>Provincias de San Felipe, Los Andes y Petorca:<\/strong><\/span><\/p>\n<p style=\"text-align: justify;\">Un total de 34 efectivos policiales arribaron a la Prefectura de Carabineros Aconcagua, los cuales ser\u00e1n destinados a las provincias de San Felipe, Los Andes y Petorca.<\/p>\n<p style=\"text-align: justify;\">La ma\u00f1ana de ayer el nuevo contingente fue \u2018presentado en sociedad\u2019 por el prefecto de Carabineros <strong>Claudio Saavedra<\/strong>, en un sencillo acto realizado en la Plaza C\u00edvica de San Felipe.<\/p>\n<p style=\"text-align: justify;\">De los 34 nuevos carabineros, egresados de los planteles de formaci\u00f3n en diciembre pasado, 13 de ellos vienen a integrarse a la Segunda Comisar\u00eda de San Felipe; la Tercera Comisar\u00eda de Los Andes, en tanto, recibir\u00e1 9 efectivos, mientras que los 12 restantes cumplir\u00e1n funciones en distintos cuarteles de Petorca, como lo son La Ligua, Catapilco, Zapallar y Cachagua.<\/p>\n<p style=\"text-align: justify;\">La presentaci\u00f3n del nuevo contingente de Carabineros se realiz\u00f3 este martes a las 10:00 horas en la Plaza C\u00edvica de San Felipe, que adem\u00e1s cont\u00f3 con la participaci\u00f3n del comisario de la Segunda Comisar\u00eda de San Felipe, <strong>Jorge Guzm\u00e1n<\/strong>; la alcaldesa <strong>Carmen Castillo<\/strong>; la delegada presidencial provincial de nuestra comuna, <strong>Maricel Mart\u00ednez<\/strong>; y el delegado presidencial provincial de Los Andes, <strong>Cristian Aravena<\/strong>.<\/p>\n<p style=\"text-align: justify;\">Con respecto a la entrega de estos 34 nuevos efectivos para el Valle del Aconcagua y el trabajo mancomunado con la DPP, la delegada Maricel Mart\u00ednez coment\u00f3 que hay que <em>\u00absaber cu\u00e1les son las necesidades que tiene la ciudadan\u00eda, porque el mandato del presidente Boric en realidad es estar en terreno, estar en comunicaci\u00f3n con las personas y estar en comunicaci\u00f3n tambi\u00e9n con los distintos actores. El trabajo de la delegaci\u00f3n no es un trabajo en solitario, tenemos que interactuar con el resto de las organizaciones, con el contingente de Carabineros, con el contingente de la PDI, as\u00ed que esa es nuestra labor y en eso estamos en estos momentos\u00bb<\/em>.<\/p>\n<p style=\"text-align: justify;\">El prefecto de Carabineros, Claudio Saavedra, profundiz\u00f3 en que <em>\u00abes important\u00edsimo, las principales demandas que hemos tenido donde vamos, la verdad es que toda la gente nos pide m\u00e1s carabineros, y es por ello que el d\u00eda de hoy <\/em>(ayer)<em> nosotros estamos presentando 34 nuevos carabineros, ustedes ven una cantidad menor porque los dem\u00e1s ya est\u00e1n desplegados, pero estamos hablando de 34 nuevos carabineros que vienen egresados de los planteles de formaci\u00f3n; no estamos hablando de los procesos naturales de traslados que tenemos a\u00f1o a a\u00f1o, que tambi\u00e9n se han ejecutado con la habitualidad normal en que se realizan<\/em>.<\/p>\n<p style=\"text-align: justify;\"><em>\u00abEstamos hablando de dos comisarios que vienen de la Academia de Ciencias Policiales, el caso del comisario de la Segunda Comisar\u00eda de San Felipe y la Tercera Comisar\u00eda de Los Andes; dos oficiales que vienen egresados de la Escuela de Carabineros, que tambi\u00e9n vienen a cumplir funciones en la Tercera Comisar\u00eda de Los Andes\u00bb,<\/em> puntualiz\u00f3.<\/p>\n<p style=\"text-align: justify;\">Finalmente, el coronel de Carabineros enfatiz\u00f3 en que esta nueva dotaci\u00f3n policial viene acompa\u00f1ada del aumento del parque vehicular de la polic\u00eda en Aconcagua. <em>\u00abAgradecemos al Gobierno Regional que nos hizo un aporte importante de veh\u00edculos y tambi\u00e9n un aporte importante que se ha realizado a trav\u00e9s del Ministerio del Interior y Fondos Sectoriales. Nosotros en el \u00faltimo mes recibimos 23 veh\u00edculos, ahora viene otra entrega m\u00e1s. \u00bfCu\u00e1l es la mejor forma de reforzar? Es generando los proyectos y las iniciativas de quienes correspondan, para poder hacer esta entrega de recursos, que a nosotros nos permita poder ir renovando y mejorando nuestro parque vehicular, que es fundamental, todo se mueve por las v\u00edas y nosotros obviamente para poder tener mejores condiciones y mejores tiempos de respuesta, tambi\u00e9n requerimos contar con veh\u00edculos que est\u00e9n a la altura de las necesidades actuales\u00bb<\/em>, concluy\u00f3 Claudio Saavedra.<\/p>\n<figure id=\"attachment_119653\" aria-describedby=\"caption-attachment-119653\" style=\"width: 700px\" class=\"wp-caption alignnone\"><img data-recalc-dims=\"1\" loading=\"lazy\" decoding=\"async\" class=\"size-full wp-image-119653\" src=\"https:\/\/i0.wp.com\/eltrabajo.cl\/portal\/wp-content\/uploads\/2023\/01\/dotacion-policial.jpg?resize=640%2C487&#038;ssl=1\" alt=\"Parte de los nuevos 34 efectivos de Carabineros, presentados este martes en la Plaza C\u00edvica de San Felipe.\" width=\"640\" height=\"487\" srcset=\"https:\/\/i0.wp.com\/eltrabajo.cl\/portal\/wp-content\/uploads\/2023\/01\/dotacion-policial.jpg?w=700&amp;ssl=1 700w, https:\/\/i0.wp.com\/eltrabajo.cl\/portal\/wp-content\/uploads\/2023\/01\/dotacion-policial.jpg?resize=300%2C228&amp;ssl=1 300w, https:\/\/i0.wp.com\/eltrabajo.cl\/portal\/wp-content\/uploads\/2023\/01\/dotacion-policial.jpg?resize=197%2C150&amp;ssl=1 197w, https:\/\/i0.wp.com\/eltrabajo.cl\/portal\/wp-content\/uploads\/2023\/01\/dotacion-policial.jpg?resize=696%2C530&amp;ssl=1 696w\" sizes=\"auto, (max-width: 640px) 100vw, 640px\" \/><figcaption id=\"caption-attachment-119653\" class=\"wp-caption-text\">Parte de los nuevos 34 efectivos de Carabineros, presentados este martes en la Plaza C\u00edvica de San Felipe.<\/figcaption><\/figure>\n","protected":false},"excerpt":{"rendered":"<p>Provincias de San Felipe, Los Andes y Petorca: Un total de 34 efectivos policiales arribaron a la Prefectura de Carabineros Aconcagua, los cuales ser\u00e1n destinados a las provincias de San Felipe, Los&#8230;<\/p>\n","protected":false},"author":482,"featured_media":119653,"comment_status":"closed","ping_status":"open","sticky":false,"template":"","format":"standard","meta":{"advanced_seo_description":"","jetpack_seo_html_title":"","jetpack_seo_noindex":false,"_jetpack_memberships_contains_paid_content":false,"footnotes":""},"categories":[103],"tags":[],"class_list":["post-119652","post","type-post","status-publish","format-standard","has-post-thumbnail","hentry","category-cronica-2"],"jetpack_featured_media_url":"https:\/\/i0.wp.com\/eltrabajo.cl\/portal\/wp-content\/uploads\/2023\/01\/dotacion-policial.jpg?fit=700%2C533&ssl=1","jetpack_sharing_enabled":true,"jetpack_likes_enabled":true,"jetpack-related-posts":[],"_links":{"self":[{"href":"https:\/\/eltrabajo.cl\/portal\/wp-json\/wp\/v2\/posts\/119652","targetHints":{"allow":["GET"]}}],"collection":[{"href":"https:\/\/eltrabajo.cl\/portal\/wp-json\/wp\/v2\/posts"}],"about":[{"href":"https:\/\/eltrabajo.cl\/portal\/wp-json\/wp\/v2\/types\/post"}],"author":[{"embeddable":true,"href":"https:\/\/eltrabajo.cl\/portal\/wp-json\/wp\/v2\/users\/482"}],"replies":[{"embeddable":true,"href":"https:\/\/eltrabajo.cl\/portal\/wp-json\/wp\/v2\/comments?post=119652"}],"version-history":[{"count":1,"href":"https:\/\/eltrabajo.cl\/portal\/wp-json\/wp\/v2\/posts\/119652\/revisions"}],"predecessor-version":[{"id":119654,"href":"https:\/\/eltrabajo.cl\/portal\/wp-json\/wp\/v2\/posts\/119652\/revisions\/119654"}],"wp:featuredmedia":[{"embeddable":true,"href":"https:\/\/eltrabajo.cl\/portal\/wp-json\/wp\/v2\/media\/119653"}],"wp:attachment":[{"href":"https:\/\/eltrabajo.cl\/portal\/wp-json\/wp\/v2\/media?parent=119652"}],"wp:term":[{"taxonomy":"category","embeddable":true,"href":"https:\/\/eltrabajo.cl\/portal\/wp-json\/wp\/v2\/categories?post=119652"},{"taxonomy":"post_tag","embeddable":true,"href":"https:\/\/eltrabajo.cl\/portal\/wp-json\/wp\/v2\/tags?post=119652"}],"curies":[{"name":"wp","href":"https:\/\/api.w.org\/{rel}","templated":true}]}}