{"id":119667,"date":"2023-01-25T07:50:46","date_gmt":"2023-01-25T10:50:46","guid":{"rendered":"https:\/\/eltrabajo.cl\/portal\/?p=119667"},"modified":"2023-01-25T00:02:14","modified_gmt":"2023-01-25T03:02:14","slug":"planetario-chile-llega-este-viernes-con-el-universo-en-tu-comunidad","status":"publish","type":"post","link":"https:\/\/eltrabajo.cl\/portal\/planetario-chile-llega-este-viernes-con-el-universo-en-tu-comunidad\/","title":{"rendered":"Planetario Chile llega este viernes con \u2018El Universo en tu Comunidad\u2019"},"content":{"rendered":"<p style=\"text-align: left;\"><span style=\"color: #ff0000;\"><strong>Liceo Corina Urbina:<\/strong><\/span><\/p>\n<ul style=\"text-align: left;\">\n<li><strong>La invitaci\u00f3n es para todo p\u00fablico que desee asistir a disfrutar de cine, concierto bajo las estrellas y observaci\u00f3n del universo a trav\u00e9s de telescopios profesionales.-<\/strong><\/li>\n<\/ul>\n<p style=\"text-align: justify;\">Una cordial invitaci\u00f3n a toda la comunidad sanfelipe\u00f1a a participar en la actividad denominada <strong>\u2018El Universo en tu Comunidad\u2019<\/strong>, que se realizar\u00e1 este viernes 27 de enero en el Liceo Bicentenario Corina Urbina, formul\u00f3 la alcaldesa <strong>Carmen Castillo Taucher<\/strong>.<\/p>\n<p style=\"text-align: justify;\">La actividad es posible gracias a la alianza estrat\u00e9gica entre el Planetario de la Universidad de Santiago, la Junta Nacional de Auxilio Escolar y Becas (Junaeb) y la Municipalidad de San Felipe.<\/p>\n<p style=\"text-align: justify;\">\u2018El universo en tu comunidad\u2019 se iniciar\u00e1 a las 10.00 horas y se extender\u00e1 hasta la 19.00 con exhibici\u00f3n de pel\u00edculas, un concierto bajo las estrellas y observaciones astron\u00f3micas, entre otras actividades.<\/p>\n<p style=\"text-align: justify;\">Acompa\u00f1ada del concejal Guillermo Lillo, la directora de DAEM Natalia Leiva y el director regional de Junaeb, Tom\u00e1s Morales, la alcaldesa Castillo agradeci\u00f3\u00a0\u00a0 por traer a la comuna esta actividad y abog\u00f3 por que muchas personas de todas las edades puedan asistir.<\/p>\n<p style=\"text-align: justify;\">\u00ab<em>Es un tema muy sensible como es el planetario que da cuenta de la importancia de vivir en un mundo. Esta comuna ha sido beneficiada para que la gente pueda asistir con visitas programadas. Estamos muy felices por el hecho de que nos den esta oportunidad para nuestra comunidad\u00bb,<\/em> se\u00f1al\u00f3 la jefa comunal.<\/p>\n<p style=\"text-align: justify;\">La directora de Educaci\u00f3n Municipal, <strong>Natalia Leiva<\/strong>, explic\u00f3 que desde las 10,00 horas de este viernes se estar\u00e1 recibiendo al p\u00fablico asistente.<\/p>\n<p style=\"text-align: justify;\">\u00ab<em>Hay una gran cantidad de actividades durante todo el d\u00eda y la invitaci\u00f3n est\u00e1 abierta para adultos y ni\u00f1os. Tendremos visitas programadas con bloques horarios durante toda la ma\u00f1ana, para finalizar con una pel\u00edcula, luego un maravilloso concierto de piano bajo las estrellas y la observaci\u00f3n a trav\u00e9s de telescopios profesionales\u00bb,<\/em> indic\u00f3 la directora.<\/p>\n<p style=\"text-align: justify;\">En director regional de Junaeb, <strong>Tom\u00e1s Morales<\/strong>, se\u00f1al\u00f3 que ha existido una muy buena coordinaci\u00f3n con el municipio para la realizaci\u00f3n de esta y otras actividades, como fue durante el a\u00f1o 2022 con las Escuelas de Aprendizaje Saludables.<\/p>\n<p style=\"text-align: justify;\">\u00ab<em>En esta oportunidad vamos a ofrecer este planetario que se llama el Universo en tu Comunidad, aprovechando las buenas condiciones de visi\u00f3n que tiene esta comuna\u00bb,<\/em> indic\u00f3 el director.<\/p>\n<p style=\"text-align: justify;\">La directora de la DAEM se\u00f1al\u00f3 que a trav\u00e9s de los medios de comunicaci\u00f3n se dar\u00e1 a conocer el link que permitir\u00e1 la inscripci\u00f3n de ni\u00f1os y adultos que deseen asistir.<\/p>\n<figure id=\"attachment_119668\" aria-describedby=\"caption-attachment-119668\" style=\"width: 699px\" class=\"wp-caption alignnone\"><img data-recalc-dims=\"1\" loading=\"lazy\" decoding=\"async\" class=\"size-full wp-image-119668\" src=\"https:\/\/i0.wp.com\/eltrabajo.cl\/portal\/wp-content\/uploads\/2023\/01\/planetario.jpg?resize=640%2C481&#038;ssl=1\" alt=\"Al centro el director regional de Junaeb, Tom\u00e1s Morales, junto a la alcaldesa Carmen Castillo, la DAEM Natalia Leiva y el concejal Guillermo Lillo.\" width=\"640\" height=\"481\" srcset=\"https:\/\/i0.wp.com\/eltrabajo.cl\/portal\/wp-content\/uploads\/2023\/01\/planetario.jpg?w=699&amp;ssl=1 699w, https:\/\/i0.wp.com\/eltrabajo.cl\/portal\/wp-content\/uploads\/2023\/01\/planetario.jpg?resize=300%2C225&amp;ssl=1 300w, https:\/\/i0.wp.com\/eltrabajo.cl\/portal\/wp-content\/uploads\/2023\/01\/planetario.jpg?resize=200%2C150&amp;ssl=1 200w, https:\/\/i0.wp.com\/eltrabajo.cl\/portal\/wp-content\/uploads\/2023\/01\/planetario.jpg?resize=696%2C523&amp;ssl=1 696w\" sizes=\"auto, (max-width: 640px) 100vw, 640px\" \/><figcaption id=\"caption-attachment-119668\" class=\"wp-caption-text\">Al centro el director regional de Junaeb, Tom\u00e1s Morales, junto a la alcaldesa Carmen Castillo, la DAEM Natalia Leiva y el concejal Guillermo Lillo.<\/figcaption><\/figure>\n","protected":false},"excerpt":{"rendered":"<p>Liceo Corina Urbina: La invitaci\u00f3n es para todo p\u00fablico que desee asistir a disfrutar de cine, concierto bajo las estrellas y observaci\u00f3n del universo a trav\u00e9s de telescopios profesionales.- Una cordial invitaci\u00f3n&#8230;<\/p>\n","protected":false},"author":482,"featured_media":119668,"comment_status":"closed","ping_status":"open","sticky":false,"template":"","format":"standard","meta":{"advanced_seo_description":"","jetpack_seo_html_title":"","jetpack_seo_noindex":false,"_jetpack_memberships_contains_paid_content":false,"footnotes":""},"categories":[103],"tags":[],"class_list":["post-119667","post","type-post","status-publish","format-standard","has-post-thumbnail","hentry","category-cronica-2"],"jetpack_featured_media_url":"https:\/\/i0.wp.com\/eltrabajo.cl\/portal\/wp-content\/uploads\/2023\/01\/planetario.jpg?fit=699%2C525&ssl=1","jetpack_sharing_enabled":true,"jetpack_likes_enabled":true,"jetpack-related-posts":[],"_links":{"self":[{"href":"https:\/\/eltrabajo.cl\/portal\/wp-json\/wp\/v2\/posts\/119667","targetHints":{"allow":["GET"]}}],"collection":[{"href":"https:\/\/eltrabajo.cl\/portal\/wp-json\/wp\/v2\/posts"}],"about":[{"href":"https:\/\/eltrabajo.cl\/portal\/wp-json\/wp\/v2\/types\/post"}],"author":[{"embeddable":true,"href":"https:\/\/eltrabajo.cl\/portal\/wp-json\/wp\/v2\/users\/482"}],"replies":[{"embeddable":true,"href":"https:\/\/eltrabajo.cl\/portal\/wp-json\/wp\/v2\/comments?post=119667"}],"version-history":[{"count":1,"href":"https:\/\/eltrabajo.cl\/portal\/wp-json\/wp\/v2\/posts\/119667\/revisions"}],"predecessor-version":[{"id":119669,"href":"https:\/\/eltrabajo.cl\/portal\/wp-json\/wp\/v2\/posts\/119667\/revisions\/119669"}],"wp:featuredmedia":[{"embeddable":true,"href":"https:\/\/eltrabajo.cl\/portal\/wp-json\/wp\/v2\/media\/119668"}],"wp:attachment":[{"href":"https:\/\/eltrabajo.cl\/portal\/wp-json\/wp\/v2\/media?parent=119667"}],"wp:term":[{"taxonomy":"category","embeddable":true,"href":"https:\/\/eltrabajo.cl\/portal\/wp-json\/wp\/v2\/categories?post=119667"},{"taxonomy":"post_tag","embeddable":true,"href":"https:\/\/eltrabajo.cl\/portal\/wp-json\/wp\/v2\/tags?post=119667"}],"curies":[{"name":"wp","href":"https:\/\/api.w.org\/{rel}","templated":true}]}}