{"id":119670,"date":"2023-01-25T07:54:23","date_gmt":"2023-01-25T10:54:23","guid":{"rendered":"https:\/\/eltrabajo.cl\/portal\/?p=119670"},"modified":"2023-01-25T00:03:39","modified_gmt":"2023-01-25T03:03:39","slug":"micro-de-transporte-de-trabajadores-agricolas-quedo-reducida-a-su-esqueleto","status":"publish","type":"post","link":"https:\/\/eltrabajo.cl\/portal\/micro-de-transporte-de-trabajadores-agricolas-quedo-reducida-a-su-esqueleto\/","title":{"rendered":"Micro de transporte de trabajadores agr\u00edcolas qued\u00f3 reducida a su esqueleto"},"content":{"rendered":"<ul style=\"text-align: justify;\">\n<li style=\"text-align: left;\"><strong>Bomberos combati\u00f3 por largos minutos el incendio del veh\u00edculo ocurrido en la comuna de Panquehue.-<\/strong><\/li>\n<\/ul>\n<p style=\"text-align: justify;\">Un microb\u00fas qued\u00f3 reducido a cenizas luego que comenzara a incendiarse en calle Antofagasta en la comuna de Panquehue. Por causas que a\u00fan son investigadas, el veh\u00edculo comenz\u00f3 a emanar humo y, en cuesti\u00f3n de minutos, el fuego consumi\u00f3 totalmente el veh\u00edculo que era ocupado para la movilizaci\u00f3n de trabajadores agr\u00edcolas.<\/p>\n<p style=\"text-align: justify;\">La emergencia se produjo pasadas las 18:00 horas de ayer martes en la vecina comuna y de inmediato moviliz\u00f3 a personal de Bomberos de Panquehue, a quienes minutos despu\u00e9s se sum\u00f3 personal de San Felipe con dos unidades m\u00e1s para poder combatir el siniestro.<\/p>\n<p style=\"text-align: justify;\">Bomberos de las comunas de Panquehue y San Felipe trabajaron en la emergencia que caus\u00f3 bastante expectaci\u00f3n entre los vecinos del sector, por la gran columna de humo que comenz\u00f3 a emanar con fuerza desde el siniestrado veh\u00edculo. Afortunadamente, y tras largos minutos, adem\u00e1s de contar con el apoyo de varias unidades, voluntarios lograron controlar la emergencia.<\/p>\n<p style=\"text-align: justify;\">El comandante del Cuerpo de Bomberos de San Felipe, <strong>Juan Carlos Herrera Lillo<\/strong>, indic\u00f3 que <em>\u00abla micro result\u00f3 quemada en su totalidad, estamos hablando del cien por ciento\u00bb. <\/em><\/p>\n<p style=\"text-align: justify;\">Hasta el cierre de esta edici\u00f3n no se ha informado de personas que hayan resultado lesionadas a ra\u00edz de este incendio que afect\u00f3 a un microb\u00fas que transportaba a trabajadores agr\u00edcolas y que comenz\u00f3 a arder en calle Antofagasta de la comuna de Panquehue.<\/p>\n<figure id=\"attachment_119671\" aria-describedby=\"caption-attachment-119671\" style=\"width: 699px\" class=\"wp-caption alignnone\"><img data-recalc-dims=\"1\" loading=\"lazy\" decoding=\"async\" class=\"size-full wp-image-119671\" src=\"https:\/\/i0.wp.com\/eltrabajo.cl\/portal\/wp-content\/uploads\/2023\/01\/micro-2.jpg?resize=640%2C360&#038;ssl=1\" alt=\"Reducida a su esqueleto qued\u00f3 la maquina destinada al transporte de trabajadores agr\u00edcolas.\" width=\"640\" height=\"360\" srcset=\"https:\/\/i0.wp.com\/eltrabajo.cl\/portal\/wp-content\/uploads\/2023\/01\/micro-2.jpg?w=699&amp;ssl=1 699w, https:\/\/i0.wp.com\/eltrabajo.cl\/portal\/wp-content\/uploads\/2023\/01\/micro-2.jpg?resize=300%2C169&amp;ssl=1 300w, https:\/\/i0.wp.com\/eltrabajo.cl\/portal\/wp-content\/uploads\/2023\/01\/micro-2.jpg?resize=200%2C112&amp;ssl=1 200w, https:\/\/i0.wp.com\/eltrabajo.cl\/portal\/wp-content\/uploads\/2023\/01\/micro-2.jpg?resize=696%2C391&amp;ssl=1 696w\" sizes=\"auto, (max-width: 640px) 100vw, 640px\" \/><figcaption id=\"caption-attachment-119671\" class=\"wp-caption-text\">Reducida a su esqueleto qued\u00f3 la maquina destinada al transporte de trabajadores agr\u00edcolas.<\/figcaption><\/figure>\n","protected":false},"excerpt":{"rendered":"<p>Bomberos combati\u00f3 por largos minutos el incendio del veh\u00edculo ocurrido en la comuna de Panquehue.- Un microb\u00fas qued\u00f3 reducido a cenizas luego que comenzara a incendiarse en calle Antofagasta en la comuna&#8230;<\/p>\n","protected":false},"author":482,"featured_media":119671,"comment_status":"closed","ping_status":"open","sticky":false,"template":"","format":"standard","meta":{"advanced_seo_description":"","jetpack_seo_html_title":"","jetpack_seo_noindex":false,"_jetpack_memberships_contains_paid_content":false,"footnotes":""},"categories":[21],"tags":[],"class_list":["post-119670","post","type-post","status-publish","format-standard","has-post-thumbnail","hentry","category-policial"],"jetpack_featured_media_url":"https:\/\/i0.wp.com\/eltrabajo.cl\/portal\/wp-content\/uploads\/2023\/01\/micro-2.jpg?fit=699%2C393&ssl=1","jetpack_sharing_enabled":true,"jetpack_likes_enabled":true,"jetpack-related-posts":[],"_links":{"self":[{"href":"https:\/\/eltrabajo.cl\/portal\/wp-json\/wp\/v2\/posts\/119670","targetHints":{"allow":["GET"]}}],"collection":[{"href":"https:\/\/eltrabajo.cl\/portal\/wp-json\/wp\/v2\/posts"}],"about":[{"href":"https:\/\/eltrabajo.cl\/portal\/wp-json\/wp\/v2\/types\/post"}],"author":[{"embeddable":true,"href":"https:\/\/eltrabajo.cl\/portal\/wp-json\/wp\/v2\/users\/482"}],"replies":[{"embeddable":true,"href":"https:\/\/eltrabajo.cl\/portal\/wp-json\/wp\/v2\/comments?post=119670"}],"version-history":[{"count":1,"href":"https:\/\/eltrabajo.cl\/portal\/wp-json\/wp\/v2\/posts\/119670\/revisions"}],"predecessor-version":[{"id":119672,"href":"https:\/\/eltrabajo.cl\/portal\/wp-json\/wp\/v2\/posts\/119670\/revisions\/119672"}],"wp:featuredmedia":[{"embeddable":true,"href":"https:\/\/eltrabajo.cl\/portal\/wp-json\/wp\/v2\/media\/119671"}],"wp:attachment":[{"href":"https:\/\/eltrabajo.cl\/portal\/wp-json\/wp\/v2\/media?parent=119670"}],"wp:term":[{"taxonomy":"category","embeddable":true,"href":"https:\/\/eltrabajo.cl\/portal\/wp-json\/wp\/v2\/categories?post=119670"},{"taxonomy":"post_tag","embeddable":true,"href":"https:\/\/eltrabajo.cl\/portal\/wp-json\/wp\/v2\/tags?post=119670"}],"curies":[{"name":"wp","href":"https:\/\/api.w.org\/{rel}","templated":true}]}}