{"id":119673,"date":"2023-01-25T07:58:47","date_gmt":"2023-01-25T10:58:47","guid":{"rendered":"https:\/\/eltrabajo.cl\/portal\/?p=119673"},"modified":"2023-01-25T00:07:43","modified_gmt":"2023-01-25T03:07:43","slug":"dos-heridos-y-serios-danos-deja-volcamiento-en-navarro-con-chacabuco","status":"publish","type":"post","link":"https:\/\/eltrabajo.cl\/portal\/dos-heridos-y-serios-danos-deja-volcamiento-en-navarro-con-chacabuco\/","title":{"rendered":"Dos heridos y serios da\u00f1os deja volcamiento en Navarro con Chacabuco"},"content":{"rendered":"<ul style=\"text-align: justify;\">\n<li style=\"text-align: left;\"><strong>Conductores de dos veh\u00edculos del mismo color y la misma marca, resultaron con diversas lesiones tras el accidente.-<\/strong><\/li>\n<\/ul>\n<p style=\"text-align: justify;\">Dos personas resultaron heridas tras una violenta colisi\u00f3n registrada ayer en la ma\u00f1ana en la intersecci\u00f3n de la Avenida Chacabuco con Navarro en San Felipe. Los heridos fueron los conductores de ambos veh\u00edculos, dos SUV que coincidentemente corresponden a la misma marca, modelo y color.<\/p>\n<p style=\"text-align: justify;\">Seg\u00fan se pudo conocer en el sitio del suceso, ambos veh\u00edculos, de color blanco, corresponden al modelo Captiva de la marca Chevrolet, uno de los cuales se desplazaba por calle Navarro en direcci\u00f3n Sur a Norte y al llegar a la Avenida Chacabuco colision\u00f3 con la otra Captiva que se desplazaba por esta \u00faltima arteria en direcci\u00f3n Oriente a Poniente.<\/p>\n<p style=\"text-align: justify;\">A consecuencia del fuerte impacto, uno de los m\u00f3viles, el que ven\u00eda por calle Navarro en direcci\u00f3n al Norte, termin\u00f3 volcado al otro lado de la avenida Chacabuco.<\/p>\n<p style=\"text-align: justify;\">Por lo que pudimos apreciar en el sitio del suceso, en los veh\u00edculos aparentemente se desplazaban s\u00f3lo los conductores, quienes fueron atendidos por personal del SAMU que lleg\u00f3 en dos ambulancias al lugar.<\/p>\n<p style=\"text-align: justify;\">Tambi\u00e9n se hizo presente personal de Bomberos de la Cuarta Compa\u00f1\u00eda y Carabineros.<\/p>\n<p style=\"text-align: justify;\">El tr\u00e1nsito se mantuvo suspendido por algunas horas mientras se despejaba la calzada.<\/p>\n<p style=\"text-align: justify;\">Los voluntarios debieron trabajar arduamente para sacar al conductor del veh\u00edculo que volc\u00f3, a quien luego subieron a una camilla para llevarlo a una de las ambulancias. Al ser consultado sobre su estado indic\u00f3 con uno de sus dedos estar bien.<\/p>\n<p style=\"text-align: justify;\">En tanto, el conductor del otro veh\u00edculo permaneci\u00f3 inm\u00f3vil en su asiento hasta que fue sacado por personal del SAMU en una camilla y subido a la ambulancia instalada en el lugar.<\/p>\n<p style=\"text-align: justify;\">Se\u00f1alar, por lo que pudimos apreciar, que ambos conductores estuvieron conscientes en todo momento.<\/p>\n<p style=\"text-align: justify;\">Despu\u00e9s de liberar a los conductores, vino la dif\u00edcil tarea de poner en su posici\u00f3n normal al veh\u00edculo volcado, lo que no pod\u00edan hacer porque una camioneta se encontraba estacionada justo en el lugar, lo que dificultaba la maniobra por el riesgo de da\u00f1arla.<\/p>\n<p style=\"text-align: justify;\">Finalmente lleg\u00f3 una \u2018gr\u00faa cama\u2019 al lugar del accidente con la cual pudieron arrastrar a la Captiva y colocarla en condiciones para de esa manera volverla a su posici\u00f3n normal a pulso entre varias personas, hecho que finalmente ocurri\u00f3 y la Captiva pudo ser retirada en la gr\u00faa cama.<\/p>\n<figure id=\"attachment_119677\" aria-describedby=\"caption-attachment-119677\" style=\"width: 700px\" class=\"wp-caption alignnone\"><img data-recalc-dims=\"1\" loading=\"lazy\" decoding=\"async\" class=\"size-full wp-image-119677\" src=\"https:\/\/i0.wp.com\/eltrabajo.cl\/portal\/wp-content\/uploads\/2023\/01\/Choque-portada.jpg?resize=640%2C471&#038;ssl=1\" alt=\"El volcamientro provoc\u00f3 de inmediato la llegada de numerosos transe\u00fantes hasta el lugar.\" width=\"640\" height=\"471\" srcset=\"https:\/\/i0.wp.com\/eltrabajo.cl\/portal\/wp-content\/uploads\/2023\/01\/Choque-portada.jpg?w=700&amp;ssl=1 700w, https:\/\/i0.wp.com\/eltrabajo.cl\/portal\/wp-content\/uploads\/2023\/01\/Choque-portada.jpg?resize=300%2C221&amp;ssl=1 300w, https:\/\/i0.wp.com\/eltrabajo.cl\/portal\/wp-content\/uploads\/2023\/01\/Choque-portada.jpg?resize=200%2C147&amp;ssl=1 200w, https:\/\/i0.wp.com\/eltrabajo.cl\/portal\/wp-content\/uploads\/2023\/01\/Choque-portada.jpg?resize=696%2C512&amp;ssl=1 696w\" sizes=\"auto, (max-width: 640px) 100vw, 640px\" \/><figcaption id=\"caption-attachment-119677\" class=\"wp-caption-text\">El volcamientro provoc\u00f3 de inmediato la llegada de numerosos transe\u00fantes hasta el lugar.<\/figcaption><\/figure>\n<figure id=\"attachment_119674\" aria-describedby=\"caption-attachment-119674\" style=\"width: 700px\" class=\"wp-caption alignnone\"><img data-recalc-dims=\"1\" loading=\"lazy\" decoding=\"async\" class=\"size-full wp-image-119674\" src=\"https:\/\/i0.wp.com\/eltrabajo.cl\/portal\/wp-content\/uploads\/2023\/01\/choque-1.jpg?resize=640%2C480&#038;ssl=1\" alt=\"El conductor de la Captiva que volc\u00f3 siendo atendido por personal del SAMU.\" width=\"640\" height=\"480\" srcset=\"https:\/\/i0.wp.com\/eltrabajo.cl\/portal\/wp-content\/uploads\/2023\/01\/choque-1.jpg?w=700&amp;ssl=1 700w, https:\/\/i0.wp.com\/eltrabajo.cl\/portal\/wp-content\/uploads\/2023\/01\/choque-1.jpg?resize=300%2C225&amp;ssl=1 300w, https:\/\/i0.wp.com\/eltrabajo.cl\/portal\/wp-content\/uploads\/2023\/01\/choque-1.jpg?resize=200%2C150&amp;ssl=1 200w, https:\/\/i0.wp.com\/eltrabajo.cl\/portal\/wp-content\/uploads\/2023\/01\/choque-1.jpg?resize=696%2C522&amp;ssl=1 696w\" sizes=\"auto, (max-width: 640px) 100vw, 640px\" \/><figcaption id=\"caption-attachment-119674\" class=\"wp-caption-text\">El conductor de la Captiva que volc\u00f3 siendo atendido por personal del SAMU.<\/figcaption><\/figure>\n<figure id=\"attachment_119675\" aria-describedby=\"caption-attachment-119675\" style=\"width: 700px\" class=\"wp-caption alignnone\"><img data-recalc-dims=\"1\" loading=\"lazy\" decoding=\"async\" class=\"size-full wp-image-119675\" src=\"https:\/\/i0.wp.com\/eltrabajo.cl\/portal\/wp-content\/uploads\/2023\/01\/choque-4-2.jpg?resize=640%2C426&#038;ssl=1\" alt=\"Personal del SAMU sacando al conductor de la otra Captiva.\" width=\"640\" height=\"426\" srcset=\"https:\/\/i0.wp.com\/eltrabajo.cl\/portal\/wp-content\/uploads\/2023\/01\/choque-4-2.jpg?w=700&amp;ssl=1 700w, https:\/\/i0.wp.com\/eltrabajo.cl\/portal\/wp-content\/uploads\/2023\/01\/choque-4-2.jpg?resize=300%2C200&amp;ssl=1 300w, https:\/\/i0.wp.com\/eltrabajo.cl\/portal\/wp-content\/uploads\/2023\/01\/choque-4-2.jpg?resize=200%2C133&amp;ssl=1 200w, https:\/\/i0.wp.com\/eltrabajo.cl\/portal\/wp-content\/uploads\/2023\/01\/choque-4-2.jpg?resize=696%2C463&amp;ssl=1 696w\" sizes=\"auto, (max-width: 640px) 100vw, 640px\" \/><figcaption id=\"caption-attachment-119675\" class=\"wp-caption-text\">Personal del SAMU sacando al conductor de la otra Captiva.<\/figcaption><\/figure>\n<figure id=\"attachment_119676\" aria-describedby=\"caption-attachment-119676\" style=\"width: 700px\" class=\"wp-caption alignnone\"><img data-recalc-dims=\"1\" loading=\"lazy\" decoding=\"async\" class=\"size-full wp-image-119676\" src=\"https:\/\/i0.wp.com\/eltrabajo.cl\/portal\/wp-content\/uploads\/2023\/01\/Choque-6.jpg?resize=640%2C491&#038;ssl=1\" alt=\"Personal de Bomberos y civiles, \u2018a pulso\u2019, volviendo la Captiva a su posici\u00f3n normal.\" width=\"640\" height=\"491\" srcset=\"https:\/\/i0.wp.com\/eltrabajo.cl\/portal\/wp-content\/uploads\/2023\/01\/Choque-6.jpg?w=700&amp;ssl=1 700w, https:\/\/i0.wp.com\/eltrabajo.cl\/portal\/wp-content\/uploads\/2023\/01\/Choque-6.jpg?resize=300%2C230&amp;ssl=1 300w, https:\/\/i0.wp.com\/eltrabajo.cl\/portal\/wp-content\/uploads\/2023\/01\/Choque-6.jpg?resize=196%2C150&amp;ssl=1 196w, https:\/\/i0.wp.com\/eltrabajo.cl\/portal\/wp-content\/uploads\/2023\/01\/Choque-6.jpg?resize=696%2C534&amp;ssl=1 696w\" sizes=\"auto, (max-width: 640px) 100vw, 640px\" \/><figcaption id=\"caption-attachment-119676\" class=\"wp-caption-text\">Personal de Bomberos y civiles, \u2018a pulso\u2019, volviendo la Captiva a su posici\u00f3n normal.<\/figcaption><\/figure>\n","protected":false},"excerpt":{"rendered":"<p>Conductores de dos veh\u00edculos del mismo color y la misma marca, resultaron con diversas lesiones tras el accidente.- Dos personas resultaron heridas tras una violenta colisi\u00f3n registrada ayer en la ma\u00f1ana en&#8230;<\/p>\n","protected":false},"author":482,"featured_media":119677,"comment_status":"closed","ping_status":"open","sticky":false,"template":"","format":"standard","meta":{"advanced_seo_description":"","jetpack_seo_html_title":"","jetpack_seo_noindex":false,"_jetpack_memberships_contains_paid_content":false,"footnotes":""},"categories":[21],"tags":[],"class_list":["post-119673","post","type-post","status-publish","format-standard","has-post-thumbnail","hentry","category-policial"],"jetpack_featured_media_url":"https:\/\/i0.wp.com\/eltrabajo.cl\/portal\/wp-content\/uploads\/2023\/01\/Choque-portada.jpg?fit=700%2C515&ssl=1","jetpack_sharing_enabled":true,"jetpack_likes_enabled":true,"jetpack-related-posts":[],"_links":{"self":[{"href":"https:\/\/eltrabajo.cl\/portal\/wp-json\/wp\/v2\/posts\/119673","targetHints":{"allow":["GET"]}}],"collection":[{"href":"https:\/\/eltrabajo.cl\/portal\/wp-json\/wp\/v2\/posts"}],"about":[{"href":"https:\/\/eltrabajo.cl\/portal\/wp-json\/wp\/v2\/types\/post"}],"author":[{"embeddable":true,"href":"https:\/\/eltrabajo.cl\/portal\/wp-json\/wp\/v2\/users\/482"}],"replies":[{"embeddable":true,"href":"https:\/\/eltrabajo.cl\/portal\/wp-json\/wp\/v2\/comments?post=119673"}],"version-history":[{"count":1,"href":"https:\/\/eltrabajo.cl\/portal\/wp-json\/wp\/v2\/posts\/119673\/revisions"}],"predecessor-version":[{"id":119678,"href":"https:\/\/eltrabajo.cl\/portal\/wp-json\/wp\/v2\/posts\/119673\/revisions\/119678"}],"wp:featuredmedia":[{"embeddable":true,"href":"https:\/\/eltrabajo.cl\/portal\/wp-json\/wp\/v2\/media\/119677"}],"wp:attachment":[{"href":"https:\/\/eltrabajo.cl\/portal\/wp-json\/wp\/v2\/media?parent=119673"}],"wp:term":[{"taxonomy":"category","embeddable":true,"href":"https:\/\/eltrabajo.cl\/portal\/wp-json\/wp\/v2\/categories?post=119673"},{"taxonomy":"post_tag","embeddable":true,"href":"https:\/\/eltrabajo.cl\/portal\/wp-json\/wp\/v2\/tags?post=119673"}],"curies":[{"name":"wp","href":"https:\/\/api.w.org\/{rel}","templated":true}]}}