{"id":120513,"date":"2023-03-16T07:35:07","date_gmt":"2023-03-16T10:35:07","guid":{"rendered":"https:\/\/eltrabajo.cl\/portal\/?p=120513"},"modified":"2023-03-16T01:37:45","modified_gmt":"2023-03-16T04:37:45","slug":"lanzan-fondo-concursable-para-centros-de-atencion-a-mujeres-victimas-de-vif","status":"publish","type":"post","link":"https:\/\/eltrabajo.cl\/portal\/lanzan-fondo-concursable-para-centros-de-atencion-a-mujeres-victimas-de-vif\/","title":{"rendered":"Lanzan fondo concursable para Centros de Atenci\u00f3n a Mujeres V\u00edctimas de VIF"},"content":{"rendered":"<ul style=\"text-align: justify;\">\n<li style=\"text-align: left;\"><strong>A partir del 27 de marzo estar\u00e1n disponibles las bases para postular a este fondo en www.gorevalparaiso.cl<\/strong><\/li>\n<\/ul>\n<p style=\"text-align: justify;\">A trav\u00e9s de un trabajo colaborativo con el Servicio Nacional de la Mujer y Equidad de G\u00e9nero de la regi\u00f3n y producto de lo establecido en la Ley N\u00b020.066 sobre Violencia Intrafamiliar, que otorga a beneficio del GORE los recursos provenientes de las multas que sancionan el maltrato constitutivo de Violencia Intrafamiliar, se ha creado con esto un fondo concursable abierto a todos los centros de atenci\u00f3n a mujeres v\u00edctimas de violencia intrafamiliar de la Regi\u00f3n de Valpara\u00edso, que sean entidades u organizaciones con financiamiento p\u00fablico o privado sin fines de lucro.<\/p>\n<p style=\"text-align: justify;\">Las bases estar\u00e1n disponibles a contar el 27 de marzo en el sitio web del Gobierno Regional www.gore valparaiso.cl<\/p>\n<p style=\"text-align: justify;\">El Gobernador Regional, <strong>Rodrigo Mundaca<\/strong>, se\u00f1al\u00f3 que <em>\u00abel a\u00f1o 2022 en la regi\u00f3n de Valpara\u00edso se registraron m\u00e1s de 14 mil 100 denuncias por violencia intrafamiliar, y el 75% de las denuncias afectaban a mujeres; por lo tanto, evidentemente tiene el foco puesto en mujeres fundamentalmente y lo que nosotros hacemos desde el Gobierno Regional es precisamente colocar en la centralidad aquellos grupos prioritarios que requieren la mayor de nuestras atenciones, en particular las mujeres de esta regi\u00f3n, porque no es justo, no es l\u00f3gico y no es propio que hoy d\u00eda exista discriminaci\u00f3n, que el que te quiere te golpea y que existan abusos en materia salarial e igualdad de oportunidades\u00bb.<\/em><\/p>\n<p style=\"text-align: justify;\">Agreg\u00f3 que <em>\u00abpueden postular todos los centros que hoy est\u00e1n dirigidos a la atenci\u00f3n de v\u00edctimas de la violencia intrafamiliar y a partir del d\u00eda 27 el fondo concursable va a estar dispuesto y anidado en las p\u00e1ginas del GORE para que todos puedan concursar por estos fondos. La verdad es que no quisiera que estos fondos existieran, no quiero que hoy d\u00eda la reparaci\u00f3n sea v\u00eda multas, sino que existiera una pol\u00edtica robusta por parte del Estado que pusiera en la centralidad la igualdad de oportunidades y derechos para todas y todos sin discriminaci\u00f3n\u00bb.<\/em><\/p>\n<p style=\"text-align: justify;\">El Gobierno Regional de Valpara\u00edso mantiene un compromiso con la Seremi de la Mujer y Equidad de G\u00e9nero para trabajar en la transversalizaci\u00f3n del enfoque de g\u00e9nero, con lo cual abordan diferentes espacios para el desarrollo de iniciativas; as\u00ed como dar a conocer problem\u00e1ticas y necesidades en la regi\u00f3n.<\/p>\n<p style=\"text-align: justify;\">En este marco es que se desarroll\u00f3 este fondo concursable, respecto a lo cual la Seremi de la Mujer y Equidad de G\u00e9nero, <strong>Camila Lazo<\/strong>, indic\u00f3: <em>\u00abLa violencia intrafamiliar es el tercer delito con mayor frecuencia a lo largo de las provincias, por lo tanto, es algo por lo que tenemos que seguir articulando todas las actor\u00edas pol\u00edticas necesarias. A prop\u00f3sito de lo que ten\u00eda que ver con los fondos de las multas VIF, es un fondo que no nos gustar\u00eda que existiera, pero tenemos tambi\u00e9n que llevar adelante con el compromiso de poder fortalecer tanto los equipos de los centros de la mujer como de las organizaciones que d\u00eda a d\u00eda est\u00e1n trabajando, a veces 24\/7, por apoyar a mujer en el camino de la denuncia, para poder dar las primeras atenciones, las primeras acogidas, por lo cual como Gobierno hemos puesto la urgencia en el proyecto de ley integral, porque necesitamos que un Estado sea garante y que tambi\u00e9n tenga un marco integral acerca de c\u00f3mo prevenir, erradicar y sancionar la violencia contra las mujeres\u00bb.<\/em><\/p>\n<figure id=\"attachment_120514\" aria-describedby=\"caption-attachment-120514\" style=\"width: 698px\" class=\"wp-caption alignnone\"><img data-recalc-dims=\"1\" loading=\"lazy\" decoding=\"async\" class=\"size-full wp-image-120514\" src=\"https:\/\/i0.wp.com\/eltrabajo.cl\/portal\/wp-content\/uploads\/2023\/03\/gobernador-rodrigo-mundaca.jpg?resize=640%2C428&#038;ssl=1\" alt=\"Gobernador regional Rodrigo Mundaca.\" width=\"640\" height=\"428\" srcset=\"https:\/\/i0.wp.com\/eltrabajo.cl\/portal\/wp-content\/uploads\/2023\/03\/gobernador-rodrigo-mundaca.jpg?w=698&amp;ssl=1 698w, https:\/\/i0.wp.com\/eltrabajo.cl\/portal\/wp-content\/uploads\/2023\/03\/gobernador-rodrigo-mundaca.jpg?resize=300%2C201&amp;ssl=1 300w, https:\/\/i0.wp.com\/eltrabajo.cl\/portal\/wp-content\/uploads\/2023\/03\/gobernador-rodrigo-mundaca.jpg?resize=200%2C134&amp;ssl=1 200w, https:\/\/i0.wp.com\/eltrabajo.cl\/portal\/wp-content\/uploads\/2023\/03\/gobernador-rodrigo-mundaca.jpg?resize=696%2C466&amp;ssl=1 696w\" sizes=\"auto, (max-width: 640px) 100vw, 640px\" \/><figcaption id=\"caption-attachment-120514\" class=\"wp-caption-text\">Gobernador regional Rodrigo Mundaca.<\/figcaption><\/figure>\n<figure id=\"attachment_120515\" aria-describedby=\"caption-attachment-120515\" style=\"width: 698px\" class=\"wp-caption alignnone\"><img data-recalc-dims=\"1\" loading=\"lazy\" decoding=\"async\" class=\"size-full wp-image-120515\" src=\"https:\/\/i0.wp.com\/eltrabajo.cl\/portal\/wp-content\/uploads\/2023\/03\/VIF.jpg?resize=640%2C356&#038;ssl=1\" alt=\"Aunque existe consenso generalizado en que no es posible tolerar la violencia contra las mujeres, la violencia intrafamiliar es un fen\u00f3meno que no se detiene. (Imagen referencial)\" width=\"640\" height=\"356\" srcset=\"https:\/\/i0.wp.com\/eltrabajo.cl\/portal\/wp-content\/uploads\/2023\/03\/VIF.jpg?w=698&amp;ssl=1 698w, https:\/\/i0.wp.com\/eltrabajo.cl\/portal\/wp-content\/uploads\/2023\/03\/VIF.jpg?resize=300%2C167&amp;ssl=1 300w, https:\/\/i0.wp.com\/eltrabajo.cl\/portal\/wp-content\/uploads\/2023\/03\/VIF.jpg?resize=200%2C111&amp;ssl=1 200w, https:\/\/i0.wp.com\/eltrabajo.cl\/portal\/wp-content\/uploads\/2023\/03\/VIF.jpg?resize=696%2C387&amp;ssl=1 696w\" sizes=\"auto, (max-width: 640px) 100vw, 640px\" \/><figcaption id=\"caption-attachment-120515\" class=\"wp-caption-text\">Aunque existe consenso generalizado en que no es posible tolerar la violencia contra las mujeres, la violencia intrafamiliar es un fen\u00f3meno que no se detiene. (Imagen referencial)<\/figcaption><\/figure>\n","protected":false},"excerpt":{"rendered":"<p>A partir del 27 de marzo estar\u00e1n disponibles las bases para postular a este fondo en www.gorevalparaiso.cl A trav\u00e9s de un trabajo colaborativo con el Servicio Nacional de la Mujer y Equidad&#8230;<\/p>\n","protected":false},"author":482,"featured_media":120515,"comment_status":"closed","ping_status":"open","sticky":false,"template":"","format":"standard","meta":{"advanced_seo_description":"","jetpack_seo_html_title":"","jetpack_seo_noindex":false,"_jetpack_memberships_contains_paid_content":false,"footnotes":""},"categories":[103],"tags":[],"class_list":["post-120513","post","type-post","status-publish","format-standard","has-post-thumbnail","hentry","category-cronica-2"],"jetpack_featured_media_url":"https:\/\/i0.wp.com\/eltrabajo.cl\/portal\/wp-content\/uploads\/2023\/03\/VIF.jpg?fit=698%2C388&ssl=1","jetpack_sharing_enabled":true,"jetpack_likes_enabled":true,"jetpack-related-posts":[],"_links":{"self":[{"href":"https:\/\/eltrabajo.cl\/portal\/wp-json\/wp\/v2\/posts\/120513","targetHints":{"allow":["GET"]}}],"collection":[{"href":"https:\/\/eltrabajo.cl\/portal\/wp-json\/wp\/v2\/posts"}],"about":[{"href":"https:\/\/eltrabajo.cl\/portal\/wp-json\/wp\/v2\/types\/post"}],"author":[{"embeddable":true,"href":"https:\/\/eltrabajo.cl\/portal\/wp-json\/wp\/v2\/users\/482"}],"replies":[{"embeddable":true,"href":"https:\/\/eltrabajo.cl\/portal\/wp-json\/wp\/v2\/comments?post=120513"}],"version-history":[{"count":1,"href":"https:\/\/eltrabajo.cl\/portal\/wp-json\/wp\/v2\/posts\/120513\/revisions"}],"predecessor-version":[{"id":120516,"href":"https:\/\/eltrabajo.cl\/portal\/wp-json\/wp\/v2\/posts\/120513\/revisions\/120516"}],"wp:featuredmedia":[{"embeddable":true,"href":"https:\/\/eltrabajo.cl\/portal\/wp-json\/wp\/v2\/media\/120515"}],"wp:attachment":[{"href":"https:\/\/eltrabajo.cl\/portal\/wp-json\/wp\/v2\/media?parent=120513"}],"wp:term":[{"taxonomy":"category","embeddable":true,"href":"https:\/\/eltrabajo.cl\/portal\/wp-json\/wp\/v2\/categories?post=120513"},{"taxonomy":"post_tag","embeddable":true,"href":"https:\/\/eltrabajo.cl\/portal\/wp-json\/wp\/v2\/tags?post=120513"}],"curies":[{"name":"wp","href":"https:\/\/api.w.org\/{rel}","templated":true}]}}