{"id":120527,"date":"2023-03-16T07:54:14","date_gmt":"2023-03-16T10:54:14","guid":{"rendered":"https:\/\/eltrabajo.cl\/portal\/?p=120527"},"modified":"2023-03-16T01:45:19","modified_gmt":"2023-03-16T04:45:19","slug":"tras-45-anos-la-fiesta-de-la-vendimia-regresa-al-palacio-hacienda-de-quilpue","status":"publish","type":"post","link":"https:\/\/eltrabajo.cl\/portal\/tras-45-anos-la-fiesta-de-la-vendimia-regresa-al-palacio-hacienda-de-quilpue\/","title":{"rendered":"Tras 45 a\u00f1os la Fiesta de la Vendimia regresa al Palacio Hacienda de Quilpu\u00e9"},"content":{"rendered":"<ul style=\"text-align: justify;\">\n<li style=\"text-align: left;\"><strong>La tradicional celebraci\u00f3n se realizar\u00e1 los d\u00edas 1 y 2 de abril con entrada gratuita para todo el p\u00fablico, que podr\u00e1 disfrutar desde las 12 horas de la exposici\u00f3n de vi\u00f1ateros, artesanos y emprendedores, adem\u00e1s del espect\u00e1culo musical que comenzar\u00e1 a las 18.30 horas y tendr\u00e1 a los artistas nacionales Los Jaivas, Mar\u00eda Jos\u00e9 Quintanilla y la S\u00faper Banda Tropikal de Vallenar.-<\/strong><\/li>\n<\/ul>\n<p style=\"text-align: justify;\">Rescatando una de las tradiciones m\u00e1s significativas de la comuna y del Valle de Aconcagua, este a\u00f1o San Felipe revivir\u00e1 la Fiesta de la Vendimia en uno de los lugares m\u00e1s caracter\u00edsticos de la cosecha de uva para licor en la d\u00e9cada del 70: El Palacio Hacienda de Quilpu\u00e9 ser\u00e1 el escenario donde el 1 y 2 de abril se presentar\u00e1n Vi\u00f1as de distintas partes del pa\u00eds, as\u00ed como tambi\u00e9n artistas nacionales de la talla de Los Jaivas, Mar\u00eda Jos\u00e9 Quintanilla y La Banda Tropikal de Vallenar.<\/p>\n<p style=\"text-align: justify;\">El evento fue anunciado este mi\u00e9rcoles por la alcaldesa Carmen Castillo Taucher, quien acompa\u00f1ada del concejal Basilio Muena, del administrador municipal Hern\u00e1n Herrera y la directora de Desarrollo Comunitario, Mar\u00eda Teresa Urbina Hern\u00e1ndez, recorrieron los distintos sectores del terreno donde se desarrollar\u00e1 la Fiesta de la Vendimia 2023.<\/p>\n<p style=\"text-align: justify;\">\u00ab<em>Una tradici\u00f3n de m\u00e1s de 60 a\u00f1os, una fiesta cultural, folcl\u00f3rica, que se gest\u00f3 en este lugar y que hoy tenemos la posibilidad de reeditar con parte de esta historia, con los vi\u00f1ateros y recordando a las temporeras y temporeros que participaron de la vendimia hace 60 a\u00f1os\u00bb,<\/em> puntualiz\u00f3 la alcaldesa <strong>Carmen Castillo<\/strong>.<\/p>\n<p style=\"text-align: justify;\">La jefa comunal agradeci\u00f3 a Ra\u00fal Rubilar, actual propietario del terreno donde se encuentran las ruinas del Palacio Hacienda de Quilpu\u00e9, hoy \u2018Parque Palacio\u2019, quien ha limpiado el lugar, lo ha remozado y abierto a la comunidad para este tipo de actividades culturales.<\/p>\n<p style=\"text-align: justify;\">\u00ab<em>Don Ra\u00fal ha hecho un trabajo importante de recuperaci\u00f3n de lo que era este sector, que es emblem\u00e1tico para la comuna, este es uno de los lugares hist\u00f3ricos de San Felipe, por lo tanto, su conservaci\u00f3n y protecci\u00f3n es algo que nosotros agradecemos y esperamos siga fortaleci\u00e9ndose\u00bb,<\/em> agreg\u00f3 la alcaldesa.<\/p>\n<p style=\"text-align: justify;\">El concejal <strong>Basilio Muena<\/strong>, respald\u00f3 los dichos de la m\u00e1xima autoridad comunal, argumentando que <em>\u00abesta alianza con particulares nos permite poder desarrollar y traer de vuelta, esta hist\u00f3rica actividad, as\u00ed que estamos muy contentos y nosotros como concejo junto con la administraci\u00f3n nos hemos preocupado de diversificar la cultura recorriendo el territorio\u00bb.<\/em><\/p>\n<p style=\"text-align: justify;\">El propietario del terreno, <strong>Ra\u00fal Rubilar<\/strong>, se mostr\u00f3 satisfecho de haber establecido esta alianza con la Municipalidad de San Felipe, que en definitiva beneficia a la comunidad y manifest\u00f3 que<em> \u00abse present\u00f3 la posibilidad y se hizo, pero nunca imagin\u00e9 que servir\u00eda para recordar la vendimia\u00bb.<\/em><\/p>\n<p style=\"text-align: justify;\">La directora de Desarrollo Comunitario, <strong>Mar\u00eda Teresa Urbina Hern\u00e1ndez<\/strong>, anunci\u00f3 que, adem\u00e1s de las presentaciones art\u00edsticas, habr\u00e1 exposici\u00f3n de vi\u00f1ateros, productores del Mercado Campesino de Prodesal, foodtrucks y espacio para 20 emprendedores y\/o artesanos.<\/p>\n<p style=\"text-align: justify;\">\u00ab<em>Los interesados deben acercarse a la Oficina de Turismo ubicada en el Conjunto Patrimonial Buen Pastor, hasta el d\u00eda 20, para poder retirar las bases, no tiene costo, posterior a eso nosotros hacemos una evaluaci\u00f3n y selecci\u00f3n para posteriormente informar quienes son los seleccionados para exponer y comercializar sus productos\u00bb,<\/em> apunt\u00f3 la Dideco.<\/p>\n<p style=\"text-align: justify;\">Respecto al show art\u00edstico, la profesional advirti\u00f3 que para ambas jornadas, el inicio de las presentaciones est\u00e1 programado a las 18.30 horas: <em>\u00abEl primero <\/em>(de abril)<em> vamos a tener al ballet folcl\u00f3rico San Felipe de Aconcagua, la Banda Nueva Gran Sonora, Mar\u00eda Jos\u00e9 Quintanilla y la Banda Tropikal de Vallenar. Y el segundo d\u00eda abrir\u00e1 nuevamente nuestro Ballet Folcl\u00f3rico, despu\u00e9s tenemos la presentaci\u00f3n de Illaran\u00ed, un show de \u2018chinchineros\u2019 y el plato fuerte de ese d\u00eda ser\u00e1n Los Jaivas\u00bb.<\/em><\/p>\n<p style=\"text-align: justify;\">Cabe destacar que ambos d\u00edas, la exposici\u00f3n de vi\u00f1ateros y la feria de emprendedores y artesanos estar\u00e1 abierta al p\u00fablico desde las 12 horas y que la organizaci\u00f3n del evento tiene un costo cercano a los $70 millones, de los cuales, 56 son financiados por el municipio y 12 corresponden al 7% de la Cultura y las Artes del Gobierno Regional.<\/p>\n<figure id=\"attachment_120528\" aria-describedby=\"caption-attachment-120528\" style=\"width: 698px\" class=\"wp-caption alignnone\"><img data-recalc-dims=\"1\" loading=\"lazy\" decoding=\"async\" class=\"size-full wp-image-120528\" src=\"https:\/\/i0.wp.com\/eltrabajo.cl\/portal\/wp-content\/uploads\/2023\/03\/vendimia-hacienda-1.jpg?resize=640%2C360&#038;ssl=1\" alt=\"Este a\u00f1o vuelve la Fiesta de la Vendimia al Palacio Hacienda de Quilpu\u00e9, el cual luce un notable proceso de recuperaci\u00f3n que ha iniciado su actual propietario.\" width=\"640\" height=\"360\" srcset=\"https:\/\/i0.wp.com\/eltrabajo.cl\/portal\/wp-content\/uploads\/2023\/03\/vendimia-hacienda-1.jpg?w=698&amp;ssl=1 698w, https:\/\/i0.wp.com\/eltrabajo.cl\/portal\/wp-content\/uploads\/2023\/03\/vendimia-hacienda-1.jpg?resize=300%2C169&amp;ssl=1 300w, https:\/\/i0.wp.com\/eltrabajo.cl\/portal\/wp-content\/uploads\/2023\/03\/vendimia-hacienda-1.jpg?resize=200%2C113&amp;ssl=1 200w, https:\/\/i0.wp.com\/eltrabajo.cl\/portal\/wp-content\/uploads\/2023\/03\/vendimia-hacienda-1.jpg?resize=696%2C392&amp;ssl=1 696w\" sizes=\"auto, (max-width: 640px) 100vw, 640px\" \/><figcaption id=\"caption-attachment-120528\" class=\"wp-caption-text\">Este a\u00f1o vuelve la Fiesta de la Vendimia al Palacio Hacienda de Quilpu\u00e9, el cual luce un notable proceso de recuperaci\u00f3n que ha iniciado su actual propietario.<\/figcaption><\/figure>\n<figure id=\"attachment_120529\" aria-describedby=\"caption-attachment-120529\" style=\"width: 699px\" class=\"wp-caption alignnone\"><img data-recalc-dims=\"1\" loading=\"lazy\" decoding=\"async\" class=\"size-full wp-image-120529\" src=\"https:\/\/i0.wp.com\/eltrabajo.cl\/portal\/wp-content\/uploads\/2023\/03\/vendimia-hacienda-2.jpg?resize=640%2C427&#038;ssl=1\" alt=\"El anuncio se realiz\u00f3 en el mismo \u2018Parque Palacio\u2019, con presencia del propietario del recinto adem\u00e1s de la alcaldesa Carmen Castillo y a otras autoridades.\" width=\"640\" height=\"427\" srcset=\"https:\/\/i0.wp.com\/eltrabajo.cl\/portal\/wp-content\/uploads\/2023\/03\/vendimia-hacienda-2.jpg?w=699&amp;ssl=1 699w, https:\/\/i0.wp.com\/eltrabajo.cl\/portal\/wp-content\/uploads\/2023\/03\/vendimia-hacienda-2.jpg?resize=300%2C200&amp;ssl=1 300w, https:\/\/i0.wp.com\/eltrabajo.cl\/portal\/wp-content\/uploads\/2023\/03\/vendimia-hacienda-2.jpg?resize=200%2C133&amp;ssl=1 200w, https:\/\/i0.wp.com\/eltrabajo.cl\/portal\/wp-content\/uploads\/2023\/03\/vendimia-hacienda-2.jpg?resize=696%2C464&amp;ssl=1 696w\" sizes=\"auto, (max-width: 640px) 100vw, 640px\" \/><figcaption id=\"caption-attachment-120529\" class=\"wp-caption-text\">El anuncio se realiz\u00f3 en el mismo \u2018Parque Palacio\u2019, con presencia del propietario del recinto adem\u00e1s de la alcaldesa Carmen Castillo y a otras autoridades.<\/figcaption><\/figure>\n<figure id=\"attachment_120530\" aria-describedby=\"caption-attachment-120530\" style=\"width: 699px\" class=\"wp-caption alignnone\"><img data-recalc-dims=\"1\" loading=\"lazy\" decoding=\"async\" class=\"size-full wp-image-120530\" src=\"https:\/\/i0.wp.com\/eltrabajo.cl\/portal\/wp-content\/uploads\/2023\/03\/vendimia-hacienda-4.jpg?resize=640%2C363&#038;ssl=1\" alt=\"El propietario del parque, Ra\u00fal Rubilar (derecha), junto a la alcaldesa Castillo y el concejal Muena.\" width=\"640\" height=\"363\" srcset=\"https:\/\/i0.wp.com\/eltrabajo.cl\/portal\/wp-content\/uploads\/2023\/03\/vendimia-hacienda-4.jpg?w=699&amp;ssl=1 699w, https:\/\/i0.wp.com\/eltrabajo.cl\/portal\/wp-content\/uploads\/2023\/03\/vendimia-hacienda-4.jpg?resize=300%2C170&amp;ssl=1 300w, https:\/\/i0.wp.com\/eltrabajo.cl\/portal\/wp-content\/uploads\/2023\/03\/vendimia-hacienda-4.jpg?resize=200%2C114&amp;ssl=1 200w, https:\/\/i0.wp.com\/eltrabajo.cl\/portal\/wp-content\/uploads\/2023\/03\/vendimia-hacienda-4.jpg?resize=696%2C395&amp;ssl=1 696w\" sizes=\"auto, (max-width: 640px) 100vw, 640px\" \/><figcaption id=\"caption-attachment-120530\" class=\"wp-caption-text\">El propietario del parque, Ra\u00fal Rubilar (derecha), junto a la alcaldesa Castillo y el concejal Muena.<\/figcaption><\/figure>\n","protected":false},"excerpt":{"rendered":"<p>La tradicional celebraci\u00f3n se realizar\u00e1 los d\u00edas 1 y 2 de abril con entrada gratuita para todo el p\u00fablico, que podr\u00e1 disfrutar desde las 12 horas de la exposici\u00f3n de vi\u00f1ateros, artesanos&#8230;<\/p>\n","protected":false},"author":482,"featured_media":120528,"comment_status":"closed","ping_status":"open","sticky":false,"template":"","format":"standard","meta":{"advanced_seo_description":"","jetpack_seo_html_title":"","jetpack_seo_noindex":false,"_jetpack_memberships_contains_paid_content":false,"footnotes":""},"categories":[103],"tags":[],"class_list":["post-120527","post","type-post","status-publish","format-standard","has-post-thumbnail","hentry","category-cronica-2"],"jetpack_featured_media_url":"https:\/\/i0.wp.com\/eltrabajo.cl\/portal\/wp-content\/uploads\/2023\/03\/vendimia-hacienda-1.jpg?fit=698%2C393&ssl=1","jetpack_sharing_enabled":true,"jetpack_likes_enabled":true,"jetpack-related-posts":[],"_links":{"self":[{"href":"https:\/\/eltrabajo.cl\/portal\/wp-json\/wp\/v2\/posts\/120527","targetHints":{"allow":["GET"]}}],"collection":[{"href":"https:\/\/eltrabajo.cl\/portal\/wp-json\/wp\/v2\/posts"}],"about":[{"href":"https:\/\/eltrabajo.cl\/portal\/wp-json\/wp\/v2\/types\/post"}],"author":[{"embeddable":true,"href":"https:\/\/eltrabajo.cl\/portal\/wp-json\/wp\/v2\/users\/482"}],"replies":[{"embeddable":true,"href":"https:\/\/eltrabajo.cl\/portal\/wp-json\/wp\/v2\/comments?post=120527"}],"version-history":[{"count":1,"href":"https:\/\/eltrabajo.cl\/portal\/wp-json\/wp\/v2\/posts\/120527\/revisions"}],"predecessor-version":[{"id":120531,"href":"https:\/\/eltrabajo.cl\/portal\/wp-json\/wp\/v2\/posts\/120527\/revisions\/120531"}],"wp:featuredmedia":[{"embeddable":true,"href":"https:\/\/eltrabajo.cl\/portal\/wp-json\/wp\/v2\/media\/120528"}],"wp:attachment":[{"href":"https:\/\/eltrabajo.cl\/portal\/wp-json\/wp\/v2\/media?parent=120527"}],"wp:term":[{"taxonomy":"category","embeddable":true,"href":"https:\/\/eltrabajo.cl\/portal\/wp-json\/wp\/v2\/categories?post=120527"},{"taxonomy":"post_tag","embeddable":true,"href":"https:\/\/eltrabajo.cl\/portal\/wp-json\/wp\/v2\/tags?post=120527"}],"curies":[{"name":"wp","href":"https:\/\/api.w.org\/{rel}","templated":true}]}}