{"id":120618,"date":"2023-03-21T07:30:47","date_gmt":"2023-03-21T10:30:47","guid":{"rendered":"https:\/\/eltrabajo.cl\/portal\/?p=120618"},"modified":"2023-03-21T01:04:52","modified_gmt":"2023-03-21T04:04:52","slug":"alcaldes-de-la-provincia-participan-en-reunion-con-ministro-de-educacion","status":"publish","type":"post","link":"https:\/\/eltrabajo.cl\/portal\/alcaldes-de-la-provincia-participan-en-reunion-con-ministro-de-educacion\/","title":{"rendered":"Alcaldes de la provincia participan en reuni\u00f3n con ministro de Educaci\u00f3n"},"content":{"rendered":"<p style=\"text-align: justify;\">Diversos temas relacionados con el servicio educacional, en materia de financiamiento, incentivo al retiro, infraestructura y otros aspectos de gran impacto para las escuelas y liceos, fueron los que abordaron la alcaldesa Carmen Castillo y sus pares de Santa Mar\u00eda, Panquehue y Catemu, con el Ministro de Educaci\u00f3n Marco Antonio \u00c1vila.<\/p>\n<p style=\"text-align: justify;\">Acompa\u00f1ados del diputado Nelson Venegas, llegaron los jefes comunales para exponer las principales problem\u00e1ticas que enfrentan, ocasi\u00f3n en la que tambi\u00e9n agradecieron al secretario de Estado, por el inter\u00e9s de avanzar en la conservaci\u00f3n y mejoramiento de establecimientos educacionales.<\/p>\n<p style=\"text-align: justify;\">La alcaldesa <strong>Carmen Castillo Taucher<\/strong> destac\u00f3 que en la reuni\u00f3n <em>\u00ababordamos temas que tienen que ver con la problem\u00e1tica del FAEP <\/em>(Fondo de Apoyo a la Educaci\u00f3n P\u00fablica),<em> pues cada vez est\u00e1n llegando menos recursos y el ministro nos dijo que este a\u00f1o tendr\u00e1 un repunte, adem\u00e1s de lo que ocurre con el incentivo al retiro, ya que muchos funcionarios est\u00e1n a la espera de una soluci\u00f3n para retirarse como corresponde de la educaci\u00f3n municipal\u00bb,<\/em> se\u00f1al\u00f3 la jefa comunal.<\/p>\n<p style=\"text-align: justify;\">Asimismo, Castillo agradeci\u00f3 al diputado Nelson Venegas por esta gesti\u00f3n que les permiti\u00f3 reunirse con el ministro \u00c1vila, <em>\u00abpues pudimos compartir y conversar en torno a temas complejos, y muchas veces se piensa que esos problemas solo los tenemos en un municipio y no es as\u00ed, son situaciones comunes con los otros municipios de la provincia de San Felipe. El ver la preocupaci\u00f3n del se\u00f1or ministro y una posible soluci\u00f3n, nos alegra mucho, pues nuestra educaci\u00f3n municipal tenemos que fortalecerla\u00bb.<\/em><\/p>\n<figure id=\"attachment_120620\" aria-describedby=\"caption-attachment-120620\" style=\"width: 698px\" class=\"wp-caption alignnone\"><img data-recalc-dims=\"1\" loading=\"lazy\" decoding=\"async\" class=\"size-full wp-image-120620\" src=\"https:\/\/i0.wp.com\/eltrabajo.cl\/portal\/wp-content\/uploads\/2023\/03\/mo-educacion-alcaldes2.jpg?resize=640%2C457&#038;ssl=1\" alt=\"Los ediles expusieron las principales problem\u00e1ticas que enfrentan.\" width=\"640\" height=\"457\" srcset=\"https:\/\/i0.wp.com\/eltrabajo.cl\/portal\/wp-content\/uploads\/2023\/03\/mo-educacion-alcaldes2.jpg?w=698&amp;ssl=1 698w, https:\/\/i0.wp.com\/eltrabajo.cl\/portal\/wp-content\/uploads\/2023\/03\/mo-educacion-alcaldes2.jpg?resize=300%2C214&amp;ssl=1 300w, https:\/\/i0.wp.com\/eltrabajo.cl\/portal\/wp-content\/uploads\/2023\/03\/mo-educacion-alcaldes2.jpg?resize=200%2C143&amp;ssl=1 200w, https:\/\/i0.wp.com\/eltrabajo.cl\/portal\/wp-content\/uploads\/2023\/03\/mo-educacion-alcaldes2.jpg?resize=696%2C497&amp;ssl=1 696w\" sizes=\"auto, (max-width: 640px) 100vw, 640px\" \/><figcaption id=\"caption-attachment-120620\" class=\"wp-caption-text\">Los ediles expusieron las principales problem\u00e1ticas que enfrentan.<\/figcaption><\/figure>\n<figure id=\"attachment_120619\" aria-describedby=\"caption-attachment-120619\" style=\"width: 700px\" class=\"wp-caption alignnone\"><img data-recalc-dims=\"1\" loading=\"lazy\" decoding=\"async\" class=\"size-full wp-image-120619\" src=\"https:\/\/i0.wp.com\/eltrabajo.cl\/portal\/wp-content\/uploads\/2023\/03\/mo-educacion-alcaldes.jpg?resize=640%2C480&#038;ssl=1\" alt=\"Alcaldes de San Felipe, Santa Mar\u00eda, Panquehue y Catemu, junto al Ministro de Educaci\u00f3n Marco Antonio \u00c1vila y el diputado Nelson Venegas.\" width=\"640\" height=\"480\" srcset=\"https:\/\/i0.wp.com\/eltrabajo.cl\/portal\/wp-content\/uploads\/2023\/03\/mo-educacion-alcaldes.jpg?w=700&amp;ssl=1 700w, https:\/\/i0.wp.com\/eltrabajo.cl\/portal\/wp-content\/uploads\/2023\/03\/mo-educacion-alcaldes.jpg?resize=300%2C225&amp;ssl=1 300w, https:\/\/i0.wp.com\/eltrabajo.cl\/portal\/wp-content\/uploads\/2023\/03\/mo-educacion-alcaldes.jpg?resize=200%2C150&amp;ssl=1 200w, https:\/\/i0.wp.com\/eltrabajo.cl\/portal\/wp-content\/uploads\/2023\/03\/mo-educacion-alcaldes.jpg?resize=696%2C522&amp;ssl=1 696w\" sizes=\"auto, (max-width: 640px) 100vw, 640px\" \/><figcaption id=\"caption-attachment-120619\" class=\"wp-caption-text\">Alcaldes de San Felipe, Santa Mar\u00eda, Panquehue y Catemu, junto al Ministro de Educaci\u00f3n Marco Antonio \u00c1vila y el diputado Nelson Venegas.<\/figcaption><\/figure>\n","protected":false},"excerpt":{"rendered":"<p>Diversos temas relacionados con el servicio educacional, en materia de financiamiento, incentivo al retiro, infraestructura y otros aspectos de gran impacto para las escuelas y liceos, fueron los que abordaron la alcaldesa&#8230;<\/p>\n","protected":false},"author":482,"featured_media":120620,"comment_status":"closed","ping_status":"open","sticky":false,"template":"","format":"standard","meta":{"advanced_seo_description":"","jetpack_seo_html_title":"","jetpack_seo_noindex":false,"_jetpack_memberships_contains_paid_content":false,"footnotes":""},"categories":[103],"tags":[],"class_list":["post-120618","post","type-post","status-publish","format-standard","has-post-thumbnail","hentry","category-cronica-2"],"jetpack_featured_media_url":"https:\/\/i0.wp.com\/eltrabajo.cl\/portal\/wp-content\/uploads\/2023\/03\/mo-educacion-alcaldes2.jpg?fit=698%2C498&ssl=1","jetpack_sharing_enabled":true,"jetpack_likes_enabled":true,"jetpack-related-posts":[],"_links":{"self":[{"href":"https:\/\/eltrabajo.cl\/portal\/wp-json\/wp\/v2\/posts\/120618","targetHints":{"allow":["GET"]}}],"collection":[{"href":"https:\/\/eltrabajo.cl\/portal\/wp-json\/wp\/v2\/posts"}],"about":[{"href":"https:\/\/eltrabajo.cl\/portal\/wp-json\/wp\/v2\/types\/post"}],"author":[{"embeddable":true,"href":"https:\/\/eltrabajo.cl\/portal\/wp-json\/wp\/v2\/users\/482"}],"replies":[{"embeddable":true,"href":"https:\/\/eltrabajo.cl\/portal\/wp-json\/wp\/v2\/comments?post=120618"}],"version-history":[{"count":1,"href":"https:\/\/eltrabajo.cl\/portal\/wp-json\/wp\/v2\/posts\/120618\/revisions"}],"predecessor-version":[{"id":120621,"href":"https:\/\/eltrabajo.cl\/portal\/wp-json\/wp\/v2\/posts\/120618\/revisions\/120621"}],"wp:featuredmedia":[{"embeddable":true,"href":"https:\/\/eltrabajo.cl\/portal\/wp-json\/wp\/v2\/media\/120620"}],"wp:attachment":[{"href":"https:\/\/eltrabajo.cl\/portal\/wp-json\/wp\/v2\/media?parent=120618"}],"wp:term":[{"taxonomy":"category","embeddable":true,"href":"https:\/\/eltrabajo.cl\/portal\/wp-json\/wp\/v2\/categories?post=120618"},{"taxonomy":"post_tag","embeddable":true,"href":"https:\/\/eltrabajo.cl\/portal\/wp-json\/wp\/v2\/tags?post=120618"}],"curies":[{"name":"wp","href":"https:\/\/api.w.org\/{rel}","templated":true}]}}