{"id":120622,"date":"2023-03-21T07:35:22","date_gmt":"2023-03-21T10:35:22","guid":{"rendered":"https:\/\/eltrabajo.cl\/portal\/?p=120622"},"modified":"2023-03-21T01:09:34","modified_gmt":"2023-03-21T04:09:34","slug":"piscicultura-rio-blanco-inicia-temporada-de-visitas-institucionales-2023","status":"publish","type":"post","link":"https:\/\/eltrabajo.cl\/portal\/piscicultura-rio-blanco-inicia-temporada-de-visitas-institucionales-2023\/","title":{"rendered":"Piscicultura R\u00edo Blanco inicia temporada de visitas institucionales 2023"},"content":{"rendered":"<p style=\"text-align: justify;\">Con la visita de la Asociaci\u00f3n Cristiana de j\u00f3venes, la Piscicultura R\u00edo Blanco retom\u00f3 las visitas presenciales a sus instalaciones, dando inicio a un nuevo ciclo de aprendizaje y conexi\u00f3n con la naturaleza para las organizaciones que deseen recorrer la Piscicultura.<\/p>\n<p style=\"text-align: justify;\">En esta ocasi\u00f3n asistieron 9 j\u00f3venes y 5 educadores, quienes dieron un paseo por el parque que rodea la piscicultura, conocieron los estanques y pudieron estar en contacto con las truchas y aprender sobre su ciclo de vida.<\/p>\n<p style=\"text-align: justify;\"><strong>Germ\u00e1n Olivares<\/strong>, encargado de la Piscicultura, valor\u00f3 enormemente la instancia educativa a la que asistieron los j\u00f3venes: <em>\u00abCreo que es muy importante que los ni\u00f1os y ni\u00f1as aprovechen estas instancias, que adem\u00e1s de educativas son distintas a lo que acostumbran, en el caso de la \u00faltima visita, los asistentes hicieron muchas preguntas y se vieron fascinados con todo lo que aprendieron\u00bb.<\/em><\/p>\n<p style=\"text-align: justify;\">Desde la Piscicultura tambi\u00e9n se espera que durante el 2023 a esta visita la sigan muchas m\u00e1s, ya sean de car\u00e1cter educativo, tur\u00edstico o recreacional. Estas expectativas van de la mano con el rol que tiene la Piscicultura R\u00edo Blanco con la comunidad en la que se inserta.<\/p>\n<p style=\"text-align: justify;\">Si bien por el momento las visitas particulares deben esperar un poco m\u00e1s, los trabajos de arreglo al parque est\u00e1n avanzando con el objetivo de ampliar a\u00fan m\u00e1s el n\u00famero de visitantes.<\/p>\n<p style=\"text-align: justify;\">Las visitas de colegios o instituciones pueden coordinarse mediante los siguientes contactos: +56 9 3416 7479 (Centro de Piscicultura R\u00edo Blanco) o +56 9 7125 4404 (German Olivares, encargado de la Piscicultura).<\/p>\n<figure id=\"attachment_120624\" aria-describedby=\"caption-attachment-120624\" style=\"width: 698px\" class=\"wp-caption alignnone\"><img data-recalc-dims=\"1\" loading=\"lazy\" decoding=\"async\" class=\"size-full wp-image-120624\" src=\"https:\/\/i0.wp.com\/eltrabajo.cl\/portal\/wp-content\/uploads\/2023\/03\/pisicultura-2.jpg?resize=640%2C288&#038;ssl=1\" alt=\"La delegaci\u00f3n estuvo compuesta por 9 j\u00f3venes y 5 educadores, quienes dieron un paseo por el parque que rodea la piscicultura.\" width=\"640\" height=\"288\" srcset=\"https:\/\/i0.wp.com\/eltrabajo.cl\/portal\/wp-content\/uploads\/2023\/03\/pisicultura-2.jpg?w=698&amp;ssl=1 698w, https:\/\/i0.wp.com\/eltrabajo.cl\/portal\/wp-content\/uploads\/2023\/03\/pisicultura-2.jpg?resize=300%2C135&amp;ssl=1 300w, https:\/\/i0.wp.com\/eltrabajo.cl\/portal\/wp-content\/uploads\/2023\/03\/pisicultura-2.jpg?resize=200%2C90&amp;ssl=1 200w, https:\/\/i0.wp.com\/eltrabajo.cl\/portal\/wp-content\/uploads\/2023\/03\/pisicultura-2.jpg?resize=696%2C313&amp;ssl=1 696w\" sizes=\"auto, (max-width: 640px) 100vw, 640px\" \/><figcaption id=\"caption-attachment-120624\" class=\"wp-caption-text\">La delegaci\u00f3n estuvo compuesta por 9 j\u00f3venes y 5 educadores, quienes dieron un paseo por el parque que rodea la piscicultura.<\/figcaption><\/figure>\n<figure id=\"attachment_120623\" aria-describedby=\"caption-attachment-120623\" style=\"width: 699px\" class=\"wp-caption alignnone\"><img data-recalc-dims=\"1\" loading=\"lazy\" decoding=\"async\" class=\"size-full wp-image-120623\" src=\"https:\/\/i0.wp.com\/eltrabajo.cl\/portal\/wp-content\/uploads\/2023\/03\/pisicultura-1.jpg?resize=640%2C577&#038;ssl=1\" alt=\"En esta ocasi\u00f3n los visitantes conocieron los estanques y pudieron estar en contacto con las truchas y aprender sobre su ciclo de vida.\" width=\"640\" height=\"577\" srcset=\"https:\/\/i0.wp.com\/eltrabajo.cl\/portal\/wp-content\/uploads\/2023\/03\/pisicultura-1.jpg?w=699&amp;ssl=1 699w, https:\/\/i0.wp.com\/eltrabajo.cl\/portal\/wp-content\/uploads\/2023\/03\/pisicultura-1.jpg?resize=300%2C270&amp;ssl=1 300w, https:\/\/i0.wp.com\/eltrabajo.cl\/portal\/wp-content\/uploads\/2023\/03\/pisicultura-1.jpg?resize=166%2C150&amp;ssl=1 166w, https:\/\/i0.wp.com\/eltrabajo.cl\/portal\/wp-content\/uploads\/2023\/03\/pisicultura-1.jpg?resize=696%2C627&amp;ssl=1 696w\" sizes=\"auto, (max-width: 640px) 100vw, 640px\" \/><figcaption id=\"caption-attachment-120623\" class=\"wp-caption-text\">En esta ocasi\u00f3n los visitantes conocieron los estanques y pudieron estar en contacto con las truchas y aprender sobre su ciclo de vida.<\/figcaption><\/figure>\n","protected":false},"excerpt":{"rendered":"<p>Con la visita de la Asociaci\u00f3n Cristiana de j\u00f3venes, la Piscicultura R\u00edo Blanco retom\u00f3 las visitas presenciales a sus instalaciones, dando inicio a un nuevo ciclo de aprendizaje y conexi\u00f3n con la&#8230;<\/p>\n","protected":false},"author":482,"featured_media":120624,"comment_status":"closed","ping_status":"open","sticky":false,"template":"","format":"standard","meta":{"advanced_seo_description":"","jetpack_seo_html_title":"","jetpack_seo_noindex":false,"_jetpack_memberships_contains_paid_content":false,"footnotes":""},"categories":[103],"tags":[],"class_list":["post-120622","post","type-post","status-publish","format-standard","has-post-thumbnail","hentry","category-cronica-2"],"jetpack_featured_media_url":"https:\/\/i0.wp.com\/eltrabajo.cl\/portal\/wp-content\/uploads\/2023\/03\/pisicultura-2.jpg?fit=698%2C314&ssl=1","jetpack_sharing_enabled":true,"jetpack_likes_enabled":true,"jetpack-related-posts":[],"_links":{"self":[{"href":"https:\/\/eltrabajo.cl\/portal\/wp-json\/wp\/v2\/posts\/120622","targetHints":{"allow":["GET"]}}],"collection":[{"href":"https:\/\/eltrabajo.cl\/portal\/wp-json\/wp\/v2\/posts"}],"about":[{"href":"https:\/\/eltrabajo.cl\/portal\/wp-json\/wp\/v2\/types\/post"}],"author":[{"embeddable":true,"href":"https:\/\/eltrabajo.cl\/portal\/wp-json\/wp\/v2\/users\/482"}],"replies":[{"embeddable":true,"href":"https:\/\/eltrabajo.cl\/portal\/wp-json\/wp\/v2\/comments?post=120622"}],"version-history":[{"count":1,"href":"https:\/\/eltrabajo.cl\/portal\/wp-json\/wp\/v2\/posts\/120622\/revisions"}],"predecessor-version":[{"id":120625,"href":"https:\/\/eltrabajo.cl\/portal\/wp-json\/wp\/v2\/posts\/120622\/revisions\/120625"}],"wp:featuredmedia":[{"embeddable":true,"href":"https:\/\/eltrabajo.cl\/portal\/wp-json\/wp\/v2\/media\/120624"}],"wp:attachment":[{"href":"https:\/\/eltrabajo.cl\/portal\/wp-json\/wp\/v2\/media?parent=120622"}],"wp:term":[{"taxonomy":"category","embeddable":true,"href":"https:\/\/eltrabajo.cl\/portal\/wp-json\/wp\/v2\/categories?post=120622"},{"taxonomy":"post_tag","embeddable":true,"href":"https:\/\/eltrabajo.cl\/portal\/wp-json\/wp\/v2\/tags?post=120622"}],"curies":[{"name":"wp","href":"https:\/\/api.w.org\/{rel}","templated":true}]}}