{"id":120626,"date":"2023-03-21T07:40:53","date_gmt":"2023-03-21T10:40:53","guid":{"rendered":"https:\/\/eltrabajo.cl\/portal\/?p=120626"},"modified":"2023-03-21T01:14:59","modified_gmt":"2023-03-21T04:14:59","slug":"fiscalizaciones-terminan-con-cocinerias-ilegales-en-feria-diego-de-almagro","status":"publish","type":"post","link":"https:\/\/eltrabajo.cl\/portal\/fiscalizaciones-terminan-con-cocinerias-ilegales-en-feria-diego-de-almagro\/","title":{"rendered":"Fiscalizaciones terminan con cociner\u00edas ilegales en Feria Diego de Almagro"},"content":{"rendered":"<ul style=\"text-align: justify;\">\n<li style=\"text-align: left;\"><strong>As\u00ed se pudo comprobar tras el tercer operativo de fiscalizaci\u00f3n en l\u00ednea por parte de autoridades y Carabineros.-<\/strong><\/li>\n<\/ul>\n<p style=\"text-align: justify;\">Con el fin de seguir regularizando el comercio de la Feria Diego de Almagro, este domingo se realiz\u00f3 el tercer operativo de fiscalizaci\u00f3n para as\u00ed entregar seguridad tanto a clientes como vendedores. En esta ocasi\u00f3n, se destac\u00f3 la ausencia de las conocidas cociner\u00edas ilegales, las cuales han ido desapareciendo gracias a estos mismos operativos que comenzaron a principios de marzo.<\/p>\n<p style=\"text-align: justify;\">Recuperar los espacios p\u00fablicos, reordenar la feria y regularizar a los comerciantes que no portaban el permiso correspondiente y as\u00ed evitar el decomiso de sus productos, han sido los puntos claves para el funcionamiento de este tercer operativo en l\u00ednea, en donde, en esta ocasi\u00f3n, personal policial solicit\u00f3 patentes y permisos sanitarios, para evitar intoxicaci\u00f3n en los alimentos.<\/p>\n<p style=\"text-align: justify;\">Este domingo nuevamente estuvo presente la delegaci\u00f3n presidencial, el municipio y Carabineros de San Felipe, y en esta ocasi\u00f3n tambi\u00e9n estuvo presente la directora regional del Servicio Nacional de Migraciones Regi\u00f3n Valpara\u00edso, <strong>Viviana \u00c1vila<\/strong>, quien atendi\u00f3 consultas ciudadanas durante toda la jornada. Esto, para facilitar la regularizaci\u00f3n de extranjeros, los cuales se acercaron en gran cantidad.<\/p>\n<p style=\"text-align: justify;\">Al respecto, la delegada presidencial provincial, <strong>Maricel Mart\u00ednez<\/strong>, se mostr\u00f3 muy conforme con el resultado de las sucesivas fiscalizaciones que se han llevado a cabo, sosteniendo que <em>\u00abha sido muy grato llegar a la feria, ya en este tercer domingo consecutivo que fiscalizamos, y que los mismos vecinos y locatarios nos est\u00e1n agradeciendo la intervenci\u00f3n, porque hay una seguridad para todas las personas que vienen a comprar.<\/em><\/p>\n<p style=\"text-align: justify;\">\u00ab<em>Con respecto a las cociner\u00edas, el d\u00eda viernes hicimos una fiscalizaci\u00f3n, logrando sacar de circulaci\u00f3n a dos cociner\u00edas, curs\u00e1ndoles los sumarios sanitarios respectivos, y el d\u00eda de hoy nos encontramos en esta esquina donde habituaban las cociner\u00edas y vemos que no hay nada. Por lo que vamos a tener operativos, domingo a domingo, para acercar los servicios p\u00fablicos a la ciudadan\u00eda. Esta semana est\u00e1 la direcci\u00f3n de Migraciones de Valpara\u00edso entregando informaci\u00f3n, y as\u00ed, las pr\u00f3ximas semamas esperamos contar con otros servicios, para ir recuperando los espacios p\u00fablicos en beneficio de la comunidad\u00bb<\/em>, sostuvo.<\/p>\n<p style=\"text-align: justify;\">Tambi\u00e9n, la alcaldesa <strong>Carmen Castillo<\/strong> expres\u00f3 que <em>\u00abes muy importante lo que se est\u00e1 haciendo hoy <\/em>(domingo)<em>, porque donde funcionaban las cociner\u00edas se ha instalado una oficina de migraciones, donde muchas personas estan haciendo consultas y regularizando sus situaciones. Las fiscalizaciones que hemos hecho, junto con la Delegaci\u00f3n Presidencial, nos ha permitido ir enfrentando tem\u00e1ticas complejas. Sabemos que las cociner\u00edas se han desplazado a otros lugares, pero no les quepa duda que vamos a seguir revisando cada sector para que no se repitan esas situaciones. Hay mucha gente que es de afuera y no son de la comuna. A ellos no les correponde instalarse ac\u00e1. Lo mismo pasa con las personas que no han sacado permiso, deben acudir a regularizar su situaci\u00f3n a Rentas en el Municipio. Nosotros no aceptaremos condiciones inseguras en esta feria\u00bb<\/em>.<\/p>\n<p style=\"text-align: justify;\">Finalmente, <strong>Jorge Caneo Fern\u00e1ndez<\/strong>, suboficial de Carabineros, explic\u00f3 el operativo realizado en el sector, se\u00f1alando que <em>\u00abhoy <\/em>(domingo)<em> hicimos una labor preventiva con presencia policial, ya que en este sector habitan ri\u00f1as y pendencias, por lo que tambi\u00e9n acompa\u00f1amos a los inspectores municipales y al equipo de le delegaci\u00f3n presidencial en esta nueva fiscalizaci\u00f3n. Hoy solicitamos las patentes y los permisos sanitarios correspondientes en los locales, para que puedan funcionar sin el hecho de que pueda existir una intoxicaci\u00f3n, o que se realizace una acci\u00f3n en desmedro de la comunidad\u00bb<\/em>, cerr\u00f3.<\/p>\n<figure id=\"attachment_120627\" aria-describedby=\"caption-attachment-120627\" style=\"width: 699px\" class=\"wp-caption alignnone\"><img data-recalc-dims=\"1\" loading=\"lazy\" decoding=\"async\" class=\"size-full wp-image-120627\" src=\"https:\/\/i0.wp.com\/eltrabajo.cl\/portal\/wp-content\/uploads\/2023\/03\/fiscalizacion-feria-2.jpg?resize=640%2C427&#038;ssl=1\" alt=\"La directora regional del Servicio Nacional de Migraciones Regi\u00f3n Valpara\u00edso, Viviana \u00c1vila, atendi\u00f3 consultas ciudadanas durante toda la jornada.\" width=\"640\" height=\"427\" srcset=\"https:\/\/i0.wp.com\/eltrabajo.cl\/portal\/wp-content\/uploads\/2023\/03\/fiscalizacion-feria-2.jpg?w=699&amp;ssl=1 699w, https:\/\/i0.wp.com\/eltrabajo.cl\/portal\/wp-content\/uploads\/2023\/03\/fiscalizacion-feria-2.jpg?resize=300%2C200&amp;ssl=1 300w, https:\/\/i0.wp.com\/eltrabajo.cl\/portal\/wp-content\/uploads\/2023\/03\/fiscalizacion-feria-2.jpg?resize=200%2C133&amp;ssl=1 200w, https:\/\/i0.wp.com\/eltrabajo.cl\/portal\/wp-content\/uploads\/2023\/03\/fiscalizacion-feria-2.jpg?resize=696%2C464&amp;ssl=1 696w\" sizes=\"auto, (max-width: 640px) 100vw, 640px\" \/><figcaption id=\"caption-attachment-120627\" class=\"wp-caption-text\">La directora regional del Servicio Nacional de Migraciones Regi\u00f3n Valpara\u00edso, Viviana \u00c1vila, atendi\u00f3 consultas ciudadanas durante toda la jornada.<\/figcaption><\/figure>\n","protected":false},"excerpt":{"rendered":"<p>As\u00ed se pudo comprobar tras el tercer operativo de fiscalizaci\u00f3n en l\u00ednea por parte de autoridades y Carabineros.- Con el fin de seguir regularizando el comercio de la Feria Diego de Almagro,&#8230;<\/p>\n","protected":false},"author":482,"featured_media":120627,"comment_status":"closed","ping_status":"open","sticky":false,"template":"","format":"standard","meta":{"advanced_seo_description":"","jetpack_seo_html_title":"","jetpack_seo_noindex":false,"_jetpack_memberships_contains_paid_content":false,"footnotes":""},"categories":[103],"tags":[],"class_list":["post-120626","post","type-post","status-publish","format-standard","has-post-thumbnail","hentry","category-cronica-2"],"jetpack_featured_media_url":"https:\/\/i0.wp.com\/eltrabajo.cl\/portal\/wp-content\/uploads\/2023\/03\/fiscalizacion-feria-2.jpg?fit=699%2C466&ssl=1","jetpack_sharing_enabled":true,"jetpack_likes_enabled":true,"jetpack-related-posts":[],"_links":{"self":[{"href":"https:\/\/eltrabajo.cl\/portal\/wp-json\/wp\/v2\/posts\/120626","targetHints":{"allow":["GET"]}}],"collection":[{"href":"https:\/\/eltrabajo.cl\/portal\/wp-json\/wp\/v2\/posts"}],"about":[{"href":"https:\/\/eltrabajo.cl\/portal\/wp-json\/wp\/v2\/types\/post"}],"author":[{"embeddable":true,"href":"https:\/\/eltrabajo.cl\/portal\/wp-json\/wp\/v2\/users\/482"}],"replies":[{"embeddable":true,"href":"https:\/\/eltrabajo.cl\/portal\/wp-json\/wp\/v2\/comments?post=120626"}],"version-history":[{"count":1,"href":"https:\/\/eltrabajo.cl\/portal\/wp-json\/wp\/v2\/posts\/120626\/revisions"}],"predecessor-version":[{"id":120628,"href":"https:\/\/eltrabajo.cl\/portal\/wp-json\/wp\/v2\/posts\/120626\/revisions\/120628"}],"wp:featuredmedia":[{"embeddable":true,"href":"https:\/\/eltrabajo.cl\/portal\/wp-json\/wp\/v2\/media\/120627"}],"wp:attachment":[{"href":"https:\/\/eltrabajo.cl\/portal\/wp-json\/wp\/v2\/media?parent=120626"}],"wp:term":[{"taxonomy":"category","embeddable":true,"href":"https:\/\/eltrabajo.cl\/portal\/wp-json\/wp\/v2\/categories?post=120626"},{"taxonomy":"post_tag","embeddable":true,"href":"https:\/\/eltrabajo.cl\/portal\/wp-json\/wp\/v2\/tags?post=120626"}],"curies":[{"name":"wp","href":"https:\/\/api.w.org\/{rel}","templated":true}]}}