{"id":120635,"date":"2023-03-21T07:50:23","date_gmt":"2023-03-21T10:50:23","guid":{"rendered":"https:\/\/eltrabajo.cl\/portal\/?p=120635"},"modified":"2023-03-21T01:19:47","modified_gmt":"2023-03-21T04:19:47","slug":"retiran-barras-de-cereal-con-gusanos-destinadas-a-estudiantes-de-liceo-san-felipe","status":"publish","type":"post","link":"https:\/\/eltrabajo.cl\/portal\/retiran-barras-de-cereal-con-gusanos-destinadas-a-estudiantes-de-liceo-san-felipe\/","title":{"rendered":"Retiran barras de cereal con gusanos\u00a0destinadas a estudiantes de Liceo San Felipe"},"content":{"rendered":"<ul style=\"text-align: justify;\">\n<li style=\"text-align: left;\"><strong>Alimentos son entregados por la Junaeb y se detectaron el pasado viernes.\u2013<\/strong><\/li>\n<\/ul>\n<p style=\"text-align: justify;\">El pasado d\u00eda viernes, estudiantes del Liceo San Felipe recibieron la alimentaci\u00f3n de parte de la <strong>Junta Nacional de Auxilio Escolar y Becas<\/strong> (Junaeb), entre \u00e9stos, barritas de cereal de la marca <strong>\u2018T\u00eda L\u00eda\u2019<\/strong>, las que ven\u00edan contaminadas con gusanos. De inmediato, apoderados del establecimiento subieron videos a redes sociales denunciando el hecho, obligando a la Junaeb a retirar estas barras entregadas.<\/p>\n<p style=\"text-align: justify;\">La situaci\u00f3n fue abordada por parte del Direcci\u00f3n de Administraci\u00f3n de Educaci\u00f3n Municipal (DAEM), donde su directora, <strong>Natalia Leiva<\/strong>, se\u00f1al\u00f3 que <em>\u00abhoy verificamos la existencia de barras de cereales con problemas, m\u00e1s que nada de polillas al interior de la barra en s\u00ed. Nosotros nos pusimos en contacto con Junaeb a nivel provincial y regional, para informar de la situaci\u00f3n ocurrida, producto que el fin de semana tuvimos esta denuncia\u00bb. <\/em><\/p>\n<p style=\"text-align: justify;\">Junto con esto, Leiva agreg\u00f3 que <em>\u00abellos tomaron conocimiento, se bloquearon las canastas de alimentos que son cantidades importantes de alimentaci\u00f3n que lleg\u00f3 al establecimiento, la empresa que presta los servicios de alimentaci\u00f3n a Junaeb va a hacer el retiro de los productos y posteriormente va a reponer con nuevos productos en buen estado\u00bb. <\/em><\/p>\n<p style=\"text-align: justify;\">Asimismo, la directora de la DAEM reiter\u00f3 que como municipio no son los responsables de la entrega de la alimentaci\u00f3n, de igual manera, realizan una revisi\u00f3n y fiscalizaci\u00f3n de los productos entregados a los estudiantes. <em>\u00abNosotros acudimos al llamado, es importante que nosotros somos parte del proceso de entrega de la alimentaci\u00f3n, no la entregamos directamente como municipio, pero estamos constantemente vigilando la calidad de los productos\u00bb. <\/em><\/p>\n<p style=\"text-align: justify;\">Por su parte, y consultados por <strong>Diario El Trabajo<\/strong>, desde Junaeb a nivel regional se refirieron al caso mediante un comunicado, se\u00f1alando que <em>\u00abuna vez recibida la informaci\u00f3n de la detecci\u00f3n de algunas barras de cereal de la marca \u2018T\u00eda L\u00eda\u2019 en mal estado, Junaeb activ\u00f3 de inmediato el protocolo de acci\u00f3n dispuesto para estas eventualidades, informando a la empresa <strong>Savisa<\/strong>, encargada de la distribuci\u00f3n de los alimentos, para que iniciara la investigaci\u00f3n correspondiente del caso, revisando especialmente el proceso de almacenamiento y distribuci\u00f3n de estos alimentos a los Establecimientos Educacionales.<\/em><\/p>\n<p style=\"text-align: justify;\">\u00ab<em>Junto con eso, se dispuso el retiro de los lotes completos de los productos que presentaron problemas. Acci\u00f3n que se inici\u00f3 durante la presente jornada\u00bb, <\/em>agrega el texto.<em> \u00abEn este caso, se trata de un producto envasado de consumo directo que no requiere manipulaci\u00f3n previa antes de su consumo, por lo que se est\u00e1n revisando especialmente las condiciones de almacenamiento de dichos productos\u00bb. <\/em><\/p>\n<p style=\"text-align: justify;\">Asimismo, desde Junaeb sostuvieron que <em>\u00aben las pr\u00f3ximas horas, la empresa Savisa debe entregar un completo informe a Junaeb sobre las eventuales causas de esta situaci\u00f3n y las acciones preventivas y correctivas que se deber\u00e1n aplicar para evitar al m\u00e1ximo, la eventual ocurrencia de situaciones de este tipo\u00bb.<\/em><\/p>\n<figure id=\"attachment_120636\" aria-describedby=\"caption-attachment-120636\" style=\"width: 699px\" class=\"wp-caption alignnone\"><img data-recalc-dims=\"1\" loading=\"lazy\" decoding=\"async\" class=\"size-full wp-image-120636\" src=\"https:\/\/i0.wp.com\/eltrabajo.cl\/portal\/wp-content\/uploads\/2023\/03\/cereal-1.jpg?resize=640%2C542&#038;ssl=1\" alt=\"Estos son los gusanos encontrados en estas barras de cereal entregadas en el Liceo San Felipe. \" width=\"640\" height=\"542\" srcset=\"https:\/\/i0.wp.com\/eltrabajo.cl\/portal\/wp-content\/uploads\/2023\/03\/cereal-1.jpg?w=699&amp;ssl=1 699w, https:\/\/i0.wp.com\/eltrabajo.cl\/portal\/wp-content\/uploads\/2023\/03\/cereal-1.jpg?resize=300%2C254&amp;ssl=1 300w, https:\/\/i0.wp.com\/eltrabajo.cl\/portal\/wp-content\/uploads\/2023\/03\/cereal-1.jpg?resize=177%2C150&amp;ssl=1 177w, https:\/\/i0.wp.com\/eltrabajo.cl\/portal\/wp-content\/uploads\/2023\/03\/cereal-1.jpg?resize=696%2C589&amp;ssl=1 696w\" sizes=\"auto, (max-width: 640px) 100vw, 640px\" \/><figcaption id=\"caption-attachment-120636\" class=\"wp-caption-text\">Estos son los gusanos encontrados en estas barras de cereal entregadas en el Liceo San Felipe.<\/figcaption><\/figure>\n","protected":false},"excerpt":{"rendered":"<p>Alimentos son entregados por la Junaeb y se detectaron el pasado viernes.\u2013 El pasado d\u00eda viernes, estudiantes del Liceo San Felipe recibieron la alimentaci\u00f3n de parte de la Junta Nacional de Auxilio&#8230;<\/p>\n","protected":false},"author":482,"featured_media":120636,"comment_status":"closed","ping_status":"open","sticky":false,"template":"","format":"standard","meta":{"advanced_seo_description":"","jetpack_seo_html_title":"","jetpack_seo_noindex":false,"_jetpack_memberships_contains_paid_content":false,"footnotes":""},"categories":[103],"tags":[],"class_list":["post-120635","post","type-post","status-publish","format-standard","has-post-thumbnail","hentry","category-cronica-2"],"jetpack_featured_media_url":"https:\/\/i0.wp.com\/eltrabajo.cl\/portal\/wp-content\/uploads\/2023\/03\/cereal-1.jpg?fit=699%2C592&ssl=1","jetpack_sharing_enabled":true,"jetpack_likes_enabled":true,"jetpack-related-posts":[],"_links":{"self":[{"href":"https:\/\/eltrabajo.cl\/portal\/wp-json\/wp\/v2\/posts\/120635","targetHints":{"allow":["GET"]}}],"collection":[{"href":"https:\/\/eltrabajo.cl\/portal\/wp-json\/wp\/v2\/posts"}],"about":[{"href":"https:\/\/eltrabajo.cl\/portal\/wp-json\/wp\/v2\/types\/post"}],"author":[{"embeddable":true,"href":"https:\/\/eltrabajo.cl\/portal\/wp-json\/wp\/v2\/users\/482"}],"replies":[{"embeddable":true,"href":"https:\/\/eltrabajo.cl\/portal\/wp-json\/wp\/v2\/comments?post=120635"}],"version-history":[{"count":1,"href":"https:\/\/eltrabajo.cl\/portal\/wp-json\/wp\/v2\/posts\/120635\/revisions"}],"predecessor-version":[{"id":120637,"href":"https:\/\/eltrabajo.cl\/portal\/wp-json\/wp\/v2\/posts\/120635\/revisions\/120637"}],"wp:featuredmedia":[{"embeddable":true,"href":"https:\/\/eltrabajo.cl\/portal\/wp-json\/wp\/v2\/media\/120636"}],"wp:attachment":[{"href":"https:\/\/eltrabajo.cl\/portal\/wp-json\/wp\/v2\/media?parent=120635"}],"wp:term":[{"taxonomy":"category","embeddable":true,"href":"https:\/\/eltrabajo.cl\/portal\/wp-json\/wp\/v2\/categories?post=120635"},{"taxonomy":"post_tag","embeddable":true,"href":"https:\/\/eltrabajo.cl\/portal\/wp-json\/wp\/v2\/tags?post=120635"}],"curies":[{"name":"wp","href":"https:\/\/api.w.org\/{rel}","templated":true}]}}