{"id":120641,"date":"2023-03-21T07:58:45","date_gmt":"2023-03-21T10:58:45","guid":{"rendered":"https:\/\/eltrabajo.cl\/portal\/?p=120641"},"modified":"2023-03-21T01:26:07","modified_gmt":"2023-03-21T04:26:07","slug":"roban-200-millones-en-joyas-y-relojes-de-oro-y-plata-desde-centrica-joyeria","status":"publish","type":"post","link":"https:\/\/eltrabajo.cl\/portal\/roban-200-millones-en-joyas-y-relojes-de-oro-y-plata-desde-centrica-joyeria\/","title":{"rendered":"Roban $200 millones en joyas y relojes de oro y plata desde c\u00e9ntrica joyer\u00eda"},"content":{"rendered":"<p style=\"text-align: left;\"><span style=\"color: #ff0000;\"><strong>Due\u00f1o decidido a cerrar establecimiento:<\/strong><\/span><\/p>\n<p style=\"text-align: justify;\">Un robo millonario de joyas y relojes de alta gama qued\u00f3 al descubierto ayer en la ma\u00f1ana en <strong>Relojer\u00eda y Joyer\u00eda \u2018ZH\u2019<\/strong> ubicada en calle Salinas 176, pleno centro de San Felipe.<\/p>\n<p style=\"text-align: justify;\">Seg\u00fan c\u00e1lculos estimados, teniendo en cuenta los tipos de productos, relojes de alta gama y de reconocidas marcas, de oro y plata, ser\u00edan alrededor de 200 millones de pesos el aval\u00fao de lo robado. De todos modos, al momento de conversar con el afectado en el frontis de su local, dijo p\u00fablicamente que todav\u00eda estaban revisando las mercader\u00edas para tener mayor claridad sobre el monto.<\/p>\n<p style=\"text-align: justify;\">Adem\u00e1s, durante la entrevista, se\u00f1al\u00f3 que a consecuencia de este robo iba a cerrar el local, porque simplemente as\u00ed no pod\u00eda seguir, pues su negocio es el sustento de su familia.<\/p>\n<p style=\"text-align: justify;\"><strong>Ram\u00f3n Z\u00fa\u00f1iga<\/strong>, el propietario de la c\u00e9ntrica joyer\u00eda y relojer\u00eda, dijo: <em>\u00abComo usted acaba de ver me robaron, el fin de semana debe haber sido, rompieron la chapa el candado eso fue y estoy evaluando\u00bb,<\/em> se\u00f1ala.<\/p>\n<p style=\"text-align: justify;\">&#8211; <strong>Eso mismo, porque son productos de buena marca.<\/strong><\/p>\n<p style=\"text-align: justify;\">&#8211; Obviamente, esta joyer\u00eda trabaja puros relojes de alta gama, oro y plata.<\/p>\n<p style=\"text-align: justify;\">&#8211; <strong>\u00bfCu\u00e1l es la hip\u00f3tesis que tiene usted?<\/strong><\/p>\n<p style=\"text-align: justify;\">&#8211; Seguro, el mismo modus operandi que tienen; romper, ingresar y robar.<\/p>\n<p style=\"text-align: justify;\">&#8211; <strong>Pese a que usted tiene unas protecciones ah\u00ed.<\/strong><\/p>\n<p style=\"text-align: justify;\">&#8211; A pesar, igual nom\u00e1s ingresaron. Si aqu\u00ed el tema del robo es porque los delincuentes est\u00e1n solos, en el centro no hay seguridad. La municipalidad no hace su papel de fiscalizar, poner inspectores durante la noche, nada; estamos abandonados a la suerte de que si te roban o no te roban \u2018ten\u00eds\u2019 suerte.<\/p>\n<p style=\"text-align: justify;\">&#8211; <strong>\u00bfHan sabido algo de las c\u00e1maras ah\u00ed o no hay?<\/strong><\/p>\n<p style=\"text-align: justify;\">&#8211; S\u00ed, hay c\u00e1maras de la municipalidad, estamos en proceso de investigaci\u00f3n.<\/p>\n<p style=\"text-align: justify;\">&#8211; <strong>\u00bfMucha frustraci\u00f3n?<\/strong><\/p>\n<p style=\"text-align: justify;\">&#8211; Obvio, este es el sustento de mi familia; qu\u00e9 voy a hacer.<\/p>\n<p style=\"text-align: justify;\">&#8211; <strong>Aqu\u00ed estamos hablando de p\u00e9rdidas millonarias.<\/strong><\/p>\n<p style=\"text-align: justify;\">&#8211; Obviamente, es mucho, mucho. Hay mercader\u00eda que todav\u00eda no se paga, entonces para nosotros es el fin, as\u00ed de definitivamente.<\/p>\n<p style=\"text-align: justify;\">&#8211; <strong>\u00bfO sea cerrar el local?<\/strong><\/p>\n<p style=\"text-align: justify;\">&#8211; Obviamente, no puedo seguir. Aqu\u00ed el da\u00f1o no lo entiende. La gente ve algo bonito, pero detr\u00e1s hay un esfuerzo tremendo. Adem\u00e1s que es un aporte a la ciudad, pero en definitiva estamos abandonados, desamparados todos los comerciantes de ac\u00e1, independientemente que seamos peque\u00f1os o grandes, estamos todos abandonados.<\/p>\n<p style=\"text-align: justify;\">&#8211; <strong>Ojal\u00e1 esta pregunta pueda ayudar en algo, \u00bfcu\u00e1les son las marcas que podr\u00edan andar comercializando?, porque un reloj puede costar 100 mil y lo venden en 20 mil.<\/strong><\/p>\n<p style=\"text-align: justify;\">&#8211; Citizen, Festina, Lotus, marcas caras, CAT. Somos nosotros que traemos estas marcas ac\u00e1. Le digo a la gente que no compre estas cosas porque al final est\u00e1n avalando a los delincuentes.<\/p>\n<p style=\"text-align: justify;\">&#8211; <strong>\u00bfTienen alguna identificaci\u00f3n, GPS, algo, un c\u00f3digo en el fondo?<\/strong><\/p>\n<p style=\"text-align: justify;\">&#8211; Tienen c\u00f3digo, se pueden registrar. Cada reloj tiene su c\u00f3digo, podr\u00edamos hacer la investigaci\u00f3n de la trazabilidad.<\/p>\n<p style=\"text-align: justify;\">&#8211; <strong>\u00bfAlgo m\u00e1s que agregar de esto?<\/strong><\/p>\n<p style=\"text-align: justify;\">&#8211; Una l\u00e1stima nom\u00e1s. Que la ciudadan\u00eda empiece a reclamar por la seguridad nom\u00e1s, no da m\u00e1s, no tiene m\u00e1s aguante. Falta que se metan a las casas de la gente a robar, no s\u00e9 que est\u00e1 esperando la gente, que se empiecen a matar&#8230; esto es grave.<\/p>\n<p style=\"text-align: justify;\">Al finalizar dijo que del robo se dio cuenta ayer en la ma\u00f1ana.<\/p>\n<figure id=\"attachment_120642\" aria-describedby=\"caption-attachment-120642\" style=\"width: 700px\" class=\"wp-caption alignnone\"><img data-recalc-dims=\"1\" loading=\"lazy\" decoding=\"async\" class=\"size-full wp-image-120642\" src=\"https:\/\/i0.wp.com\/eltrabajo.cl\/portal\/wp-content\/uploads\/2023\/03\/JOYAS-2-copia.jpg?resize=640%2C507&#038;ssl=1\" alt=\"El robo fue descubierto ayer en la ma\u00f1ana, llegando hasta el lugar el propietario quien llam\u00f3 a Carabineros.\" width=\"640\" height=\"507\" srcset=\"https:\/\/i0.wp.com\/eltrabajo.cl\/portal\/wp-content\/uploads\/2023\/03\/JOYAS-2-copia.jpg?w=700&amp;ssl=1 700w, https:\/\/i0.wp.com\/eltrabajo.cl\/portal\/wp-content\/uploads\/2023\/03\/JOYAS-2-copia.jpg?resize=300%2C238&amp;ssl=1 300w, https:\/\/i0.wp.com\/eltrabajo.cl\/portal\/wp-content\/uploads\/2023\/03\/JOYAS-2-copia.jpg?resize=189%2C150&amp;ssl=1 189w, https:\/\/i0.wp.com\/eltrabajo.cl\/portal\/wp-content\/uploads\/2023\/03\/JOYAS-2-copia.jpg?resize=696%2C552&amp;ssl=1 696w\" sizes=\"auto, (max-width: 640px) 100vw, 640px\" \/><figcaption id=\"caption-attachment-120642\" class=\"wp-caption-text\">El robo fue descubierto ayer en la ma\u00f1ana, llegando hasta el lugar el propietario quien llam\u00f3 a Carabineros.<\/figcaption><\/figure>\n<figure id=\"attachment_120643\" aria-describedby=\"caption-attachment-120643\" style=\"width: 700px\" class=\"wp-caption alignnone\"><img data-recalc-dims=\"1\" loading=\"lazy\" decoding=\"async\" class=\"size-full wp-image-120643\" src=\"https:\/\/i0.wp.com\/eltrabajo.cl\/portal\/wp-content\/uploads\/2023\/03\/JOYAS.jpg?resize=640%2C480&#038;ssl=1\" alt=\"Pese a las protecciones que posee la tiendo, igualmente forzaron la entrada para perpetrar un millonario robo.\" width=\"640\" height=\"480\" srcset=\"https:\/\/i0.wp.com\/eltrabajo.cl\/portal\/wp-content\/uploads\/2023\/03\/JOYAS.jpg?w=700&amp;ssl=1 700w, https:\/\/i0.wp.com\/eltrabajo.cl\/portal\/wp-content\/uploads\/2023\/03\/JOYAS.jpg?resize=300%2C225&amp;ssl=1 300w, https:\/\/i0.wp.com\/eltrabajo.cl\/portal\/wp-content\/uploads\/2023\/03\/JOYAS.jpg?resize=200%2C150&amp;ssl=1 200w, https:\/\/i0.wp.com\/eltrabajo.cl\/portal\/wp-content\/uploads\/2023\/03\/JOYAS.jpg?resize=696%2C522&amp;ssl=1 696w\" sizes=\"auto, (max-width: 640px) 100vw, 640px\" \/><figcaption id=\"caption-attachment-120643\" class=\"wp-caption-text\">Pese a las protecciones que posee la tiendo, igualmente forzaron la entrada para perpetrar un millonario robo.<\/figcaption><\/figure>\n","protected":false},"excerpt":{"rendered":"<p>Due\u00f1o decidido a cerrar establecimiento: Un robo millonario de joyas y relojes de alta gama qued\u00f3 al descubierto ayer en la ma\u00f1ana en Relojer\u00eda y Joyer\u00eda \u2018ZH\u2019 ubicada en calle Salinas 176,&#8230;<\/p>\n","protected":false},"author":482,"featured_media":120642,"comment_status":"closed","ping_status":"open","sticky":false,"template":"","format":"standard","meta":{"advanced_seo_description":"","jetpack_seo_html_title":"","jetpack_seo_noindex":false,"_jetpack_memberships_contains_paid_content":false,"footnotes":""},"categories":[21],"tags":[],"class_list":["post-120641","post","type-post","status-publish","format-standard","has-post-thumbnail","hentry","category-policial"],"jetpack_featured_media_url":"https:\/\/i0.wp.com\/eltrabajo.cl\/portal\/wp-content\/uploads\/2023\/03\/JOYAS-2-copia.jpg?fit=700%2C555&ssl=1","jetpack_sharing_enabled":true,"jetpack_likes_enabled":true,"jetpack-related-posts":[],"_links":{"self":[{"href":"https:\/\/eltrabajo.cl\/portal\/wp-json\/wp\/v2\/posts\/120641","targetHints":{"allow":["GET"]}}],"collection":[{"href":"https:\/\/eltrabajo.cl\/portal\/wp-json\/wp\/v2\/posts"}],"about":[{"href":"https:\/\/eltrabajo.cl\/portal\/wp-json\/wp\/v2\/types\/post"}],"author":[{"embeddable":true,"href":"https:\/\/eltrabajo.cl\/portal\/wp-json\/wp\/v2\/users\/482"}],"replies":[{"embeddable":true,"href":"https:\/\/eltrabajo.cl\/portal\/wp-json\/wp\/v2\/comments?post=120641"}],"version-history":[{"count":1,"href":"https:\/\/eltrabajo.cl\/portal\/wp-json\/wp\/v2\/posts\/120641\/revisions"}],"predecessor-version":[{"id":120644,"href":"https:\/\/eltrabajo.cl\/portal\/wp-json\/wp\/v2\/posts\/120641\/revisions\/120644"}],"wp:featuredmedia":[{"embeddable":true,"href":"https:\/\/eltrabajo.cl\/portal\/wp-json\/wp\/v2\/media\/120642"}],"wp:attachment":[{"href":"https:\/\/eltrabajo.cl\/portal\/wp-json\/wp\/v2\/media?parent=120641"}],"wp:term":[{"taxonomy":"category","embeddable":true,"href":"https:\/\/eltrabajo.cl\/portal\/wp-json\/wp\/v2\/categories?post=120641"},{"taxonomy":"post_tag","embeddable":true,"href":"https:\/\/eltrabajo.cl\/portal\/wp-json\/wp\/v2\/tags?post=120641"}],"curies":[{"name":"wp","href":"https:\/\/api.w.org\/{rel}","templated":true}]}}