{"id":120648,"date":"2023-03-22T07:30:11","date_gmt":"2023-03-22T10:30:11","guid":{"rendered":"https:\/\/eltrabajo.cl\/portal\/?p=120648"},"modified":"2023-03-21T23:47:55","modified_gmt":"2023-03-22T02:47:55","slug":"multicancha-area-verde-y-juegos-infantiles-inauguran-en-pob-pedro-de-valdivia","status":"publish","type":"post","link":"https:\/\/eltrabajo.cl\/portal\/multicancha-area-verde-y-juegos-infantiles-inauguran-en-pob-pedro-de-valdivia\/","title":{"rendered":"Multicancha, \u00e1rea verde y juegos infantiles inauguran en Pob. Pedro de Valdivia"},"content":{"rendered":"<ul style=\"text-align: justify;\">\n<li style=\"text-align: left;\"><strong>Proyecto de $105 millones fue financiado por el Gobierno Regional de Valpara\u00edso y consider\u00f3 estructura de hormig\u00f3n con sello acr\u00edlico, cierre perimetral, demarcaciones para tres disciplinas (baby f\u00fatbol, b\u00e1squetbol y voleibol) e iluminaci\u00f3n LED.-<\/strong><\/li>\n<\/ul>\n<p style=\"text-align: justify;\">Este lunes fue inaugurada la Multicancha de la Poblaci\u00f3n Pedro de Valdivia, proyecto de $105 millones financiado a trav\u00e9s del Fondo Nacional de Desarrollo Regional, FNDR, del Gobierno Regional de Valpara\u00edso y que adem\u00e1s de la infraestructura deportiva, consider\u00f3 un \u00e1rea verde, mobiliario urbano como bancas anti vand\u00e1licas, juegos infantiles, m\u00e1quinas de ejercicios y basureros.<\/p>\n<p style=\"text-align: justify;\">En el tradicional corte de cinta participaron vecinas y vecinos de la Poblaci\u00f3n Pedro de Valdivia, encabezados por la presidenta de la unidad vecinal, Margarita Villarreal Vergara, en compa\u00f1\u00eda de la alcaldesa de San Felipe, Carmen Castillo Taucher, los concejales Ricardo Covarrubias y Guillermo Lillo Vivar, adem\u00e1s de los consejeros regionales Eduardo Le\u00f3n y Patricio Espinoza, y la directora de Desarrollo Comunitario de la Municipalidad de San Felipe, Mar\u00eda Teresa Urbina Hern\u00e1ndez.<\/p>\n<p style=\"text-align: justify;\">La alcaldesa <strong>Carmen Castillo Taucher<\/strong> se mostr\u00f3 feliz de entregar una obra que era muy demandada por la comunidad, manifestando que <em>\u00abes un sue\u00f1o anhelado por esta comunidad, esta multicancha ya estaba funcionando antes de la inauguraci\u00f3n, por eso aceleramos algunos procesos para poder entregar esta obra que signific\u00f3 m\u00e1s de $105 millones, con fondos FNDR, conseguidos a trav\u00e9s de nuestros consejeros, a quienes agradecemos porque ahora podemos contar con esta maravillosa infraestructura\u00bb.<\/em><\/p>\n<p style=\"text-align: justify;\"><strong>Margarita Villarreal<\/strong>, presidenta de la junta de vecinos, asegur\u00f3 que esta obra es el resultado de una lucha que se extendi\u00f3 por m\u00e1s de diez a\u00f1os y que llega a ocupar un espacio que estaba abandonado.<\/p>\n<p style=\"text-align: justify;\">\u00ab<em>Estamos felices igual, porque ac\u00e1 no ten\u00edamos un \u00e1rea verde y eso era lo que ped\u00edan los vecinos, un lugar donde pudieran ir a jugar con los ni\u00f1os, as\u00ed que esto nos va a servir mucho\u00bb,<\/em> declar\u00f3 la dirigente.<\/p>\n<p style=\"text-align: justify;\">El consejero regional <strong>Eduardo Le\u00f3n<\/strong>, dijo estar muy satisfecho tras ver el resultado de la inversi\u00f3n que se hizo desde el Gobierno Regional, fundamentando que <em>\u00abyo conversaba con la presidenta de la junta de vecinos de que ahora la mejor manera de conservar esto es us\u00e1ndolo: con el deporte, con recreaci\u00f3n, reuniones, clases de zumba, as\u00ed que invitamos a nuestros vecinos a utilizar esta infraestructura, es la mejor forma de ocupar los espacios p\u00fablicos y darle seguridad a los barrios\u00bb.<\/em><\/p>\n<p style=\"text-align: justify;\">El concejal <strong>Guillermo Lillo Vivar<\/strong> agreg\u00f3 que <em>\u00abson muchos los beneficios que tenemos con esta multicancha, porque va a cubrir muchas poblaciones y va a tener varias funciones. La comunidad est\u00e1 muy agradecida, as\u00ed que estamos muy contentos y bienvenidos sean todos los proyectos que vengan en deportes\u00bb.<\/em><\/p>\n<p style=\"text-align: justify;\">La construcci\u00f3n de la multicancha consider\u00f3 estructura de hormig\u00f3n con sello acr\u00edlico, cierre perimetral, demarcaciones para tres disciplinas (baby f\u00fatbol, b\u00e1squetbol y voleibol) e iluminaci\u00f3n LED.<\/p>\n<figure id=\"attachment_120649\" aria-describedby=\"caption-attachment-120649\" style=\"width: 699px\" class=\"wp-caption alignnone\"><img data-recalc-dims=\"1\" loading=\"lazy\" decoding=\"async\" class=\"size-full wp-image-120649\" src=\"https:\/\/i0.wp.com\/eltrabajo.cl\/portal\/wp-content\/uploads\/2023\/03\/multicancha_P-Valdivia-1.jpg?resize=640%2C427&#038;ssl=1\" alt=\"Este lunes se inaugur\u00f3 oficialmente la multicancha de la Poblaci\u00f3n Pedro de Valdivia, proyecto de $105 millones financiado a trav\u00e9s del FNDR.\" width=\"640\" height=\"427\" srcset=\"https:\/\/i0.wp.com\/eltrabajo.cl\/portal\/wp-content\/uploads\/2023\/03\/multicancha_P-Valdivia-1.jpg?w=699&amp;ssl=1 699w, https:\/\/i0.wp.com\/eltrabajo.cl\/portal\/wp-content\/uploads\/2023\/03\/multicancha_P-Valdivia-1.jpg?resize=300%2C200&amp;ssl=1 300w, https:\/\/i0.wp.com\/eltrabajo.cl\/portal\/wp-content\/uploads\/2023\/03\/multicancha_P-Valdivia-1.jpg?resize=200%2C133&amp;ssl=1 200w, https:\/\/i0.wp.com\/eltrabajo.cl\/portal\/wp-content\/uploads\/2023\/03\/multicancha_P-Valdivia-1.jpg?resize=696%2C464&amp;ssl=1 696w\" sizes=\"auto, (max-width: 640px) 100vw, 640px\" \/><figcaption id=\"caption-attachment-120649\" class=\"wp-caption-text\">Este lunes se inaugur\u00f3 oficialmente la multicancha de la Poblaci\u00f3n Pedro de Valdivia, proyecto de $105 millones financiado a trav\u00e9s del FNDR.<\/figcaption><\/figure>\n<figure id=\"attachment_120650\" aria-describedby=\"caption-attachment-120650\" style=\"width: 699px\" class=\"wp-caption alignnone\"><img data-recalc-dims=\"1\" loading=\"lazy\" decoding=\"async\" class=\"size-full wp-image-120650\" src=\"https:\/\/i0.wp.com\/eltrabajo.cl\/portal\/wp-content\/uploads\/2023\/03\/multicancha_P-Valdivia-2.jpg?resize=640%2C427&#038;ssl=1\" alt=\"Los menores son los m\u00e1s felices con esta obra que les permitir\u00e1 recrearse en forma segura y practicar deportes.\" width=\"640\" height=\"427\" srcset=\"https:\/\/i0.wp.com\/eltrabajo.cl\/portal\/wp-content\/uploads\/2023\/03\/multicancha_P-Valdivia-2.jpg?w=699&amp;ssl=1 699w, https:\/\/i0.wp.com\/eltrabajo.cl\/portal\/wp-content\/uploads\/2023\/03\/multicancha_P-Valdivia-2.jpg?resize=300%2C200&amp;ssl=1 300w, https:\/\/i0.wp.com\/eltrabajo.cl\/portal\/wp-content\/uploads\/2023\/03\/multicancha_P-Valdivia-2.jpg?resize=200%2C133&amp;ssl=1 200w, https:\/\/i0.wp.com\/eltrabajo.cl\/portal\/wp-content\/uploads\/2023\/03\/multicancha_P-Valdivia-2.jpg?resize=696%2C464&amp;ssl=1 696w\" sizes=\"auto, (max-width: 640px) 100vw, 640px\" \/><figcaption id=\"caption-attachment-120650\" class=\"wp-caption-text\">Los menores son los m\u00e1s felices con esta obra que les permitir\u00e1 recrearse en forma segura y practicar deportes.<\/figcaption><\/figure>\n<figure id=\"attachment_120651\" aria-describedby=\"caption-attachment-120651\" style=\"width: 699px\" class=\"wp-caption alignnone\"><img data-recalc-dims=\"1\" loading=\"lazy\" decoding=\"async\" class=\"size-full wp-image-120651\" src=\"https:\/\/i0.wp.com\/eltrabajo.cl\/portal\/wp-content\/uploads\/2023\/03\/multicancha_P-Valdivia-3.jpg?resize=640%2C427&#038;ssl=1\" alt=\"Nuestro baile nacional no pod\u00eda estar ausente en tan significativo acontecimiento.\" width=\"640\" height=\"427\" srcset=\"https:\/\/i0.wp.com\/eltrabajo.cl\/portal\/wp-content\/uploads\/2023\/03\/multicancha_P-Valdivia-3.jpg?w=699&amp;ssl=1 699w, https:\/\/i0.wp.com\/eltrabajo.cl\/portal\/wp-content\/uploads\/2023\/03\/multicancha_P-Valdivia-3.jpg?resize=300%2C200&amp;ssl=1 300w, https:\/\/i0.wp.com\/eltrabajo.cl\/portal\/wp-content\/uploads\/2023\/03\/multicancha_P-Valdivia-3.jpg?resize=200%2C133&amp;ssl=1 200w, https:\/\/i0.wp.com\/eltrabajo.cl\/portal\/wp-content\/uploads\/2023\/03\/multicancha_P-Valdivia-3.jpg?resize=696%2C464&amp;ssl=1 696w\" sizes=\"auto, (max-width: 640px) 100vw, 640px\" \/><figcaption id=\"caption-attachment-120651\" class=\"wp-caption-text\">Nuestro baile nacional no pod\u00eda estar ausente en tan significativo acontecimiento.<\/figcaption><\/figure>\n","protected":false},"excerpt":{"rendered":"<p>Proyecto de $105 millones fue financiado por el Gobierno Regional de Valpara\u00edso y consider\u00f3 estructura de hormig\u00f3n con sello acr\u00edlico, cierre perimetral, demarcaciones para tres disciplinas (baby f\u00fatbol, b\u00e1squetbol y voleibol) e&#8230;<\/p>\n","protected":false},"author":482,"featured_media":120649,"comment_status":"closed","ping_status":"open","sticky":false,"template":"","format":"standard","meta":{"advanced_seo_description":"","jetpack_seo_html_title":"","jetpack_seo_noindex":false,"_jetpack_memberships_contains_paid_content":false,"footnotes":""},"categories":[103],"tags":[],"class_list":["post-120648","post","type-post","status-publish","format-standard","has-post-thumbnail","hentry","category-cronica-2"],"jetpack_featured_media_url":"https:\/\/i0.wp.com\/eltrabajo.cl\/portal\/wp-content\/uploads\/2023\/03\/multicancha_P-Valdivia-1.jpg?fit=699%2C466&ssl=1","jetpack_sharing_enabled":true,"jetpack_likes_enabled":true,"jetpack-related-posts":[],"_links":{"self":[{"href":"https:\/\/eltrabajo.cl\/portal\/wp-json\/wp\/v2\/posts\/120648","targetHints":{"allow":["GET"]}}],"collection":[{"href":"https:\/\/eltrabajo.cl\/portal\/wp-json\/wp\/v2\/posts"}],"about":[{"href":"https:\/\/eltrabajo.cl\/portal\/wp-json\/wp\/v2\/types\/post"}],"author":[{"embeddable":true,"href":"https:\/\/eltrabajo.cl\/portal\/wp-json\/wp\/v2\/users\/482"}],"replies":[{"embeddable":true,"href":"https:\/\/eltrabajo.cl\/portal\/wp-json\/wp\/v2\/comments?post=120648"}],"version-history":[{"count":1,"href":"https:\/\/eltrabajo.cl\/portal\/wp-json\/wp\/v2\/posts\/120648\/revisions"}],"predecessor-version":[{"id":120652,"href":"https:\/\/eltrabajo.cl\/portal\/wp-json\/wp\/v2\/posts\/120648\/revisions\/120652"}],"wp:featuredmedia":[{"embeddable":true,"href":"https:\/\/eltrabajo.cl\/portal\/wp-json\/wp\/v2\/media\/120649"}],"wp:attachment":[{"href":"https:\/\/eltrabajo.cl\/portal\/wp-json\/wp\/v2\/media?parent=120648"}],"wp:term":[{"taxonomy":"category","embeddable":true,"href":"https:\/\/eltrabajo.cl\/portal\/wp-json\/wp\/v2\/categories?post=120648"},{"taxonomy":"post_tag","embeddable":true,"href":"https:\/\/eltrabajo.cl\/portal\/wp-json\/wp\/v2\/tags?post=120648"}],"curies":[{"name":"wp","href":"https:\/\/api.w.org\/{rel}","templated":true}]}}