{"id":120657,"date":"2023-03-22T07:38:00","date_gmt":"2023-03-22T10:38:00","guid":{"rendered":"https:\/\/eltrabajo.cl\/portal\/?p=120657"},"modified":"2023-03-21T23:54:55","modified_gmt":"2023-03-22T02:54:55","slug":"estamos-solos-asegura-dirigente-de-el-senorial-frente-a-hechos-delictuales","status":"publish","type":"post","link":"https:\/\/eltrabajo.cl\/portal\/estamos-solos-asegura-dirigente-de-el-senorial-frente-a-hechos-delictuales\/","title":{"rendered":"\u00abEstamos solos\u00bb, asegura dirigente de\u00a0El Se\u00f1orial frente a hechos delictuales"},"content":{"rendered":"<p style=\"text-align: justify;\">Plena luz del d\u00eda y las rejas con doble llave y aumento de perros guardianes, es la radiograf\u00eda de Villa El Se\u00f1orial ubicada al Oriente de San Felipe.<\/p>\n<p style=\"text-align: justify;\">Desde hace tiempo que los vecinos vienen reclamando la presencia de gente inescrupulosa que observa el comportamiento cotidiano, presumiblemente con el af\u00e1n de robar; dice la presidenta de la junta de vecinos, <strong>\u00c9rika \u00c1lvarez<\/strong>.<\/p>\n<p style=\"text-align: justify;\">La dirigente sostuvo que lamentablemente el sector est\u00e1 considerado como \u2018No Vulnerable\u2019, por ende no pueden optar a beneficios gratuitos como son las Alarmas Comunitarias.<\/p>\n<p style=\"text-align: justify;\">Si bien es cierto algunas viviendas cuentan con este equipo, son las menos, ya que deben postular al cofinanciamiento que por vivienda es de 18 mil pesos.<\/p>\n<p style=\"text-align: justify;\">Esta Villa, cuenta \u00c1lvarez, es una populosa poblaci\u00f3n que cuenta casi con 2 mil casas con realidades socioecon\u00f3micas diversas.<\/p>\n<p style=\"text-align: justify;\">\u00ab<em>Hay vecinos que les han robado macetas con plantas, a otros hasta su veh\u00edculo. Estamos solos\u00bb,<\/em> agrega.<\/p>\n<p style=\"text-align: justify;\"><span style=\"color: #ff0000;\">VIGILANCIA<\/span><\/p>\n<p style=\"text-align: justify;\">Respecto a patrullajes policiales y municipal, \u00c9rika \u00c1lvarez dice que no es rutinario. Los vecinos saben que no se debe tomar justicia con las propias manos, mas llega un momento que la angustia se apodera. Es as\u00ed como aquellos que a\u00fan no cuentan con Alarma Comunitaria o C\u00e1mara de Vigilancia, deben conformar con volver a utilizar los silbatos para espantar a \u2018los amigos de lo ajeno\u2019.<\/p>\n<p style=\"text-align: justify;\">\u00ab<em>La Villa El Se\u00f1orial es un barrio organizado\u00bb,<\/em> concluye \u00c1lvarez.<\/p>\n<figure id=\"attachment_120658\" aria-describedby=\"caption-attachment-120658\" style=\"width: 1600px\" class=\"wp-caption alignnone\"><img data-recalc-dims=\"1\" loading=\"lazy\" decoding=\"async\" class=\"size-full wp-image-120658\" src=\"https:\/\/i0.wp.com\/eltrabajo.cl\/portal\/wp-content\/uploads\/2023\/03\/senorial-erika-alvarez.jpg?resize=640%2C360&#038;ssl=1\" alt=\"\u00c9rika \u00c1lvarez, presidenta de Villa El Se\u00f1orial, muestra una de las pocas alarmas comunitarias que existen en el sector.\" width=\"640\" height=\"360\" \/><figcaption id=\"caption-attachment-120658\" class=\"wp-caption-text\">\u00c9rika \u00c1lvarez, presidenta de Villa El Se\u00f1orial, muestra una de las pocas alarmas comunitarias que existen en el sector.<\/figcaption><\/figure>\n<figure id=\"attachment_120659\" aria-describedby=\"caption-attachment-120659\" style=\"width: 700px\" class=\"wp-caption alignnone\"><img data-recalc-dims=\"1\" loading=\"lazy\" decoding=\"async\" class=\"size-full wp-image-120659\" src=\"https:\/\/i0.wp.com\/eltrabajo.cl\/portal\/wp-content\/uploads\/2023\/03\/senorial-2.jpg?resize=640%2C650&#038;ssl=1\" alt=\"\u2018ESTAMOS SOLOS\u2019.- El sector es considerado como \u2018No Vulnerable\u2019, por tanto no pueden optar a beneficios como las alarmas comunitarias. Por eso deben arregl\u00e1rselas como puedan, al fin y al cabo est\u00e1n solos.\" width=\"640\" height=\"650\" srcset=\"https:\/\/i0.wp.com\/eltrabajo.cl\/portal\/wp-content\/uploads\/2023\/03\/senorial-2.jpg?w=700&amp;ssl=1 700w, https:\/\/i0.wp.com\/eltrabajo.cl\/portal\/wp-content\/uploads\/2023\/03\/senorial-2.jpg?resize=295%2C300&amp;ssl=1 295w, https:\/\/i0.wp.com\/eltrabajo.cl\/portal\/wp-content\/uploads\/2023\/03\/senorial-2.jpg?resize=148%2C150&amp;ssl=1 148w, https:\/\/i0.wp.com\/eltrabajo.cl\/portal\/wp-content\/uploads\/2023\/03\/senorial-2.jpg?resize=696%2C707&amp;ssl=1 696w\" sizes=\"auto, (max-width: 640px) 100vw, 640px\" \/><figcaption id=\"caption-attachment-120659\" class=\"wp-caption-text\">\u2018ESTAMOS SOLOS\u2019.- El sector es considerado como \u2018No Vulnerable\u2019, por tanto no pueden optar a beneficios como las alarmas comunitarias. Por eso deben arregl\u00e1rselas como puedan, al fin y al cabo est\u00e1n solos.<\/figcaption><\/figure>\n","protected":false},"excerpt":{"rendered":"<p>Plena luz del d\u00eda y las rejas con doble llave y aumento de perros guardianes, es la radiograf\u00eda de Villa El Se\u00f1orial ubicada al Oriente de San Felipe. Desde hace tiempo que&#8230;<\/p>\n","protected":false},"author":482,"featured_media":120659,"comment_status":"closed","ping_status":"open","sticky":false,"template":"","format":"standard","meta":{"advanced_seo_description":"","jetpack_seo_html_title":"","jetpack_seo_noindex":false,"_jetpack_memberships_contains_paid_content":false,"footnotes":""},"categories":[15],"tags":[],"class_list":["post-120657","post","type-post","status-publish","format-standard","has-post-thumbnail","hentry","category-comunidad"],"jetpack_featured_media_url":"https:\/\/i0.wp.com\/eltrabajo.cl\/portal\/wp-content\/uploads\/2023\/03\/senorial-2.jpg?fit=700%2C711&ssl=1","jetpack_sharing_enabled":true,"jetpack_likes_enabled":true,"jetpack-related-posts":[],"_links":{"self":[{"href":"https:\/\/eltrabajo.cl\/portal\/wp-json\/wp\/v2\/posts\/120657","targetHints":{"allow":["GET"]}}],"collection":[{"href":"https:\/\/eltrabajo.cl\/portal\/wp-json\/wp\/v2\/posts"}],"about":[{"href":"https:\/\/eltrabajo.cl\/portal\/wp-json\/wp\/v2\/types\/post"}],"author":[{"embeddable":true,"href":"https:\/\/eltrabajo.cl\/portal\/wp-json\/wp\/v2\/users\/482"}],"replies":[{"embeddable":true,"href":"https:\/\/eltrabajo.cl\/portal\/wp-json\/wp\/v2\/comments?post=120657"}],"version-history":[{"count":1,"href":"https:\/\/eltrabajo.cl\/portal\/wp-json\/wp\/v2\/posts\/120657\/revisions"}],"predecessor-version":[{"id":120661,"href":"https:\/\/eltrabajo.cl\/portal\/wp-json\/wp\/v2\/posts\/120657\/revisions\/120661"}],"wp:featuredmedia":[{"embeddable":true,"href":"https:\/\/eltrabajo.cl\/portal\/wp-json\/wp\/v2\/media\/120659"}],"wp:attachment":[{"href":"https:\/\/eltrabajo.cl\/portal\/wp-json\/wp\/v2\/media?parent=120657"}],"wp:term":[{"taxonomy":"category","embeddable":true,"href":"https:\/\/eltrabajo.cl\/portal\/wp-json\/wp\/v2\/categories?post=120657"},{"taxonomy":"post_tag","embeddable":true,"href":"https:\/\/eltrabajo.cl\/portal\/wp-json\/wp\/v2\/tags?post=120657"}],"curies":[{"name":"wp","href":"https:\/\/api.w.org\/{rel}","templated":true}]}}