{"id":120836,"date":"2023-03-29T07:54:40","date_gmt":"2023-03-29T10:54:40","guid":{"rendered":"https:\/\/eltrabajo.cl\/portal\/?p=120836"},"modified":"2023-03-28T23:23:15","modified_gmt":"2023-03-29T02:23:15","slug":"ministerio-de-transportes-adjudico-nueva-planta-de-revision-tecnica-en-san-felipe","status":"publish","type":"post","link":"https:\/\/eltrabajo.cl\/portal\/ministerio-de-transportes-adjudico-nueva-planta-de-revision-tecnica-en-san-felipe\/","title":{"rendered":"Ministerio de Transportes adjudic\u00f3 nueva planta de revisi\u00f3n t\u00e9cnica en San Felipe"},"content":{"rendered":"<figure id=\"attachment_120838\" aria-describedby=\"caption-attachment-120838\" style=\"width: 300px\" class=\"wp-caption alignright\"><img data-recalc-dims=\"1\" loading=\"lazy\" decoding=\"async\" class=\"wp-image-120838 size-medium\" src=\"https:\/\/i0.wp.com\/eltrabajo.cl\/portal\/wp-content\/uploads\/2023\/03\/claudio-diaz.jpg?resize=300%2C246&#038;ssl=1\" alt=\"Claudio D\u00edaz, Director de Obras de la Municipalidad de San Felipe.\" width=\"300\" height=\"246\" srcset=\"https:\/\/i0.wp.com\/eltrabajo.cl\/portal\/wp-content\/uploads\/2023\/03\/claudio-diaz.jpg?resize=300%2C246&amp;ssl=1 300w, https:\/\/i0.wp.com\/eltrabajo.cl\/portal\/wp-content\/uploads\/2023\/03\/claudio-diaz.jpg?resize=183%2C150&amp;ssl=1 183w, https:\/\/i0.wp.com\/eltrabajo.cl\/portal\/wp-content\/uploads\/2023\/03\/claudio-diaz.jpg?resize=696%2C572&amp;ssl=1 696w, https:\/\/i0.wp.com\/eltrabajo.cl\/portal\/wp-content\/uploads\/2023\/03\/claudio-diaz.jpg?w=700&amp;ssl=1 700w\" sizes=\"auto, (max-width: 300px) 100vw, 300px\" \/><figcaption id=\"caption-attachment-120838\" class=\"wp-caption-text\">Claudio D\u00edaz, Director de Obras de la Municipalidad de San Felipe.<\/figcaption><\/figure>\n<ul style=\"text-align: justify;\">\n<li style=\"text-align: left;\"><strong>Proyecto ahora debe ingresar y realizar la tramitaci\u00f3n respectiva en el municipio.-<\/strong><\/li>\n<\/ul>\n<p style=\"text-align: justify;\">El Ministerio de Transportes y Telecomunicaciones licit\u00f3 y adjudic\u00f3 una nueva planta de revisi\u00f3n t\u00e9cnica en San Felipe, la que estar\u00e1 ubicada en el sector de Tres Esquinas. El proyecto ahora debe ingresar al municipio, la Direcci\u00f3n de Obras, propiamente tal, para as\u00ed comenzar con la tramitaci\u00f3n respectiva para su construcci\u00f3n.<\/p>\n<p style=\"text-align: justify;\">El Director de Obras del Municipio, <strong>Claudio D\u00edaz<\/strong>, se\u00f1al\u00f3 que <em>\u00abla informaci\u00f3n oficial que nosotros tenemos, es que el Ministerio de Transportes licit\u00f3 y adjudic\u00f3 una planta de revisi\u00f3n t\u00e9cnica para San Felipe, que es un proceso t\u00e9cnico y administrativo con el Ministerio de Transportes y el adjudicatario de esta propuesta que gan\u00f3, tiene definido su planta en un terreno en el sector de Tres Esquinas, desde el puente Pocuro un poco m\u00e1s hacia el enlace de Tres Esquinas\u00bb.<\/em><\/p>\n<p style=\"text-align: justify;\">En este mismo sentido, D\u00edaz explic\u00f3 que la adjudicaci\u00f3n que entreg\u00f3 la cartera de Transportes es el primer paso, y obligatorio, para que de esta manera se pueda continuar con el trabajo en la entidad edilicia.<\/p>\n<p style=\"text-align: justify;\">\u00ab<em>La informaci\u00f3n que tenemos es que es en ese rol que estar\u00eda ubicada la nueva planta. El proyecto de la planta no ha ingresado nada a la Municipalidad de San Felipe y su Direcci\u00f3n de Obras, porque era pre requisito, antes de iniciar cualquier elaboraci\u00f3n de dise\u00f1o, que se definiera primero la adjudicaci\u00f3n de esta planta a nivel administrativo\u00bb,<\/em> precis\u00f3 Claudio D\u00edaz.<\/p>\n<p style=\"text-align: justify;\">El Director de Obras del municipio agreg\u00f3 que este terreno donde se pretende emplazar esta nueva planta de revisi\u00f3n t\u00e9cnica, est\u00e1 catalogado como un sector industrial en la comuna por el plan regulador, por lo que desde ese punto de vista no habr\u00eda inconveniente para su construcci\u00f3n.<\/p>\n<p style=\"text-align: justify;\">\u00ab<em>Ese es un sector industrial del punto de vista del plan regulador y las actividades de planta de revisi\u00f3n t\u00e9cnica han sido calificadas como actividades similares a la industria, por tanto, es un uso coherente con el destino que tiene esta planta\u00bb,<\/em> detall\u00f3.<\/p>\n<p style=\"text-align: justify;\">Respecto de cu\u00e1les son los pasos a seguir en torno a este proyecto, Claudio D\u00edaz sostuvo que <em>\u00abpara que el particular haga efectivo la concesi\u00f3n que se le entreg\u00f3, debe ingresar un proyecto formal a la Direcci\u00f3n de Obras para que sea aprobada desde el punto de vista t\u00e9cnico, y de ah\u00ed, obtener el permiso de obras, construir la planta y despu\u00e9s de recepcionarla para que pueda entrar en funcionamiento\u00bb. <\/em><\/p>\n<p style=\"text-align: justify;\">Se espera que el proyecto ingrese prontamente al municipio para poder avanzar en su tramitaci\u00f3n y la ciudad cuente con una nueva planta de revisi\u00f3n t\u00e9cnica.<\/p>\n<figure id=\"attachment_120837\" aria-describedby=\"caption-attachment-120837\" style=\"width: 699px\" class=\"wp-caption alignnone\"><img data-recalc-dims=\"1\" loading=\"lazy\" decoding=\"async\" class=\"size-full wp-image-120837\" src=\"https:\/\/i0.wp.com\/eltrabajo.cl\/portal\/wp-content\/uploads\/2023\/03\/planta-revision.jpg?resize=640%2C427&#038;ssl=1\" alt=\"El Ministerio de Transportes licit\u00f3 y adjudic\u00f3 una planta de revisi\u00f3n t\u00e9cnica en el sector de Tres Esquinas. (Imagen referencial)\" width=\"640\" height=\"427\" srcset=\"https:\/\/i0.wp.com\/eltrabajo.cl\/portal\/wp-content\/uploads\/2023\/03\/planta-revision.jpg?w=699&amp;ssl=1 699w, https:\/\/i0.wp.com\/eltrabajo.cl\/portal\/wp-content\/uploads\/2023\/03\/planta-revision.jpg?resize=300%2C200&amp;ssl=1 300w, https:\/\/i0.wp.com\/eltrabajo.cl\/portal\/wp-content\/uploads\/2023\/03\/planta-revision.jpg?resize=200%2C133&amp;ssl=1 200w, https:\/\/i0.wp.com\/eltrabajo.cl\/portal\/wp-content\/uploads\/2023\/03\/planta-revision.jpg?resize=696%2C464&amp;ssl=1 696w\" sizes=\"auto, (max-width: 640px) 100vw, 640px\" \/><figcaption id=\"caption-attachment-120837\" class=\"wp-caption-text\">El Ministerio de Transportes licit\u00f3 y adjudic\u00f3 una planta de revisi\u00f3n t\u00e9cnica en el sector de Tres Esquinas. (Imagen referencial)<\/figcaption><\/figure>\n","protected":false},"excerpt":{"rendered":"<p>Proyecto ahora debe ingresar y realizar la tramitaci\u00f3n respectiva en el municipio.- El Ministerio de Transportes y Telecomunicaciones licit\u00f3 y adjudic\u00f3 una nueva planta de revisi\u00f3n t\u00e9cnica en San Felipe, la que&#8230;<\/p>\n","protected":false},"author":482,"featured_media":120837,"comment_status":"closed","ping_status":"open","sticky":false,"template":"","format":"standard","meta":{"advanced_seo_description":"","jetpack_seo_html_title":"","jetpack_seo_noindex":false,"_jetpack_memberships_contains_paid_content":false,"footnotes":""},"categories":[103],"tags":[],"class_list":["post-120836","post","type-post","status-publish","format-standard","has-post-thumbnail","hentry","category-cronica-2"],"jetpack_featured_media_url":"https:\/\/i0.wp.com\/eltrabajo.cl\/portal\/wp-content\/uploads\/2023\/03\/planta-revision.jpg?fit=699%2C466&ssl=1","jetpack_sharing_enabled":true,"jetpack_likes_enabled":true,"jetpack-related-posts":[],"_links":{"self":[{"href":"https:\/\/eltrabajo.cl\/portal\/wp-json\/wp\/v2\/posts\/120836","targetHints":{"allow":["GET"]}}],"collection":[{"href":"https:\/\/eltrabajo.cl\/portal\/wp-json\/wp\/v2\/posts"}],"about":[{"href":"https:\/\/eltrabajo.cl\/portal\/wp-json\/wp\/v2\/types\/post"}],"author":[{"embeddable":true,"href":"https:\/\/eltrabajo.cl\/portal\/wp-json\/wp\/v2\/users\/482"}],"replies":[{"embeddable":true,"href":"https:\/\/eltrabajo.cl\/portal\/wp-json\/wp\/v2\/comments?post=120836"}],"version-history":[{"count":3,"href":"https:\/\/eltrabajo.cl\/portal\/wp-json\/wp\/v2\/posts\/120836\/revisions"}],"predecessor-version":[{"id":120841,"href":"https:\/\/eltrabajo.cl\/portal\/wp-json\/wp\/v2\/posts\/120836\/revisions\/120841"}],"wp:featuredmedia":[{"embeddable":true,"href":"https:\/\/eltrabajo.cl\/portal\/wp-json\/wp\/v2\/media\/120837"}],"wp:attachment":[{"href":"https:\/\/eltrabajo.cl\/portal\/wp-json\/wp\/v2\/media?parent=120836"}],"wp:term":[{"taxonomy":"category","embeddable":true,"href":"https:\/\/eltrabajo.cl\/portal\/wp-json\/wp\/v2\/categories?post=120836"},{"taxonomy":"post_tag","embeddable":true,"href":"https:\/\/eltrabajo.cl\/portal\/wp-json\/wp\/v2\/tags?post=120836"}],"curies":[{"name":"wp","href":"https:\/\/api.w.org\/{rel}","templated":true}]}}