{"id":121958,"date":"2023-05-23T07:40:49","date_gmt":"2023-05-23T11:40:49","guid":{"rendered":"https:\/\/eltrabajo.cl\/portal\/?p=121958"},"modified":"2023-05-22T22:39:34","modified_gmt":"2023-05-23T02:39:34","slug":"os7-carabineros-allano-domicilio-en-catemu-e-incauto-mas-de-500-dosis-de-pasta-base","status":"publish","type":"post","link":"https:\/\/eltrabajo.cl\/portal\/os7-carabineros-allano-domicilio-en-catemu-e-incauto-mas-de-500-dosis-de-pasta-base\/","title":{"rendered":"OS7 Carabineros allan\u00f3 domicilio en Catemu e incaut\u00f3 m\u00e1s de 500 dosis de pasta base"},"content":{"rendered":"<ul>\n<li><strong>Investigaci\u00f3n se dio gracias a denuncias an\u00f3nimas de los habitantes de la comuna.-<\/strong><\/li>\n<\/ul>\n<p>Personal del OS7 de Carabineros logr\u00f3 la incautaci\u00f3n de m\u00e1s de 500 dosis de pasta base de coca\u00edna luego de allanar un domicilio en la comuna de Catemu. Tras una denuncia an\u00f3nima de los habitantes, personal especializado comenz\u00f3 a realizar diligencias investigativas para determinar el delito que se estaba cometiendo.<\/p>\n<p>El teniente <strong>Michael Avenda\u00f1o<\/strong> del OS7 de Carabineros de Aconcagua, indic\u00f3 que la droga incautada tiene un aval\u00fao de m\u00e1s de dos millones de pesos. <em>\u00abNosotros como unidad especializada en drogas recibimos una denuncia an\u00f3nima por parte de vecinos del sector de Catemu, quienes sindicaban que, en un domicilio de la comuna, sus habitantes se dedicaban al tr\u00e1fico de drogas.<\/em><\/p>\n<p>\u00ab<em>Con esta informaci\u00f3n y mediante t\u00e9cnicas investigativas que realizamos con la t\u00e9cnica del agente revelador, se logr\u00f3 identificar este inmueble y la identificaci\u00f3n de dos personas que se dedicaban a la venta de pasta base de coca\u00edna\u00bb,<\/em> agreg\u00f3 el Teniente.<\/p>\n<p>Es as\u00ed como con estos antecedentes, se pidi\u00f3 al Ministerio P\u00fablico la respectiva orden de allanamiento, la que fue ejecutada por personal del OS7. <em>\u00abSe solicit\u00f3 una orden de entrada y registro, la que fue autorizada por el magistrado de turno de San Felipe, logrando en el allanamiento la detenci\u00f3n de tres personas de nacionalidad chilena y la incautaci\u00f3n de m\u00e1s de 500 dosis de pasta base de coca\u00edna y distintas evidencias asociadas al il\u00edcito\u00bb,<\/em> sostuvo.<\/p>\n<p>En este mismo contexto, es que el teniente Avenda\u00f1o detall\u00f3 que <em>\u00abel aval\u00fao de estas sustancias, son m\u00e1s de 500 dosis de pasta base de coca\u00edna, y tiene un aval\u00fao aproximadamente de m\u00e1s de dos millones de pesos. En estricto rigor, viene a ser una investigaci\u00f3n por tr\u00e1fico en peque\u00f1as cantidades, lo que la gente conoce como microtr\u00e1fico, y da la seguridad a la comuna de Catemu que denuncia de manera an\u00f3nima que estaba viendo afectado su sector\u00bb. <\/em><\/p>\n<p>Asimismo, el Teniente puntualiz\u00f3 que <em>\u00ablos detenidos ten\u00edan un basto prontuario policial, pero no por el delito de drogas, propiamente tal. Uno de ellos ten\u00eda detenciones por robo en lugar habitado, robo en lugar no habitado, robo con intimaci\u00f3n, robo y porte de arma de fuego, y el otro detenido ten\u00eda detenciones por el delito de hurto\u00bb. <\/em><\/p>\n<p>De este procedimiento, Carabineros de la secci\u00f3n OS7 destac\u00f3 adem\u00e1s que todo esto nace de la denuncia an\u00f3nima de los propios vecinos de la comuna, por lo que instaron a la ciudadan\u00eda a denunciar estos hechos, pues, con esto, personal policial puede desarrollar dichas investigaciones.<\/p>\n<figure id=\"attachment_121959\" aria-describedby=\"caption-attachment-121959\" style=\"width: 700px\" class=\"wp-caption alignnone\"><img data-recalc-dims=\"1\" loading=\"lazy\" decoding=\"async\" class=\"size-full wp-image-121959\" src=\"https:\/\/i0.wp.com\/eltrabajo.cl\/portal\/wp-content\/uploads\/2023\/05\/pasta-3.jpg?resize=640%2C446&#038;ssl=1\" alt=\"Uno de los detenidos por Carabineros del OS7.\" width=\"640\" height=\"446\" srcset=\"https:\/\/i0.wp.com\/eltrabajo.cl\/portal\/wp-content\/uploads\/2023\/05\/pasta-3.jpg?w=700&amp;ssl=1 700w, https:\/\/i0.wp.com\/eltrabajo.cl\/portal\/wp-content\/uploads\/2023\/05\/pasta-3.jpg?resize=300%2C209&amp;ssl=1 300w, https:\/\/i0.wp.com\/eltrabajo.cl\/portal\/wp-content\/uploads\/2023\/05\/pasta-3.jpg?resize=200%2C139&amp;ssl=1 200w, https:\/\/i0.wp.com\/eltrabajo.cl\/portal\/wp-content\/uploads\/2023\/05\/pasta-3.jpg?resize=696%2C485&amp;ssl=1 696w\" sizes=\"auto, (max-width: 640px) 100vw, 640px\" \/><figcaption id=\"caption-attachment-121959\" class=\"wp-caption-text\">Uno de los detenidos por Carabineros del OS7.<\/figcaption><\/figure>\n","protected":false},"excerpt":{"rendered":"<p>Investigaci\u00f3n se dio gracias a denuncias an\u00f3nimas de los habitantes de la comuna.- Personal del OS7 de Carabineros logr\u00f3 la incautaci\u00f3n de m\u00e1s de 500 dosis de pasta base de coca\u00edna luego&#8230;<\/p>\n","protected":false},"author":482,"featured_media":121959,"comment_status":"closed","ping_status":"open","sticky":false,"template":"","format":"standard","meta":{"advanced_seo_description":"","jetpack_seo_html_title":"","jetpack_seo_noindex":false,"_jetpack_memberships_contains_paid_content":false,"footnotes":""},"categories":[21],"tags":[],"class_list":["post-121958","post","type-post","status-publish","format-standard","has-post-thumbnail","hentry","category-policial"],"jetpack_featured_media_url":"https:\/\/i0.wp.com\/eltrabajo.cl\/portal\/wp-content\/uploads\/2023\/05\/pasta-3.jpg?fit=700%2C488&ssl=1","jetpack_sharing_enabled":true,"jetpack_likes_enabled":true,"jetpack-related-posts":[],"_links":{"self":[{"href":"https:\/\/eltrabajo.cl\/portal\/wp-json\/wp\/v2\/posts\/121958","targetHints":{"allow":["GET"]}}],"collection":[{"href":"https:\/\/eltrabajo.cl\/portal\/wp-json\/wp\/v2\/posts"}],"about":[{"href":"https:\/\/eltrabajo.cl\/portal\/wp-json\/wp\/v2\/types\/post"}],"author":[{"embeddable":true,"href":"https:\/\/eltrabajo.cl\/portal\/wp-json\/wp\/v2\/users\/482"}],"replies":[{"embeddable":true,"href":"https:\/\/eltrabajo.cl\/portal\/wp-json\/wp\/v2\/comments?post=121958"}],"version-history":[{"count":1,"href":"https:\/\/eltrabajo.cl\/portal\/wp-json\/wp\/v2\/posts\/121958\/revisions"}],"predecessor-version":[{"id":121960,"href":"https:\/\/eltrabajo.cl\/portal\/wp-json\/wp\/v2\/posts\/121958\/revisions\/121960"}],"wp:featuredmedia":[{"embeddable":true,"href":"https:\/\/eltrabajo.cl\/portal\/wp-json\/wp\/v2\/media\/121959"}],"wp:attachment":[{"href":"https:\/\/eltrabajo.cl\/portal\/wp-json\/wp\/v2\/media?parent=121958"}],"wp:term":[{"taxonomy":"category","embeddable":true,"href":"https:\/\/eltrabajo.cl\/portal\/wp-json\/wp\/v2\/categories?post=121958"},{"taxonomy":"post_tag","embeddable":true,"href":"https:\/\/eltrabajo.cl\/portal\/wp-json\/wp\/v2\/tags?post=121958"}],"curies":[{"name":"wp","href":"https:\/\/api.w.org\/{rel}","templated":true}]}}