{"id":121965,"date":"2023-05-23T07:50:12","date_gmt":"2023-05-23T11:50:12","guid":{"rendered":"https:\/\/eltrabajo.cl\/portal\/?p=121965"},"modified":"2023-05-22T22:44:16","modified_gmt":"2023-05-23T02:44:16","slug":"unos-400-millones-en-putaendo-y-1-500-en-catemu-dejaria-royalty-minero","status":"publish","type":"post","link":"https:\/\/eltrabajo.cl\/portal\/unos-400-millones-en-putaendo-y-1-500-en-catemu-dejaria-royalty-minero\/","title":{"rendered":"Unos 400 millones en Putaendo y 1.500 en Catemu dejar\u00eda Royalty minero"},"content":{"rendered":"<p><span style=\"color: #ff0000;\"><strong>Inversi\u00f3n en infraestructura, principal punto:<\/strong><\/span><\/p>\n<p>La c\u00e1mara de Diputados aprob\u00f3 la creaci\u00f3n de un Royalty a la gran miner\u00eda, el que estar\u00eda conformado por tres fondos:\u00a0el primero para comunas mineras, el segundo Fondo Regional de Desarrollo y otro Fondo de \u00a0Equidad.<\/p>\n<p>Nuestro medio convers\u00f3n con alcaldes que van a recibir importantes recursos, tales como <strong>Mauricio Quiroz Chamorro<\/strong>, de Putaendo, que haciendo un estimativo ser\u00edan m\u00e1s de 400 millones, y <strong>Rodrigo D\u00edaz<\/strong>, de Catemu, que vendr\u00eda siendo la comuna m\u00e1s beneficiada porque \u00a0recibe recursos de los tres fondos, es decir unos 1.200 a 1.300 millones de pesos. Todo depender\u00e1 del <em>peak<\/em> de la producci\u00f3n.<\/p>\n<p>&nbsp;<\/p>\n<p><span style=\"color: #ff0000;\">ALCALDE MAURICIO QUIROZ DE PUTAENDO<\/span><\/p>\n<p>&#8211; Alcalde, alg\u00fan comentario porque se aprob\u00f3 la ley Royalty o impuesto espec\u00edfico, y hay comunas con un fondo de equidad, donde est\u00e1 Putaendo que va a recibir m\u00e1s de 400 millones, \u00bfqu\u00e9 opini\u00f3n le merece?<\/p>\n<p>&#8211; En primer lugar agradecer la gesti\u00f3n que se est\u00e1 haciendo desde el 2018, cuando un grupo de parlamentarios ingres\u00f3 al parlamento una iniciativa en torno a fijar un impuesto espec\u00edfico que se denomina Royalty a la gran miner\u00eda del cobre. Debo precisar que esto es a la gran miner\u00eda del cobre, no es a la peque\u00f1a ni mediana miner\u00eda que se va a ver afectada por este tipo de impuesto espec\u00edfico. Nos enteramos satisfactoriamente que es un proyecto que fue aprobado tanto por la c\u00e1mara de diputados como del senado. \u00bfCu\u00e1l es el impacto que genera para la comuna?, nosotros creemos que es un impacto significativo, estar\u00edamos por recibir a partir del 2024 alrededor de 403 millones de pesos que van a permitir aumentar los recursos disponibles en la comuna de Putaendo para inversi\u00f3n fundamentalmente. Nosotros hemos tomado la decisi\u00f3n de que esos recursos que nos puedan suplementar nuestro presupuesto, que siempre es ajustado, puedan ser invertidos en inversiones que se puedan visualizar por parte de la comunidad como un avance significativo en la calidad de vida de las personas y fundamentalmente a la recuperaci\u00f3n o mejoramiento de los espacios p\u00fablicos que es lo que pr\u00e1cticamente creemos nosotros en donde debieran focalizarse la mayor cantidad de estos recursos. Creemos que el hecho de ser beneficiarios de esta ley, de este impuesto, tiene que ver lamentablemente si con lo que significan nuestros malos \u00edndices de desarrollo humano y de vulnerabilidad. Estamos nosotros en el componente que se denomina equidad territorial. Porque los recursos se distribuyeron en tres grandes bloques, en el caso nuestro calzamos dentro de las comunas que van a recibir esto por el sentido de otorgarle mayor equidad territorial a la distribuci\u00f3n de presupuesto. As\u00ed es que estamos contentos con estos recursos, no resuelven sin duda la totalidad de los requerimientos que tenemos las comunas peque\u00f1as, pero sin duda que es un aporte y un aliciente para poder invertirlos de buena forma en beneficio de la comunidad.<\/p>\n<p>&#8211; <strong>O sea, como decimos en Chile, que la comunidad vea donde est\u00e1 invertida la plata en el fondo.<\/strong><\/p>\n<p>&#8211; S\u00ed, lo fundamental es que estos son recursos que al no estar considerados en el presupuesto ordinario nuestro, porque no le ten\u00edamos para el 2024, nos van a permitir efectivamente tomar una buena decisi\u00f3n de inversi\u00f3n y dem\u00e1s est\u00e1 decir que si estos recursos se invierten bien, su efecto, porque adem\u00e1s se van a proyectar durante 10 a\u00f1os, va a significar un aporte estrat\u00e9gico en algunas \u00e1reas, por ejemplo de inversi\u00f3n en espacios p\u00fablicos, mejoramiento de sistemas de alcantarillado, agua potable, tenemos tantos requerimientos, pero s\u00ed estamos contentos porque efectivamente esos recursos que nos vienen a mejorar la disponibilidad presupuestaria, nos van a permitir abordar temas que est\u00e1n sin resolver hace d\u00e9cadas\u2026 Hace d\u00e9cadas que hay temas que no han sido resueltos por el Estado y por lo tanto creemos que efectivamente comunas como Putaendo, que no tienen gran miner\u00eda, se benefician a partir de un componente como la equidad territorial, porque esto redistribuyen los recursos que ingresan al Estado en todas y cada una de las comunas de Chile.<\/p>\n<p>&#8211; <strong>A prop\u00f3sito, pero no es personificar en Putaendo, ve\u00eda comentarios en redes sociales, \u00bfse podr\u00eda producir un aumento en la dotaci\u00f3n de personal, \u2018apitutar\u2019 m\u00e1s gente, quiz\u00e1s un foco de corrupci\u00f3n en algunos lados, puede suceder eso alcalde o no?<\/strong><\/p>\n<p>&#8211; Yo lamento mucho que dentro de la propia discusi\u00f3n de esta ley, hayan algunos parlamentarios que pusieron en duda la transferencia de recursos a los municipios pensando que somos menores de edad y dando por hecho que todos los recursos en los municipios se malgastan o se usan de manera irregular, creo que esa es una afirmaci\u00f3n a lo menos temeraria y a lo menos injusta. Es verdad que ha habido casos de corrupci\u00f3n en algunos municipios de nuestro pa\u00eds, pero eso no significa que no sepamos administrar bien lo que se nos entrega, esto es como querer castigar al ej\u00e9rcito y no entregarle m\u00e1s presupuesto porque hemos tenido esc\u00e1ndalos de fraude o de mal gasto de recurso p\u00fablico, no tiene nada que ver una cosa con otra. Existen los mecanismos apropiados tanto de la Contralor\u00eda como los propios concejos municipales que fiscalizan el uso de los recursos y de los ciudadanos tambi\u00e9n que pueden permanentemente supervigilar lo que nosotros hacemos con recursos.<\/p>\n<p>&nbsp;<\/p>\n<p><span style=\"color: #ff0000;\">ALCALDE RODRIGO D\u00cdAZ DE CATEMU<\/span><\/p>\n<p>Por su parte el alcalde de Catemu, consultada su opini\u00f3n por la importante cantidad de dinero que llegar\u00eda a su comuna por parte del Royalty, se\u00f1al\u00f3:<\/p>\n<p>&#8211; Primero agradecer que por fin despu\u00e9s de 4 a\u00f1os se haya logrado despachar como ley el Royalty minero que deber\u00eda haber estado vigente desde hace 30 a\u00f1os. Es una necesidad absoluta, un punto de justicia, es cuando uno siente que el congreso b\u00e1sicamente empieza a hacer la pega que es despachar aquellas leyes que van en b\u00fasqueda de una equidad, una mejor distribuci\u00f3n de la ganancia, no s\u00f3lo de lo que recaudan las empresas que trabajan en el territorio nacional, sino que adem\u00e1s evitar que esos fondos que generan por esas empresas, vengan a centralizarse como ha sido toda la vida en Santiago, creo que ah\u00ed son dos noticias buenas a la vez, ya el s\u00f3lo hecho de que exista la ley. Luego cuando empieza a analizarla se da cuenta que son alrededor de 450 millones de d\u00f3lares los que se debiera recaudar v\u00eda el Royalty minero, siempre en consideraci\u00f3n que las industrias mineras alcancen los <em>peak<\/em> de producci\u00f3n. Porque tambi\u00e9n tiene que ver con cu\u00e1nto produce, cu\u00e1nto genera de ganancia, cu\u00e1nto tiene que pagar de Royalty. Una vez hecho este c\u00e1lculo 450 millones de d\u00f3lares, uno se da cuenta que tenemos por lo menos tres fondos que a nosotros como comuna nos va a impactar. El primero tiene que ver con esta mejor distribuci\u00f3n de las platas que van a llegar al Fondo Regional de producci\u00f3n y desarrollo, me parece que es donde ingresan ya platas a nuestro gobierno regional; para qu\u00e9, para que tenga m\u00e1s recursos para levantar fondos para los proyectos de las comunas, ya me parece eso una muy buena noticia. Luego viene el segundo fondo que es de la equidad territorial, donde hay 303 comunas a nivel nacional, donde nosotros estamos y tambi\u00e9n vamos a percibir por ese fondo un aproximado a 260 \u00f3 270 millones de pesos al a\u00f1o. \u00bfEs una buena cantidad? Es una buena cantidad y sobre ese viene el fondo de las comunas mineras, Catemu tambi\u00e9n est\u00e1 considerado\u00a0 dentro de las cinco comunas mineras que presentan nuestra regi\u00f3n, nosotros estamos y porque aqu\u00ed tenemos yacimiento y explotaci\u00f3n, hay fundici\u00f3n, o sea vivimos tambi\u00e9n todo los perjuicios que implica ser una comuna minera y ese fondo nos debiera dejar alrededor de 1.200 a 1.300 millones de pesos si sumamos al fondo de la equidad, estamos hablando de que vamos a recibir una inyecci\u00f3n de presupuesto que va a estar entre los 1.500 a 1.700 millones. Eso para una comuna que tiene un presupuesto de 4.500 millones, es un cuarto, o sea estamos hablando de una cantidad no menor.<\/p>\n<p>&#8211; <strong>\u00bfEn qu\u00e9 los va a invertir alcalde?<\/strong><\/p>\n<p>&#8211; No s\u00e9, eso tenemos que empezar a ver. Vamos a reforzar las \u00e1reas. Cu\u00e1les son las \u00e1reas m\u00e1s d\u00e9biles que tiene cualquier comuna pobre como la nuestra. Lo primero tiene que ver con el tema social, nosotros tenemos que ser capaces de invertir no s\u00f3lo m\u00e1s en la ayuda social, sino en la forma en que nosotros nos relacionamos con nuestra comunidad, por ejemplo necesitamos m\u00e1s buses para movilizar a nuestra gente, necesitamos espacios para poder reunirnos con las organizaciones comunitarias, hay un mont\u00f3n de apoyo que tenemos que empezar a entregar en esa v\u00eda social. Insisto, no puede ser s\u00f3lo el subsidio eterno de la caja de mercader\u00eda de pagar la cuenta. Tenemos que invertir para mejorar las condiciones en que se desarrolla socialmente nuestra comuna. Porque por otro lado viene la inversi\u00f3n para mejorar la calidad de vida en nuestra comuna, en profesionales para levantar mejores proyectos, invertir en una adecuada mantenci\u00f3n de nuestro pueblo. Yo le dir\u00eda que \u00bfen qu\u00e9 se gasta?, b\u00e1sicamente en dos o tres \u00e1reas: inversi\u00f3n social en proyectos y en profesionales para poder mejorar las condiciones de trabajo y en general de nuevos proyectos.<\/p>\n<p>Al finalizar se manifest\u00f3 contrario a esos que piensan que pueda producirse un foco de corrupci\u00f3n o \u2018apitutamiento\u2019.<\/p>\n<figure id=\"attachment_121966\" aria-describedby=\"caption-attachment-121966\" style=\"width: 698px\" class=\"wp-caption alignnone\"><img data-recalc-dims=\"1\" loading=\"lazy\" decoding=\"async\" class=\"size-full wp-image-121966\" src=\"https:\/\/i0.wp.com\/eltrabajo.cl\/portal\/wp-content\/uploads\/2023\/05\/Mauricio-Quiroz-Rodrigo-Diaz.jpg?resize=640%2C384&#038;ssl=1\" alt=\"Alcalde de Putaendo, Mauricio Quiroz. A la derecha, Rodrigo D\u00edaz.alcalde de Catemu.\n\" width=\"640\" height=\"384\" srcset=\"https:\/\/i0.wp.com\/eltrabajo.cl\/portal\/wp-content\/uploads\/2023\/05\/Mauricio-Quiroz-Rodrigo-Diaz.jpg?w=698&amp;ssl=1 698w, https:\/\/i0.wp.com\/eltrabajo.cl\/portal\/wp-content\/uploads\/2023\/05\/Mauricio-Quiroz-Rodrigo-Diaz.jpg?resize=300%2C180&amp;ssl=1 300w, https:\/\/i0.wp.com\/eltrabajo.cl\/portal\/wp-content\/uploads\/2023\/05\/Mauricio-Quiroz-Rodrigo-Diaz.jpg?resize=200%2C120&amp;ssl=1 200w, https:\/\/i0.wp.com\/eltrabajo.cl\/portal\/wp-content\/uploads\/2023\/05\/Mauricio-Quiroz-Rodrigo-Diaz.jpg?resize=696%2C418&amp;ssl=1 696w\" sizes=\"auto, (max-width: 640px) 100vw, 640px\" \/><figcaption id=\"caption-attachment-121966\" class=\"wp-caption-text\">Alcalde de Putaendo, Mauricio Quiroz. A la derecha, Rodrigo D\u00edaz.<br \/>alcalde de Catemu.<\/figcaption><\/figure>\n","protected":false},"excerpt":{"rendered":"<p>Inversi\u00f3n en infraestructura, principal punto: La c\u00e1mara de Diputados aprob\u00f3 la creaci\u00f3n de un Royalty a la gran miner\u00eda, el que estar\u00eda conformado por tres fondos:\u00a0el primero para comunas mineras, el segundo&#8230;<\/p>\n","protected":false},"author":482,"featured_media":121966,"comment_status":"closed","ping_status":"open","sticky":false,"template":"","format":"standard","meta":{"advanced_seo_description":"","jetpack_seo_html_title":"","jetpack_seo_noindex":false,"_jetpack_memberships_contains_paid_content":false,"footnotes":""},"categories":[103],"tags":[],"class_list":["post-121965","post","type-post","status-publish","format-standard","has-post-thumbnail","hentry","category-cronica-2"],"jetpack_featured_media_url":"https:\/\/i0.wp.com\/eltrabajo.cl\/portal\/wp-content\/uploads\/2023\/05\/Mauricio-Quiroz-Rodrigo-Diaz.jpg?fit=698%2C419&ssl=1","jetpack_sharing_enabled":true,"jetpack_likes_enabled":true,"jetpack-related-posts":[],"_links":{"self":[{"href":"https:\/\/eltrabajo.cl\/portal\/wp-json\/wp\/v2\/posts\/121965","targetHints":{"allow":["GET"]}}],"collection":[{"href":"https:\/\/eltrabajo.cl\/portal\/wp-json\/wp\/v2\/posts"}],"about":[{"href":"https:\/\/eltrabajo.cl\/portal\/wp-json\/wp\/v2\/types\/post"}],"author":[{"embeddable":true,"href":"https:\/\/eltrabajo.cl\/portal\/wp-json\/wp\/v2\/users\/482"}],"replies":[{"embeddable":true,"href":"https:\/\/eltrabajo.cl\/portal\/wp-json\/wp\/v2\/comments?post=121965"}],"version-history":[{"count":1,"href":"https:\/\/eltrabajo.cl\/portal\/wp-json\/wp\/v2\/posts\/121965\/revisions"}],"predecessor-version":[{"id":121967,"href":"https:\/\/eltrabajo.cl\/portal\/wp-json\/wp\/v2\/posts\/121965\/revisions\/121967"}],"wp:featuredmedia":[{"embeddable":true,"href":"https:\/\/eltrabajo.cl\/portal\/wp-json\/wp\/v2\/media\/121966"}],"wp:attachment":[{"href":"https:\/\/eltrabajo.cl\/portal\/wp-json\/wp\/v2\/media?parent=121965"}],"wp:term":[{"taxonomy":"category","embeddable":true,"href":"https:\/\/eltrabajo.cl\/portal\/wp-json\/wp\/v2\/categories?post=121965"},{"taxonomy":"post_tag","embeddable":true,"href":"https:\/\/eltrabajo.cl\/portal\/wp-json\/wp\/v2\/tags?post=121965"}],"curies":[{"name":"wp","href":"https:\/\/api.w.org\/{rel}","templated":true}]}}