{"id":121987,"date":"2023-05-24T07:45:57","date_gmt":"2023-05-24T11:45:57","guid":{"rendered":"https:\/\/eltrabajo.cl\/portal\/?p=121987"},"modified":"2023-05-23T22:05:32","modified_gmt":"2023-05-24T02:05:32","slug":"direccion-de-transito-enfrenta-sin-problemas-mayor-demanda-por-tramites","status":"publish","type":"post","link":"https:\/\/eltrabajo.cl\/portal\/direccion-de-transito-enfrenta-sin-problemas-mayor-demanda-por-tramites\/","title":{"rendered":"Direcci\u00f3n de Tr\u00e1nsito enfrenta sin problemas mayor demanda por tr\u00e1mites"},"content":{"rendered":"<figure id=\"attachment_121989\" aria-describedby=\"caption-attachment-121989\" style=\"width: 300px\" class=\"wp-caption alignright\"><img data-recalc-dims=\"1\" loading=\"lazy\" decoding=\"async\" class=\"wp-image-121989 size-medium\" src=\"https:\/\/i0.wp.com\/eltrabajo.cl\/portal\/wp-content\/uploads\/2023\/05\/transito-guillermo-orellana.jpg?resize=300%2C225&#038;ssl=1\" alt=\"Guillermo Orellana, Director de Tr\u00e1nsito de la Municipalidad de San Felipe.\" width=\"300\" height=\"225\" srcset=\"https:\/\/i0.wp.com\/eltrabajo.cl\/portal\/wp-content\/uploads\/2023\/05\/transito-guillermo-orellana.jpg?resize=300%2C225&amp;ssl=1 300w, https:\/\/i0.wp.com\/eltrabajo.cl\/portal\/wp-content\/uploads\/2023\/05\/transito-guillermo-orellana.jpg?resize=200%2C150&amp;ssl=1 200w, https:\/\/i0.wp.com\/eltrabajo.cl\/portal\/wp-content\/uploads\/2023\/05\/transito-guillermo-orellana.jpg?resize=696%2C521&amp;ssl=1 696w, https:\/\/i0.wp.com\/eltrabajo.cl\/portal\/wp-content\/uploads\/2023\/05\/transito-guillermo-orellana.jpg?w=700&amp;ssl=1 700w\" sizes=\"auto, (max-width: 300px) 100vw, 300px\" \/><figcaption id=\"caption-attachment-121989\" class=\"wp-caption-text\">Guillermo Orellana, Director de Tr\u00e1nsito de la Municipalidad de San Felipe.<\/figcaption><\/figure>\n<ul>\n<li><strong>Reforzando la atenci\u00f3n con personal especializado, se ha podido hacer pie a las decenas de personas que acuden a diario.-<\/strong><\/li>\n<\/ul>\n<p>A nivel nacional han causado pol\u00e9mica los largos tiempos de espera que han tenido los municipios para la obtenci\u00f3n o renovaci\u00f3n de las licencias de conducir. Hasta seis meses, en algunos casos, han debido esperar las personas para poder realizar el tr\u00e1mite.<\/p>\n<p>En el caso de la ciudad de San Felipe, la situaci\u00f3n, afortunadamente, no ha sido tan ca\u00f3tica como en otras comunas. As\u00ed lo explic\u00f3 el Director de Tr\u00e1nsito, <strong>Guillermo Orellana<\/strong>, quien sostuvo que <em>\u00abesto realmente era una cosa que estaba en conocimiento hace mucho tiempo y sab\u00edamos que iba a llegar esta avalancha de personas\u00bb.<\/em><\/p>\n<p>Es por tal motivo que desde dicha Direcci\u00f3n se prepararon con anticipaci\u00f3n reforz\u00e1ndose con el personal necesario; <em>\u00abel municipio se prepar\u00f3 y tenemos cuatro m\u00e9dicos en atenci\u00f3n, todos los d\u00edas horas m\u00e9dicas. Estamos atendiendo alrededor de 40 a 45 personas diarias, y las horas, m\u00e1s o menos, que se est\u00e1n dando para un mes o un mes y medio m\u00e1s, no m\u00e1s que eso\u00bb,<\/em> se\u00f1al\u00f3.<\/p>\n<p>Asimismo, Orellana indic\u00f3 que <em>\u00abindudablemente, algunas situaciones de emergencia las podemos suplir, por ejemplo, cuando llegan personas que viven de la licencia, que trabajan en camiones, buses, los atendemos en un sobre cupo que llamamos nosotros. En ese sentido, nos hemos manejado bien, no hemos tenido problemas en la atenci\u00f3n al p\u00fablico. <\/em><\/p>\n<p>\u00ab<em>A nivel pa\u00eds ha sido mucho la demanda, hay noticias que est\u00e1n dando horas para incluso seis meses m\u00e1s, para nosotros no ha sido as\u00ed, al mes siguiente damos la hora y atendemos a toda la gente\u00bb,<\/em> agreg\u00f3.<\/p>\n<p>Respecto de los tr\u00e1mites para la obtenci\u00f3n por primera vez de la licencia de conducir, Orellana dijo que <em>\u00ablo normal que hacemos, depende de su examen, entendiendo que a veces salen reprobados, se les va dando la hora. No estamos dando horas online por el exceso de solicitudes, hay gente que muchas veces no puede venir y les vamos dando esas horas\u00bb. <\/em><\/p>\n<p>La misma normalidad en la atenci\u00f3n se ha manifestado para los diversos tr\u00e1mites que realiza la Direcci\u00f3n de Tr\u00e1nsito, ya sean renovaciones, primera licencia, licencias profesionales, entre otras.<\/p>\n<figure id=\"attachment_121988\" aria-describedby=\"caption-attachment-121988\" style=\"width: 699px\" class=\"wp-caption alignnone\"><img data-recalc-dims=\"1\" loading=\"lazy\" decoding=\"async\" class=\"size-full wp-image-121988\" src=\"https:\/\/i0.wp.com\/eltrabajo.cl\/portal\/wp-content\/uploads\/2023\/05\/transito-publico.jpg?resize=640%2C480&#038;ssl=1\" alt=\"Decenas de vecinos llegan a diario para realizar sus tr\u00e1mites a la Direcci\u00f3n de Tr\u00e1nsito de San Felipe.\" width=\"640\" height=\"480\" srcset=\"https:\/\/i0.wp.com\/eltrabajo.cl\/portal\/wp-content\/uploads\/2023\/05\/transito-publico.jpg?w=699&amp;ssl=1 699w, https:\/\/i0.wp.com\/eltrabajo.cl\/portal\/wp-content\/uploads\/2023\/05\/transito-publico.jpg?resize=300%2C225&amp;ssl=1 300w, https:\/\/i0.wp.com\/eltrabajo.cl\/portal\/wp-content\/uploads\/2023\/05\/transito-publico.jpg?resize=200%2C150&amp;ssl=1 200w, https:\/\/i0.wp.com\/eltrabajo.cl\/portal\/wp-content\/uploads\/2023\/05\/transito-publico.jpg?resize=696%2C522&amp;ssl=1 696w\" sizes=\"auto, (max-width: 640px) 100vw, 640px\" \/><figcaption id=\"caption-attachment-121988\" class=\"wp-caption-text\">Decenas de vecinos llegan a diario para realizar sus tr\u00e1mites a la Direcci\u00f3n de Tr\u00e1nsito de San Felipe.<\/figcaption><\/figure>\n","protected":false},"excerpt":{"rendered":"<p>Reforzando la atenci\u00f3n con personal especializado, se ha podido hacer pie a las decenas de personas que acuden a diario.- A nivel nacional han causado pol\u00e9mica los largos tiempos de espera que&#8230;<\/p>\n","protected":false},"author":482,"featured_media":121988,"comment_status":"closed","ping_status":"open","sticky":false,"template":"","format":"standard","meta":{"advanced_seo_description":"","jetpack_seo_html_title":"","jetpack_seo_noindex":false,"_jetpack_memberships_contains_paid_content":false,"footnotes":""},"categories":[103],"tags":[],"class_list":["post-121987","post","type-post","status-publish","format-standard","has-post-thumbnail","hentry","category-cronica-2"],"jetpack_featured_media_url":"https:\/\/i0.wp.com\/eltrabajo.cl\/portal\/wp-content\/uploads\/2023\/05\/transito-publico.jpg?fit=699%2C524&ssl=1","jetpack_sharing_enabled":true,"jetpack_likes_enabled":true,"jetpack-related-posts":[],"_links":{"self":[{"href":"https:\/\/eltrabajo.cl\/portal\/wp-json\/wp\/v2\/posts\/121987","targetHints":{"allow":["GET"]}}],"collection":[{"href":"https:\/\/eltrabajo.cl\/portal\/wp-json\/wp\/v2\/posts"}],"about":[{"href":"https:\/\/eltrabajo.cl\/portal\/wp-json\/wp\/v2\/types\/post"}],"author":[{"embeddable":true,"href":"https:\/\/eltrabajo.cl\/portal\/wp-json\/wp\/v2\/users\/482"}],"replies":[{"embeddable":true,"href":"https:\/\/eltrabajo.cl\/portal\/wp-json\/wp\/v2\/comments?post=121987"}],"version-history":[{"count":1,"href":"https:\/\/eltrabajo.cl\/portal\/wp-json\/wp\/v2\/posts\/121987\/revisions"}],"predecessor-version":[{"id":121990,"href":"https:\/\/eltrabajo.cl\/portal\/wp-json\/wp\/v2\/posts\/121987\/revisions\/121990"}],"wp:featuredmedia":[{"embeddable":true,"href":"https:\/\/eltrabajo.cl\/portal\/wp-json\/wp\/v2\/media\/121988"}],"wp:attachment":[{"href":"https:\/\/eltrabajo.cl\/portal\/wp-json\/wp\/v2\/media?parent=121987"}],"wp:term":[{"taxonomy":"category","embeddable":true,"href":"https:\/\/eltrabajo.cl\/portal\/wp-json\/wp\/v2\/categories?post=121987"},{"taxonomy":"post_tag","embeddable":true,"href":"https:\/\/eltrabajo.cl\/portal\/wp-json\/wp\/v2\/tags?post=121987"}],"curies":[{"name":"wp","href":"https:\/\/api.w.org\/{rel}","templated":true}]}}