{"id":121997,"date":"2023-05-24T07:58:28","date_gmt":"2023-05-24T11:58:28","guid":{"rendered":"https:\/\/eltrabajo.cl\/portal\/?p=121997"},"modified":"2023-05-23T22:10:37","modified_gmt":"2023-05-24T02:10:37","slug":"a-la-carcel-por-cuatro-anos-depravado-que-abuso-de-menor-de-14","status":"publish","type":"post","link":"https:\/\/eltrabajo.cl\/portal\/a-la-carcel-por-cuatro-anos-depravado-que-abuso-de-menor-de-14\/","title":{"rendered":"A la c\u00e1rcel por cuatro a\u00f1os depravado que abus\u00f3 de menor de 14"},"content":{"rendered":"<ul>\n<li><strong>Il\u00edcito lo cometi\u00f3 durante toda una tarde con amiga de su hija en la comuna de Panquehue.-<\/strong><\/li>\n<\/ul>\n<p>El Tribunal Oral en Lo penal de San Felipe conden\u00f3 a la pena de 4 a\u00f1os de c\u00e1rcel a un sujeto que abus\u00f3 sexualmente de una menor de 14 a\u00f1os, amiga de su hija, en la comuna de Panquehue.<\/p>\n<p>Los hechos ocurren en el mes de diciembre del a\u00f1o 2017, en su propia casa ubicada en el sector de San Roque de Panquehue, donde el hoy condenado <strong>H.Z.D.<\/strong> abus\u00f3 sexualmente en cinco oportunidades durante una tarde,\u00a0 de la\u00a0 menor de 14 a\u00f1os, amiga de su hija, cuando \u00e9sta se encontraba en la casa.<\/p>\n<p>Tres acciones de abuso ocurrieron mientras la v\u00edctima estaba en el dormitorio, e incluso en un momento el imputado sale del lugar para ver si ven\u00eda alguien. Las otras, tambi\u00e9n de connotaci\u00f3n sexual, ocurrieron cuando la v\u00edctima estaba con un beb\u00e9 en brazos y su hija en el ba\u00f1o. Y la \u00faltima fue\u00a0 cuando la afectada estaba en la cocina. Despu\u00e9s de esto se retir\u00f3 del lugar.<\/p>\n<p>Los abusos, seg\u00fan el fallo, consistieron en tocaciones de las partes \u00edntimas de la menor, por sobre la ropa.<\/p>\n<p>El Fiscal <strong>Alejandro Bustos<\/strong> nos dijo que la\u00a0 lectura de la sentencia se llev\u00f3 a cabo el d\u00eda de ayer, a eso de las 17:30 horas, en las mismas dependencias, donde se conden\u00f3 a cuatro a\u00f1os de c\u00e1rcel efectiva al imputado.<\/p>\n<figure id=\"attachment_121998\" aria-describedby=\"caption-attachment-121998\" style=\"width: 699px\" class=\"wp-caption alignnone\"><img data-recalc-dims=\"1\" loading=\"lazy\" decoding=\"async\" class=\"size-full wp-image-121998\" src=\"https:\/\/i0.wp.com\/eltrabajo.cl\/portal\/wp-content\/uploads\/2023\/05\/abuso-sexual.jpg?resize=640%2C426&#038;ssl=1\" alt=\"El depravado realiz\u00f3 tocaciones en senos y vagina de la menor en forma reiterada durante un viernes de 2017. (Imagen referencial)\" width=\"640\" height=\"426\" srcset=\"https:\/\/i0.wp.com\/eltrabajo.cl\/portal\/wp-content\/uploads\/2023\/05\/abuso-sexual.jpg?w=699&amp;ssl=1 699w, https:\/\/i0.wp.com\/eltrabajo.cl\/portal\/wp-content\/uploads\/2023\/05\/abuso-sexual.jpg?resize=300%2C200&amp;ssl=1 300w, https:\/\/i0.wp.com\/eltrabajo.cl\/portal\/wp-content\/uploads\/2023\/05\/abuso-sexual.jpg?resize=200%2C133&amp;ssl=1 200w, https:\/\/i0.wp.com\/eltrabajo.cl\/portal\/wp-content\/uploads\/2023\/05\/abuso-sexual.jpg?resize=696%2C463&amp;ssl=1 696w\" sizes=\"auto, (max-width: 640px) 100vw, 640px\" \/><figcaption id=\"caption-attachment-121998\" class=\"wp-caption-text\">El depravado realiz\u00f3 tocaciones en senos y vagina de la menor en forma reiterada durante un viernes de 2017. (Imagen referencial)<\/figcaption><\/figure>\n","protected":false},"excerpt":{"rendered":"<p>Il\u00edcito lo cometi\u00f3 durante toda una tarde con amiga de su hija en la comuna de Panquehue.- El Tribunal Oral en Lo penal de San Felipe conden\u00f3 a la pena de 4&#8230;<\/p>\n","protected":false},"author":482,"featured_media":121998,"comment_status":"closed","ping_status":"open","sticky":false,"template":"","format":"standard","meta":{"advanced_seo_description":"","jetpack_seo_html_title":"","jetpack_seo_noindex":false,"_jetpack_memberships_contains_paid_content":false,"footnotes":""},"categories":[97],"tags":[],"class_list":["post-121997","post","type-post","status-publish","format-standard","has-post-thumbnail","hentry","category-tribunales"],"jetpack_featured_media_url":"https:\/\/i0.wp.com\/eltrabajo.cl\/portal\/wp-content\/uploads\/2023\/05\/abuso-sexual.jpg?fit=699%2C465&ssl=1","jetpack_sharing_enabled":true,"jetpack_likes_enabled":true,"jetpack-related-posts":[],"_links":{"self":[{"href":"https:\/\/eltrabajo.cl\/portal\/wp-json\/wp\/v2\/posts\/121997","targetHints":{"allow":["GET"]}}],"collection":[{"href":"https:\/\/eltrabajo.cl\/portal\/wp-json\/wp\/v2\/posts"}],"about":[{"href":"https:\/\/eltrabajo.cl\/portal\/wp-json\/wp\/v2\/types\/post"}],"author":[{"embeddable":true,"href":"https:\/\/eltrabajo.cl\/portal\/wp-json\/wp\/v2\/users\/482"}],"replies":[{"embeddable":true,"href":"https:\/\/eltrabajo.cl\/portal\/wp-json\/wp\/v2\/comments?post=121997"}],"version-history":[{"count":1,"href":"https:\/\/eltrabajo.cl\/portal\/wp-json\/wp\/v2\/posts\/121997\/revisions"}],"predecessor-version":[{"id":121999,"href":"https:\/\/eltrabajo.cl\/portal\/wp-json\/wp\/v2\/posts\/121997\/revisions\/121999"}],"wp:featuredmedia":[{"embeddable":true,"href":"https:\/\/eltrabajo.cl\/portal\/wp-json\/wp\/v2\/media\/121998"}],"wp:attachment":[{"href":"https:\/\/eltrabajo.cl\/portal\/wp-json\/wp\/v2\/media?parent=121997"}],"wp:term":[{"taxonomy":"category","embeddable":true,"href":"https:\/\/eltrabajo.cl\/portal\/wp-json\/wp\/v2\/categories?post=121997"},{"taxonomy":"post_tag","embeddable":true,"href":"https:\/\/eltrabajo.cl\/portal\/wp-json\/wp\/v2\/tags?post=121997"}],"curies":[{"name":"wp","href":"https:\/\/api.w.org\/{rel}","templated":true}]}}