{"id":122034,"date":"2023-05-26T07:25:17","date_gmt":"2023-05-26T11:25:17","guid":{"rendered":"https:\/\/eltrabajo.cl\/portal\/?p=122034"},"modified":"2023-05-25T22:36:35","modified_gmt":"2023-05-26T02:36:35","slug":"editaran-libro-con-relatos-de-historias-de-vida-de-mujeres-andinas","status":"publish","type":"post","link":"https:\/\/eltrabajo.cl\/portal\/editaran-libro-con-relatos-de-historias-de-vida-de-mujeres-andinas\/","title":{"rendered":"Editar\u00e1n libro con relatos de historias de vida de mujeres andinas"},"content":{"rendered":"<ul>\n<li><strong>Invitan a mujeres de Los Andes a compartir sus historias en breves relatos con el prop\u00f3sito de promover el fortalecimiento de sus autonom\u00edas a trav\u00e9s de historias reales.-<\/strong><\/li>\n<\/ul>\n<p>En la Casa Municipal de la Mujer se realiz\u00f3 el lanzamiento del proyecto \u2018Relatos de Mujeres Andinas\u2019, que es impulsado por el Programa Mujeres, Derechos Sexuales y Reproductivos, ejecutado por el municipio de Los Andes y que tiene como objetivo recolectar historias de vida de mujeres andinas y plasmarlas en un libro con el prop\u00f3sito de promover el fortalecimiento de sus autonom\u00edas a trav\u00e9s de historias reales.<\/p>\n<p><strong>Erika Gormaz<\/strong>, coordinadora municipal del Programa Mujeres, Derechos Sexuales y Reproductivos, dijo que <em>\u00abcomo equipo nos sentimos motivadas, es una iniciativa que tuvo SernamEG a nivel nacional y nosotras lo quisimos replicar en esta comuna\u00bb.<\/em><\/p>\n<p><strong>Paula Mart\u00ednez<\/strong>, profesional encargada regional del Programa Mujeres, Derechos Sexuales y Reproductivos, explic\u00f3 que <em>\u00abnosotros tenemos dos comunas a nivel regional que ejecutan este programa, una de ellas es Los Andes y es primera vez que se lanzan relatos a nivel comuna, porque anteriormente fue a nivel nacional.\u00a0 La idea es que las andinas puedan contar sus vivencias respecto a la sexualidad, de c\u00f3mo lo han vivido en sus distintas etapas, la invitaci\u00f3n a empoderarse\u00bb.<\/em><\/p>\n<p><strong>Marianella Benavides<\/strong> agreg\u00f3 <em>\u00abque, como concejala y la Fundadora de la Comisi\u00f3n de Mujer y Equidad de G\u00e9nero del Concejo Municipal, este es un momento importante, se abre espacio necesario en todos los \u00e1mbitos personales culturales y participativos\u00bb. <\/em><\/p>\n<p>Para <strong>Ignacio Le\u00f3n<\/strong>, director de Desarrollo Comunitario, esta es una estrategia que se viene desarrollando hace dos a\u00f1os con la instalaci\u00f3n de la Casa Municipal de la Mujer. <em>\u00abUn espacio abierto para todas las andinas, donde existen talleres y programas, hoy d\u00eda, queremos destacar los relatos de las mujeres que dar\u00e1 paso a un libro\u00bb.<\/em><\/p>\n<p>Los requisitos para participar son: ser de la comuna de Los Andes, tener m\u00e1s de 14 a\u00f1os y ser parte del Programa Mujeres, Derechos Sexuales y Reproductivos.<\/p>\n<p>Para conocer m\u00e1s detalles, revisa las bases en el sitio web <u>www.losandes.cl<\/u>. El plazo de recepci\u00f3n de relatos comienza hoy viernes 26 de mayo, y se extiende hasta el 31 de julio de 2023.<\/p>\n<figure id=\"attachment_122035\" aria-describedby=\"caption-attachment-122035\" style=\"width: 699px\" class=\"wp-caption alignnone\"><img data-recalc-dims=\"1\" loading=\"lazy\" decoding=\"async\" class=\"size-full wp-image-122035\" src=\"https:\/\/i0.wp.com\/eltrabajo.cl\/portal\/wp-content\/uploads\/2023\/05\/relatos-mujeres.jpg?resize=640%2C427&#038;ssl=1\" alt=\"La invitaci\u00f3n es a las mujeres de Los Andes a compartir sus historias de vida en breves relatos para plasmarlos en un libro.\" width=\"640\" height=\"427\" srcset=\"https:\/\/i0.wp.com\/eltrabajo.cl\/portal\/wp-content\/uploads\/2023\/05\/relatos-mujeres.jpg?w=699&amp;ssl=1 699w, https:\/\/i0.wp.com\/eltrabajo.cl\/portal\/wp-content\/uploads\/2023\/05\/relatos-mujeres.jpg?resize=300%2C200&amp;ssl=1 300w, https:\/\/i0.wp.com\/eltrabajo.cl\/portal\/wp-content\/uploads\/2023\/05\/relatos-mujeres.jpg?resize=200%2C133&amp;ssl=1 200w, https:\/\/i0.wp.com\/eltrabajo.cl\/portal\/wp-content\/uploads\/2023\/05\/relatos-mujeres.jpg?resize=696%2C464&amp;ssl=1 696w\" sizes=\"auto, (max-width: 640px) 100vw, 640px\" \/><figcaption id=\"caption-attachment-122035\" class=\"wp-caption-text\">La invitaci\u00f3n es a las mujeres de Los Andes a compartir sus historias de vida en breves relatos para plasmarlos en un libro.<\/figcaption><\/figure>\n","protected":false},"excerpt":{"rendered":"<p>Invitan a mujeres de Los Andes a compartir sus historias en breves relatos con el prop\u00f3sito de promover el fortalecimiento de sus autonom\u00edas a trav\u00e9s de historias reales.- En la Casa Municipal&#8230;<\/p>\n","protected":false},"author":482,"featured_media":122035,"comment_status":"closed","ping_status":"open","sticky":false,"template":"","format":"standard","meta":{"advanced_seo_description":"","jetpack_seo_html_title":"","jetpack_seo_noindex":false,"_jetpack_memberships_contains_paid_content":false,"footnotes":""},"categories":[103],"tags":[],"class_list":["post-122034","post","type-post","status-publish","format-standard","has-post-thumbnail","hentry","category-cronica-2"],"jetpack_featured_media_url":"https:\/\/i0.wp.com\/eltrabajo.cl\/portal\/wp-content\/uploads\/2023\/05\/relatos-mujeres.jpg?fit=699%2C466&ssl=1","jetpack_sharing_enabled":true,"jetpack_likes_enabled":true,"jetpack-related-posts":[],"_links":{"self":[{"href":"https:\/\/eltrabajo.cl\/portal\/wp-json\/wp\/v2\/posts\/122034","targetHints":{"allow":["GET"]}}],"collection":[{"href":"https:\/\/eltrabajo.cl\/portal\/wp-json\/wp\/v2\/posts"}],"about":[{"href":"https:\/\/eltrabajo.cl\/portal\/wp-json\/wp\/v2\/types\/post"}],"author":[{"embeddable":true,"href":"https:\/\/eltrabajo.cl\/portal\/wp-json\/wp\/v2\/users\/482"}],"replies":[{"embeddable":true,"href":"https:\/\/eltrabajo.cl\/portal\/wp-json\/wp\/v2\/comments?post=122034"}],"version-history":[{"count":1,"href":"https:\/\/eltrabajo.cl\/portal\/wp-json\/wp\/v2\/posts\/122034\/revisions"}],"predecessor-version":[{"id":122036,"href":"https:\/\/eltrabajo.cl\/portal\/wp-json\/wp\/v2\/posts\/122034\/revisions\/122036"}],"wp:featuredmedia":[{"embeddable":true,"href":"https:\/\/eltrabajo.cl\/portal\/wp-json\/wp\/v2\/media\/122035"}],"wp:attachment":[{"href":"https:\/\/eltrabajo.cl\/portal\/wp-json\/wp\/v2\/media?parent=122034"}],"wp:term":[{"taxonomy":"category","embeddable":true,"href":"https:\/\/eltrabajo.cl\/portal\/wp-json\/wp\/v2\/categories?post=122034"},{"taxonomy":"post_tag","embeddable":true,"href":"https:\/\/eltrabajo.cl\/portal\/wp-json\/wp\/v2\/tags?post=122034"}],"curies":[{"name":"wp","href":"https:\/\/api.w.org\/{rel}","templated":true}]}}