{"id":122099,"date":"2023-05-30T07:50:25","date_gmt":"2023-05-30T11:50:25","guid":{"rendered":"https:\/\/eltrabajo.cl\/portal\/?p=122099"},"modified":"2023-05-29T21:29:58","modified_gmt":"2023-05-30T01:29:58","slug":"ultimos-dias-para-colaborar-con-la-colecta-anual-nacional-de-coaniquem","status":"publish","type":"post","link":"https:\/\/eltrabajo.cl\/portal\/ultimos-dias-para-colaborar-con-la-colecta-anual-nacional-de-coaniquem\/","title":{"rendered":"\u00daltimos d\u00edas para colaborar con la colecta anual nacional de Coaniquem"},"content":{"rendered":"<ul>\n<li><strong>Voluntarios de la corporaci\u00f3n estar\u00e1n presentes en las calles los d\u00edas 2, 3 y 4 de junio.-<\/strong><\/li>\n<\/ul>\n<p>En relaci\u00f3n a la ayuda y apoyo para menores de nuestro pa\u00eds, hasta este domingo existe plazo para colaborar con la colecta de la Corporaci\u00f3n de Ayuda al Ni\u00f1o Quemado (Coaniquem), la cual busca reunir fondos para la rehabilitaci\u00f3n 100% gratuita de ni\u00f1os, ni\u00f1as y adolescentes con lesiones de quemaduras y otras cicatrices.<\/p>\n<p>La iniciativa que comenz\u00f3 este pasado 19 de mayo, se ha realizado de manera online y se mantendr\u00e1 hasta este 4 de junio, fecha de t\u00e9rmino de esta colecta nacional. Adem\u00e1s del sistema v\u00eda internet, voluntarios de la corporaci\u00f3n estar\u00e1n presentes en todas las calles del pa\u00eds, durante los d\u00edas 2, 3 y 4 de junio, para as\u00ed poder acaparar una mayor cantidad de aportes.<\/p>\n<p>Bajo el lema \u2018Todos unidos con los ni\u00f1os con quemaduras\u2019, Coaniquem hace un llamado a apoyar a los m\u00e1s de 7 mil pacientes que se atienden anualmente en los distintos centros de rehabilitaci\u00f3n que tiene la corporaci\u00f3n, como en Antofagasta, Santiago, Concepci\u00f3n y Puerto Montt.<\/p>\n<p>En relaci\u00f3n a esta campa\u00f1a solidaria, adem\u00e1s de un nuevo aniversario de la corporaci\u00f3n, el delegado presidencial provincial (s) de San Felipe, indic\u00f3 que <em>\u00abquisiera hacer un llamado a San Felipe y Los Andes, a contribuir en la campa\u00f1a de Coaniquem, que se extiende desde el 19 de mayo hasta el 4 de junio, y que busca recaudar fondos para la rehabilitaci\u00f3n gratuita de ni\u00f1os, ni\u00f1as y adolescentes con lesiones de quemaduras y otras cicatrices. As\u00ed que los invitamos a participar y colaborar en esta campa\u00f1a solidaria, en el marco de los 44 a\u00f1os de vida que cumple este a\u00f1o Coaniquem\u00bb<\/em>.<\/p>\n<p>Finalmente, <strong>Nilda Vergara<\/strong>, coordinadora de Coaniquem en el Valle de Aconcagua, sostuvo que <em>\u00abCoaniquem, en sus 44 a\u00f1os de vida, se ha dedicado a la rehabilitaci\u00f3n de ni\u00f1os, ni\u00f1as y adolescentes en cicatrices de quemaduras. Se rehabilitan de manera integral, de forma cien por ciento gratuita, por eso los invito a participar de nuestra colecta nacional el d\u00eda 2 ,3 y 4 de junio en la calle, o bien lo puedes hacer de manera online en <a href=\"http:\/\/www.desafiocoaniquem.cl\" target=\"_blank\" rel=\"noopener\"><u>www.desafiocoaniquem.cl<\/u><\/a>\u00bb<\/em>, cerr\u00f3.<\/p>\n<figure id=\"attachment_122100\" aria-describedby=\"caption-attachment-122100\" style=\"width: 700px\" class=\"wp-caption alignnone\"><img data-recalc-dims=\"1\" loading=\"lazy\" decoding=\"async\" class=\"size-full wp-image-122100\" src=\"https:\/\/i0.wp.com\/eltrabajo.cl\/portal\/wp-content\/uploads\/2023\/05\/coaniquem-1.jpg?resize=640%2C416&#038;ssl=1\" alt=\"As\u00ed como en la fotograf\u00eda, voluntarios de la corporaci\u00f3n se har\u00e1n presentes en las calles de todo el pa\u00eds, para recaudar fondos que ir\u00e1n en directo beneficio de ni\u00f1os que han sufrido quemaduras.\" width=\"640\" height=\"416\" srcset=\"https:\/\/i0.wp.com\/eltrabajo.cl\/portal\/wp-content\/uploads\/2023\/05\/coaniquem-1.jpg?w=700&amp;ssl=1 700w, https:\/\/i0.wp.com\/eltrabajo.cl\/portal\/wp-content\/uploads\/2023\/05\/coaniquem-1.jpg?resize=300%2C195&amp;ssl=1 300w, https:\/\/i0.wp.com\/eltrabajo.cl\/portal\/wp-content\/uploads\/2023\/05\/coaniquem-1.jpg?resize=200%2C130&amp;ssl=1 200w, https:\/\/i0.wp.com\/eltrabajo.cl\/portal\/wp-content\/uploads\/2023\/05\/coaniquem-1.jpg?resize=696%2C452&amp;ssl=1 696w\" sizes=\"auto, (max-width: 640px) 100vw, 640px\" \/><figcaption id=\"caption-attachment-122100\" class=\"wp-caption-text\">As\u00ed como en la fotograf\u00eda, voluntarios de la corporaci\u00f3n se har\u00e1n presentes en las calles de todo el pa\u00eds, para recaudar fondos que ir\u00e1n en directo beneficio de ni\u00f1os que han sufrido quemaduras.<\/figcaption><\/figure>\n","protected":false},"excerpt":{"rendered":"<p>Voluntarios de la corporaci\u00f3n estar\u00e1n presentes en las calles los d\u00edas 2, 3 y 4 de junio.- En relaci\u00f3n a la ayuda y apoyo para menores de nuestro pa\u00eds, hasta este domingo&#8230;<\/p>\n","protected":false},"author":482,"featured_media":122100,"comment_status":"closed","ping_status":"open","sticky":false,"template":"","format":"standard","meta":{"advanced_seo_description":"","jetpack_seo_html_title":"","jetpack_seo_noindex":false,"_jetpack_memberships_contains_paid_content":false,"footnotes":""},"categories":[103],"tags":[],"class_list":["post-122099","post","type-post","status-publish","format-standard","has-post-thumbnail","hentry","category-cronica-2"],"jetpack_featured_media_url":"https:\/\/i0.wp.com\/eltrabajo.cl\/portal\/wp-content\/uploads\/2023\/05\/coaniquem-1.jpg?fit=700%2C455&ssl=1","jetpack_sharing_enabled":true,"jetpack_likes_enabled":true,"jetpack-related-posts":[],"_links":{"self":[{"href":"https:\/\/eltrabajo.cl\/portal\/wp-json\/wp\/v2\/posts\/122099","targetHints":{"allow":["GET"]}}],"collection":[{"href":"https:\/\/eltrabajo.cl\/portal\/wp-json\/wp\/v2\/posts"}],"about":[{"href":"https:\/\/eltrabajo.cl\/portal\/wp-json\/wp\/v2\/types\/post"}],"author":[{"embeddable":true,"href":"https:\/\/eltrabajo.cl\/portal\/wp-json\/wp\/v2\/users\/482"}],"replies":[{"embeddable":true,"href":"https:\/\/eltrabajo.cl\/portal\/wp-json\/wp\/v2\/comments?post=122099"}],"version-history":[{"count":1,"href":"https:\/\/eltrabajo.cl\/portal\/wp-json\/wp\/v2\/posts\/122099\/revisions"}],"predecessor-version":[{"id":122101,"href":"https:\/\/eltrabajo.cl\/portal\/wp-json\/wp\/v2\/posts\/122099\/revisions\/122101"}],"wp:featuredmedia":[{"embeddable":true,"href":"https:\/\/eltrabajo.cl\/portal\/wp-json\/wp\/v2\/media\/122100"}],"wp:attachment":[{"href":"https:\/\/eltrabajo.cl\/portal\/wp-json\/wp\/v2\/media?parent=122099"}],"wp:term":[{"taxonomy":"category","embeddable":true,"href":"https:\/\/eltrabajo.cl\/portal\/wp-json\/wp\/v2\/categories?post=122099"},{"taxonomy":"post_tag","embeddable":true,"href":"https:\/\/eltrabajo.cl\/portal\/wp-json\/wp\/v2\/tags?post=122099"}],"curies":[{"name":"wp","href":"https:\/\/api.w.org\/{rel}","templated":true}]}}