{"id":122134,"date":"2023-05-31T07:54:45","date_gmt":"2023-05-31T11:54:45","guid":{"rendered":"https:\/\/eltrabajo.cl\/portal\/?p=122134"},"modified":"2023-05-30T23:11:05","modified_gmt":"2023-05-31T03:11:05","slug":"vuelven-a-retirar-alimentos-vencidos-entregados-por-junaeb-a-estudiantes","status":"publish","type":"post","link":"https:\/\/eltrabajo.cl\/portal\/vuelven-a-retirar-alimentos-vencidos-entregados-por-junaeb-a-estudiantes\/","title":{"rendered":"Vuelven a retirar alimentos vencidos entregados por Junaeb a estudiantes"},"content":{"rendered":"<p><span style=\"color: #ff0000;\"><strong>Es el segundo caso en lo que va del presente a\u00f1o:<\/strong><\/span><\/p>\n<ul>\n<li><strong>Esta vez se trat\u00f3 de barras de cereal vencidas que fueron retiradas del Liceo Bicentenario Cordillera.-<\/strong><\/li>\n<\/ul>\n<p>Una preocupante situaci\u00f3n con alimentos se vivi\u00f3 -por segunda ocasi\u00f3n en lo que va del a\u00f1o- en un establecimiento educacional de San Felipe, puesto que apoderados del Liceo Bicentenario Cordillera dieron cuenta del vencimiento de algunas barras de cereal que la Junta Nacional de Auxilio Escolar y Becas (Junaeb) entreg\u00f3 al conocido liceo de nuestra comuna.<\/p>\n<p>La situaci\u00f3n fue detectada por padres y apoderados del establecimiento, quienes al revisar el reverso de las barras de cereal sabor frutilla, de la marca \u2018Sechu\u2019 y que correspond\u00edan al lote \u201812122\u2019, vencieron el pasado d\u00eda jueves 11 de mayo, lo cual caus\u00f3 alta preocupaci\u00f3n debido al desconocimiento de cuantas barritas fueron entregadas a los alumnos.<\/p>\n<p>Otro punto que gener\u00f3 inquietud en los apoderados, era la posibilidad de que alguno de los estudiantes presentara problemas de salud al ingerir el mencionado alimento. La situaci\u00f3n gener\u00f3 inmediata preocupaci\u00f3n, debido a que en marzo de este a\u00f1o se registr\u00f3 una situaci\u00f3n similar, cuando la Junaeb entreg\u00f3 barras de cereal de la marca \u2018T\u00eda L\u00eda\u2019 en el Liceo San Felipe, pero en esa ocasi\u00f3n contaminadas con gusanos.<\/p>\n<p>Al respecto de esta situaci\u00f3n presentada por los apoderados del Liceo Bicentenario Cordillera, la alcaldesa <strong>Carmen Castillo<\/strong>, indic\u00f3 que las barritas de cereal que se encontraban en estado de caducidad, correspond\u00edan a solo un lote que fue retirado de inmediato, adem\u00e1s de oficiar a la Junta Nacional de Auxilio Escolar y Becas para que indicara el procedimiento a seguir.<\/p>\n<p>La jefa comunal explic\u00f3 este martes que <em>\u00abel lote ya fue retirado, identificado y no hay otros; o sea, se revisaron todos los otros alimentos y no hay ninguno m\u00e1s que pueda tener riesgo, pero s\u00ed, vamos a continuar por supuesto con la revisi\u00f3n peri\u00f3dica, adem\u00e1s de que hemos oficiado a la \u2018Junaeb\u2019 para que ellos revisen tambi\u00e9n sus empresas prestadoras de este tipo de alimentos, que tambi\u00e9n tienen que investigar el proceso, para evitar que se repitan estas situaciones en nuestra comuna\u00bb<\/em>.<\/p>\n<p>En relaci\u00f3n a un tema que preocupaba a padres y apoderados, que era la posibilidad de alg\u00fan malestar estomacal por parte de alumnos que hayan comido estas barras, la edil estableci\u00f3 que <em>\u00abno, esto fue identificado por los padres y bueno, se agradece, porque nosotros en esto, la colaboraci\u00f3n de los padres tambi\u00e9n es importante, respecto a alguna situaci\u00f3n de alimentos en malas condiciones\u00bb<\/em>, sostuvo.<\/p>\n<p>Finalmente, la alcaldesa lament\u00f3 la existencia de otro hecho similar respecto de alimentos entregados por la \u2018Junaeb\u2019, en donde manifest\u00f3 que <em>\u00abbueno, este a\u00f1o han sido estas dos situaciones y por eso estamos pidi\u00e9ndole al director de la Junaeb, que nos informe cu\u00e1les van a ser las indicaciones que \u00e9l estar\u00e1 dando a esta empresa proveedora, que por supuesto para nosotros no es nada de agradable tener que estar permanentemente preocupados de situaciones que ojal\u00e1 no se repitan\u00bb<\/em>, cerr\u00f3 Castillo.<\/p>\n<figure id=\"attachment_122135\" aria-describedby=\"caption-attachment-122135\" style=\"width: 699px\" class=\"wp-caption alignnone\"><img data-recalc-dims=\"1\" loading=\"lazy\" decoding=\"async\" class=\"size-full wp-image-122135\" src=\"https:\/\/i0.wp.com\/eltrabajo.cl\/portal\/wp-content\/uploads\/2023\/05\/barras1.jpg?resize=640%2C481&#038;ssl=1\" alt=\"Los alimentos vencidos correspond\u00edan a la marca \u2018Sechu\u2019, proveedora de Junaeb, y fueron apoderados quienes se dieron cuenta al ver la fecha de vencimiento.\" width=\"640\" height=\"481\" srcset=\"https:\/\/i0.wp.com\/eltrabajo.cl\/portal\/wp-content\/uploads\/2023\/05\/barras1.jpg?w=699&amp;ssl=1 699w, https:\/\/i0.wp.com\/eltrabajo.cl\/portal\/wp-content\/uploads\/2023\/05\/barras1.jpg?resize=300%2C225&amp;ssl=1 300w, https:\/\/i0.wp.com\/eltrabajo.cl\/portal\/wp-content\/uploads\/2023\/05\/barras1.jpg?resize=200%2C150&amp;ssl=1 200w, https:\/\/i0.wp.com\/eltrabajo.cl\/portal\/wp-content\/uploads\/2023\/05\/barras1.jpg?resize=696%2C523&amp;ssl=1 696w\" sizes=\"auto, (max-width: 640px) 100vw, 640px\" \/><figcaption id=\"caption-attachment-122135\" class=\"wp-caption-text\">Los alimentos vencidos correspond\u00edan a la marca \u2018Sechu\u2019, proveedora de Junaeb, y fueron apoderados quienes se dieron cuenta al ver la fecha de vencimiento.<\/figcaption><\/figure>\n","protected":false},"excerpt":{"rendered":"<p>Es el segundo caso en lo que va del presente a\u00f1o: Esta vez se trat\u00f3 de barras de cereal vencidas que fueron retiradas del Liceo Bicentenario Cordillera.- Una preocupante situaci\u00f3n con alimentos&#8230;<\/p>\n","protected":false},"author":482,"featured_media":122135,"comment_status":"closed","ping_status":"open","sticky":false,"template":"","format":"standard","meta":{"advanced_seo_description":"","jetpack_seo_html_title":"","jetpack_seo_noindex":false,"_jetpack_memberships_contains_paid_content":false,"footnotes":""},"categories":[103],"tags":[],"class_list":["post-122134","post","type-post","status-publish","format-standard","has-post-thumbnail","hentry","category-cronica-2"],"jetpack_featured_media_url":"https:\/\/i0.wp.com\/eltrabajo.cl\/portal\/wp-content\/uploads\/2023\/05\/barras1.jpg?fit=699%2C525&ssl=1","jetpack_sharing_enabled":true,"jetpack_likes_enabled":true,"jetpack-related-posts":[],"_links":{"self":[{"href":"https:\/\/eltrabajo.cl\/portal\/wp-json\/wp\/v2\/posts\/122134","targetHints":{"allow":["GET"]}}],"collection":[{"href":"https:\/\/eltrabajo.cl\/portal\/wp-json\/wp\/v2\/posts"}],"about":[{"href":"https:\/\/eltrabajo.cl\/portal\/wp-json\/wp\/v2\/types\/post"}],"author":[{"embeddable":true,"href":"https:\/\/eltrabajo.cl\/portal\/wp-json\/wp\/v2\/users\/482"}],"replies":[{"embeddable":true,"href":"https:\/\/eltrabajo.cl\/portal\/wp-json\/wp\/v2\/comments?post=122134"}],"version-history":[{"count":1,"href":"https:\/\/eltrabajo.cl\/portal\/wp-json\/wp\/v2\/posts\/122134\/revisions"}],"predecessor-version":[{"id":122136,"href":"https:\/\/eltrabajo.cl\/portal\/wp-json\/wp\/v2\/posts\/122134\/revisions\/122136"}],"wp:featuredmedia":[{"embeddable":true,"href":"https:\/\/eltrabajo.cl\/portal\/wp-json\/wp\/v2\/media\/122135"}],"wp:attachment":[{"href":"https:\/\/eltrabajo.cl\/portal\/wp-json\/wp\/v2\/media?parent=122134"}],"wp:term":[{"taxonomy":"category","embeddable":true,"href":"https:\/\/eltrabajo.cl\/portal\/wp-json\/wp\/v2\/categories?post=122134"},{"taxonomy":"post_tag","embeddable":true,"href":"https:\/\/eltrabajo.cl\/portal\/wp-json\/wp\/v2\/tags?post=122134"}],"curies":[{"name":"wp","href":"https:\/\/api.w.org\/{rel}","templated":true}]}}