{"id":122144,"date":"2023-05-31T07:58:53","date_gmt":"2023-05-31T11:58:53","guid":{"rendered":"https:\/\/eltrabajo.cl\/portal\/?p=122144"},"modified":"2023-05-30T23:18:35","modified_gmt":"2023-05-31T03:18:35","slug":"culpable-de-homicidio-simple-sujeto-que-mato-de-un-balazo-a-mujer-en-llay-llay","status":"publish","type":"post","link":"https:\/\/eltrabajo.cl\/portal\/culpable-de-homicidio-simple-sujeto-que-mato-de-un-balazo-a-mujer-en-llay-llay\/","title":{"rendered":"Culpable de Homicidio Simple sujeto que mat\u00f3 de un balazo a mujer en Llay Llay"},"content":{"rendered":"<figure id=\"attachment_121369\" aria-describedby=\"caption-attachment-121369\" style=\"width: 300px\" class=\"wp-caption alignleft\"><img data-recalc-dims=\"1\" loading=\"lazy\" decoding=\"async\" class=\"wp-image-121369 size-medium\" src=\"https:\/\/i0.wp.com\/eltrabajo.cl\/portal\/wp-content\/uploads\/2023\/04\/ABUSO-Fiscal-Alejandro-Bustos-2.jpg?resize=300%2C286&#038;ssl=1\" alt=\"Fiscal Alejandro Bustos, a cargo del caso.\" width=\"300\" height=\"286\" srcset=\"https:\/\/i0.wp.com\/eltrabajo.cl\/portal\/wp-content\/uploads\/2023\/04\/ABUSO-Fiscal-Alejandro-Bustos-2.jpg?resize=300%2C286&amp;ssl=1 300w, https:\/\/i0.wp.com\/eltrabajo.cl\/portal\/wp-content\/uploads\/2023\/04\/ABUSO-Fiscal-Alejandro-Bustos-2.jpg?resize=157%2C150&amp;ssl=1 157w, https:\/\/i0.wp.com\/eltrabajo.cl\/portal\/wp-content\/uploads\/2023\/04\/ABUSO-Fiscal-Alejandro-Bustos-2.jpg?resize=696%2C664&amp;ssl=1 696w, https:\/\/i0.wp.com\/eltrabajo.cl\/portal\/wp-content\/uploads\/2023\/04\/ABUSO-Fiscal-Alejandro-Bustos-2.jpg?w=700&amp;ssl=1 700w\" sizes=\"auto, (max-width: 300px) 100vw, 300px\" \/><figcaption id=\"caption-attachment-121369\" class=\"wp-caption-text\">Fiscal Alejandro Bustos, a cargo del caso.<\/figcaption><\/figure>\n<p><span style=\"color: #ff0000;\"><strong>Tribunal Oral en Lo Penal de San Felipe:<\/strong><\/span><\/p>\n<p>Por unanimidad los jueces encontraron culpable del delito de Homicidio Simple a <strong>L.A.S.M.<\/strong>, apodado como <strong>\u2018El Chino\u2019<\/strong>, quien mat\u00f3 de un balazo a una mujer en el\u00a0 2019 en sector Las Vegas, comuna de Llay Llay.<\/p>\n<p>Seg\u00fan se\u00f1ala el fallo, el d\u00eda 20 de diciembre del 2019 la v\u00edctima <strong>Ingrid Leiva Vel\u00e1squez<\/strong> le pidi\u00f3 a una amiga que la llevara en su veh\u00edculo junto con un menor de 10 a\u00f1os, a un inmueble, una mediagua ubicada en calle Camino Viejo del sector Las Vegas en Llay Llay, la que era usada como habitaci\u00f3n por su victimario.<\/p>\n<p>Al lugar lleg\u00f3 a eso de las 15:00 horas, donde la v\u00edctima se reuni\u00f3 en forma privada con el imputado apodado \u2018El Chino\u2019. Pasados unos minutos el acusado le dispar\u00f3 con un arma de fuego en el t\u00f3rax, a corta distancia, saliendo el proyectil por la espalda.<\/p>\n<p>La afectada fue trasladada hasta el servicio de urgencia del hospital San Francisco de Llay Llay, donde lamentablemente muri\u00f3 a causa de un trauma abdominal por la bala que recibi\u00f3.<\/p>\n<p>Los hechos, seg\u00fan los jueces, fueron acreditados mediante las pruebas presentadas por el fiscal a cargo de este caso, <strong>Alejandro Bustos<\/strong>.<\/p>\n<p>El persecutor Alejandro Bustos nos dijo que durante el desarrollo del juicio oral declararon testigos presentes en el lugar de los hechos, familiares de la v\u00edctima, personal de Carabineros quienes hicieron la denuncia, funcionarios de la BH de la PDI Los Andes y un perito del SML.<\/p>\n<p>En todo caso la condena por Homicidio Simple derriba lo propuesto por la defensa, quien dec\u00eda que ac\u00e1 est\u00e1bamos en presencia de un cuasidelito de homicidio.<\/p>\n<p>En cuanto a la pena solicitada, indic\u00f3 que la fiscal\u00eda local de San Felipe est\u00e1 pidiendo 15 a\u00f1os, mientras que la defensa pide para su representado, 5 a\u00f1os y 1 d\u00eda.<\/p>\n<p>La lectura de la sentencia ser\u00e1 realizada el lunes 5 de junio a las 12:00 horas.<\/p>\n<figure id=\"attachment_122145\" aria-describedby=\"caption-attachment-122145\" style=\"width: 699px\" class=\"wp-caption alignnone\"><img data-recalc-dims=\"1\" loading=\"lazy\" decoding=\"async\" class=\"size-full wp-image-122145\" src=\"https:\/\/i0.wp.com\/eltrabajo.cl\/portal\/wp-content\/uploads\/2023\/05\/INGRID-LEIVA.jpg?resize=640%2C746&#038;ssl=1\" alt=\"Ingrid Paulette Leiva Vel\u00e1squez, ten\u00eda 23 a\u00f1os de edad al momento de fallecer el a\u00f1o 2019.\" width=\"640\" height=\"746\" srcset=\"https:\/\/i0.wp.com\/eltrabajo.cl\/portal\/wp-content\/uploads\/2023\/05\/INGRID-LEIVA.jpg?w=699&amp;ssl=1 699w, https:\/\/i0.wp.com\/eltrabajo.cl\/portal\/wp-content\/uploads\/2023\/05\/INGRID-LEIVA.jpg?resize=257%2C300&amp;ssl=1 257w, https:\/\/i0.wp.com\/eltrabajo.cl\/portal\/wp-content\/uploads\/2023\/05\/INGRID-LEIVA.jpg?resize=129%2C150&amp;ssl=1 129w, https:\/\/i0.wp.com\/eltrabajo.cl\/portal\/wp-content\/uploads\/2023\/05\/INGRID-LEIVA.jpg?resize=696%2C812&amp;ssl=1 696w\" sizes=\"auto, (max-width: 640px) 100vw, 640px\" \/><figcaption id=\"caption-attachment-122145\" class=\"wp-caption-text\">Ingrid Paulette Leiva Vel\u00e1squez, ten\u00eda 23 a\u00f1os de edad al momento de fallecer el a\u00f1o 2019.<\/figcaption><\/figure>\n","protected":false},"excerpt":{"rendered":"<p>Tribunal Oral en Lo Penal de San Felipe: Por unanimidad los jueces encontraron culpable del delito de Homicidio Simple a L.A.S.M., apodado como \u2018El Chino\u2019, quien mat\u00f3 de un balazo a una&#8230;<\/p>\n","protected":false},"author":482,"featured_media":122146,"comment_status":"closed","ping_status":"open","sticky":false,"template":"","format":"standard","meta":{"advanced_seo_description":"","jetpack_seo_html_title":"","jetpack_seo_noindex":false,"_jetpack_memberships_contains_paid_content":false,"footnotes":""},"categories":[97],"tags":[],"class_list":["post-122144","post","type-post","status-publish","format-standard","has-post-thumbnail","hentry","category-tribunales"],"jetpack_featured_media_url":"https:\/\/i0.wp.com\/eltrabajo.cl\/portal\/wp-content\/uploads\/2023\/05\/INGRID-LEIVA-copia.jpg?fit=699%2C526&ssl=1","jetpack_sharing_enabled":true,"jetpack_likes_enabled":true,"jetpack-related-posts":[],"_links":{"self":[{"href":"https:\/\/eltrabajo.cl\/portal\/wp-json\/wp\/v2\/posts\/122144","targetHints":{"allow":["GET"]}}],"collection":[{"href":"https:\/\/eltrabajo.cl\/portal\/wp-json\/wp\/v2\/posts"}],"about":[{"href":"https:\/\/eltrabajo.cl\/portal\/wp-json\/wp\/v2\/types\/post"}],"author":[{"embeddable":true,"href":"https:\/\/eltrabajo.cl\/portal\/wp-json\/wp\/v2\/users\/482"}],"replies":[{"embeddable":true,"href":"https:\/\/eltrabajo.cl\/portal\/wp-json\/wp\/v2\/comments?post=122144"}],"version-history":[{"count":1,"href":"https:\/\/eltrabajo.cl\/portal\/wp-json\/wp\/v2\/posts\/122144\/revisions"}],"predecessor-version":[{"id":122147,"href":"https:\/\/eltrabajo.cl\/portal\/wp-json\/wp\/v2\/posts\/122144\/revisions\/122147"}],"wp:featuredmedia":[{"embeddable":true,"href":"https:\/\/eltrabajo.cl\/portal\/wp-json\/wp\/v2\/media\/122146"}],"wp:attachment":[{"href":"https:\/\/eltrabajo.cl\/portal\/wp-json\/wp\/v2\/media?parent=122144"}],"wp:term":[{"taxonomy":"category","embeddable":true,"href":"https:\/\/eltrabajo.cl\/portal\/wp-json\/wp\/v2\/categories?post=122144"},{"taxonomy":"post_tag","embeddable":true,"href":"https:\/\/eltrabajo.cl\/portal\/wp-json\/wp\/v2\/tags?post=122144"}],"curies":[{"name":"wp","href":"https:\/\/api.w.org\/{rel}","templated":true}]}}