{"id":122156,"date":"2023-06-01T07:30:56","date_gmt":"2023-06-01T11:30:56","guid":{"rendered":"https:\/\/eltrabajo.cl\/portal\/?p=122156"},"modified":"2023-06-01T00:10:46","modified_gmt":"2023-06-01T04:10:46","slug":"ya-hay-fecha-para-la-segunda-etapa-del-tour-aconcagua","status":"publish","type":"post","link":"https:\/\/eltrabajo.cl\/portal\/ya-hay-fecha-para-la-segunda-etapa-del-tour-aconcagua\/","title":{"rendered":"Ya hay fecha para la segunda etapa del Tour Aconcagua"},"content":{"rendered":"<p>Para el s\u00e1bado 10 de junio qued\u00f3 agendado el comienzo de la segunda fecha del Tour Aconcagua. El circuito ten\u00edstico que es el m\u00e1s importante de esta disciplina deportiva en todo el valle, una vez m\u00e1s promete reunir a una gran cantidad de competidores de todas las comunas de la zona.<\/p>\n<p>En esta ocasi\u00f3n la instituci\u00f3n encargada de organizar el torneo, ser\u00e1 el Club de Tenis Valle de Aconcagua, el que ya inici\u00f3 el proceso de inscripci\u00f3n en todas sus categor\u00edas. Con el objetivo de llegar y sumar a la mayor cantidad de competidores posibles, se inici\u00f3 una Preventa de Inscripci\u00f3n que tendr\u00e1 un valor de $ 15.000 (quince mil pesos) en el caso de los singles y $ 20.000 (veinte mil pesos) para los dobles. La preventa estar\u00e1 habilitada hasta el domingo previo al inicio de la competencia, que en este caso ser\u00eda el d\u00eda 4 del mes entrante.<\/p>\n<p>Los tenistas interesados en competir deben ponerse en contacto al tel\u00e9fono m\u00f3vil n\u00famero +56 9 8441 4428, para recibir las respectivas instrucciones para poder inscribirse en la fecha dos del Tour Aconcagua.<\/p>\n<figure id=\"attachment_122157\" aria-describedby=\"caption-attachment-122157\" style=\"width: 699px\" class=\"wp-caption alignnone\"><img data-recalc-dims=\"1\" loading=\"lazy\" decoding=\"async\" class=\"size-full wp-image-122157\" src=\"https:\/\/i0.wp.com\/eltrabajo.cl\/portal\/wp-content\/uploads\/2023\/05\/Tenis.jpg?resize=640%2C481&#038;ssl=1\" alt=\"Las canchas del Club de Tenis Valle del Aconcagua recibir\u00e1n la segunda fecha del Tour Aconcagua.\" width=\"640\" height=\"481\" srcset=\"https:\/\/i0.wp.com\/eltrabajo.cl\/portal\/wp-content\/uploads\/2023\/05\/Tenis.jpg?w=699&amp;ssl=1 699w, https:\/\/i0.wp.com\/eltrabajo.cl\/portal\/wp-content\/uploads\/2023\/05\/Tenis.jpg?resize=300%2C225&amp;ssl=1 300w, https:\/\/i0.wp.com\/eltrabajo.cl\/portal\/wp-content\/uploads\/2023\/05\/Tenis.jpg?resize=200%2C150&amp;ssl=1 200w, https:\/\/i0.wp.com\/eltrabajo.cl\/portal\/wp-content\/uploads\/2023\/05\/Tenis.jpg?resize=696%2C523&amp;ssl=1 696w\" sizes=\"auto, (max-width: 640px) 100vw, 640px\" \/><figcaption id=\"caption-attachment-122157\" class=\"wp-caption-text\">Las canchas del Club de Tenis Valle del Aconcagua recibir\u00e1n la segunda fecha del Tour Aconcagua.<\/figcaption><\/figure>\n","protected":false},"excerpt":{"rendered":"<p>Para el s\u00e1bado 10 de junio qued\u00f3 agendado el comienzo de la segunda fecha del Tour Aconcagua. El circuito ten\u00edstico que es el m\u00e1s importante de esta disciplina deportiva en todo el&#8230;<\/p>\n","protected":false},"author":482,"featured_media":122157,"comment_status":"closed","ping_status":"open","sticky":false,"template":"","format":"standard","meta":{"advanced_seo_description":"","jetpack_seo_html_title":"","jetpack_seo_noindex":false,"_jetpack_memberships_contains_paid_content":false,"footnotes":""},"categories":[19],"tags":[],"class_list":["post-122156","post","type-post","status-publish","format-standard","has-post-thumbnail","hentry","category-deportes"],"jetpack_featured_media_url":"https:\/\/i0.wp.com\/eltrabajo.cl\/portal\/wp-content\/uploads\/2023\/05\/Tenis.jpg?fit=699%2C525&ssl=1","jetpack_sharing_enabled":true,"jetpack_likes_enabled":true,"jetpack-related-posts":[],"_links":{"self":[{"href":"https:\/\/eltrabajo.cl\/portal\/wp-json\/wp\/v2\/posts\/122156","targetHints":{"allow":["GET"]}}],"collection":[{"href":"https:\/\/eltrabajo.cl\/portal\/wp-json\/wp\/v2\/posts"}],"about":[{"href":"https:\/\/eltrabajo.cl\/portal\/wp-json\/wp\/v2\/types\/post"}],"author":[{"embeddable":true,"href":"https:\/\/eltrabajo.cl\/portal\/wp-json\/wp\/v2\/users\/482"}],"replies":[{"embeddable":true,"href":"https:\/\/eltrabajo.cl\/portal\/wp-json\/wp\/v2\/comments?post=122156"}],"version-history":[{"count":1,"href":"https:\/\/eltrabajo.cl\/portal\/wp-json\/wp\/v2\/posts\/122156\/revisions"}],"predecessor-version":[{"id":122158,"href":"https:\/\/eltrabajo.cl\/portal\/wp-json\/wp\/v2\/posts\/122156\/revisions\/122158"}],"wp:featuredmedia":[{"embeddable":true,"href":"https:\/\/eltrabajo.cl\/portal\/wp-json\/wp\/v2\/media\/122157"}],"wp:attachment":[{"href":"https:\/\/eltrabajo.cl\/portal\/wp-json\/wp\/v2\/media?parent=122156"}],"wp:term":[{"taxonomy":"category","embeddable":true,"href":"https:\/\/eltrabajo.cl\/portal\/wp-json\/wp\/v2\/categories?post=122156"},{"taxonomy":"post_tag","embeddable":true,"href":"https:\/\/eltrabajo.cl\/portal\/wp-json\/wp\/v2\/tags?post=122156"}],"curies":[{"name":"wp","href":"https:\/\/api.w.org\/{rel}","templated":true}]}}