{"id":122183,"date":"2023-06-02T07:30:52","date_gmt":"2023-06-02T11:30:52","guid":{"rendered":"https:\/\/eltrabajo.cl\/portal\/?p=122183"},"modified":"2023-06-02T00:14:41","modified_gmt":"2023-06-02T04:14:41","slug":"cientos-de-menores-dieron-vida-a-torneo-de-voleibol-en-el-estadio-municipal","status":"publish","type":"post","link":"https:\/\/eltrabajo.cl\/portal\/cientos-de-menores-dieron-vida-a-torneo-de-voleibol-en-el-estadio-municipal\/","title":{"rendered":"Cientos de menores dieron vida a torneo de voleibol en el Estadio Municipal"},"content":{"rendered":"<ul>\n<li><strong>Delegaciones de establecimientos educacionales de San Felipe y Colina participaron del evento.-<\/strong><\/li>\n<\/ul>\n<p>En el pasto del Estadio Municipal de San Felipe se llev\u00f3 a cabo un torneo de voleibol con el auspicio de una marca de alimentos a nivel nacional. El evento convoc\u00f3 a cientos de ni\u00f1os y ni\u00f1as deportistas de varios establecimientos educacionales, p\u00fablicos y privados, tanto de San Felipe como de la comuna de Colina.<\/p>\n<p>La alcaldesa <strong>Carmen Castillo<\/strong> destac\u00f3 el torneo que se ha venido desarrollando hace m\u00e1s de dos d\u00e9cadas y que permite incentivar la pr\u00e1ctica del deporte en los menores.<\/p>\n<p>\u00ab<em>El deporte siempre ha sido muy importante para toda la comuna, nuestro municipio siempre ha estado valorando lo que es hacer deporte, y hoy d\u00eda Soprole nos da siempre la oportunidad, desde hace 20 a\u00f1os, porque esta actividad es algo que despu\u00e9s los ni\u00f1os nunca olvidan, son posibilidades que se dan de manera l\u00fadica, entretenida y que son inicialmente formativas, pero tambi\u00e9n hay un componente competitivo\u00bb,<\/em> se\u00f1al\u00f3.<\/p>\n<p>En este mismo contexto, la edil detall\u00f3 que han participado <em>\u00ab15 colegios y liceos que est\u00e1n en el estadio municipal, m\u00e1s tres de Colina que son bienvenidos, y feliz de estar en una actividad tan importante para nuestra comunidad. Nunca hay que olvidar que cuando uno est\u00e1 unido, logra avanzar en muchas cosas que a veces son dif\u00edciles\u00bb. <\/em><\/p>\n<p>Por su parte, <strong>Gonzalo Torres<\/strong>, encargado del Deporte \u2018Soprole\u2019, valor\u00f3 la realizaci\u00f3n de este evento: <em>\u00abS\u00faper importante este tipo de actividades porque promueven la actividad f\u00edsica y el deporte, que hoy en d\u00eda escasea un poco en Chile, somos uno de los m\u00e1s sedentarios y obesos de la OCDE y esto ayuda a salir un poco de este estancamiento que tenemos y a mejorar la salud que es lo importante\u00bb. <\/em><\/p>\n<p>Finalmente, el profesor del Liceo Bicentenario Cordillera, <strong>Eduardo Ch\u00e1vez<\/strong>, relev\u00f3 el encuentro deportivo indicando que es un gran beneficio para todas las comunidades escolares. <em>\u00abLa verdad es muy importante tener un evento de esta naturaleza ac\u00e1, el volumen de ni\u00f1os, de canchas, es realmente espectacular; haciendo memoria, hace m\u00e1s de 20 a\u00f1os trajimos por primera vez el Soprole a San Felipe, y no nos equivocamos, y cada a\u00f1o es mejor, cada a\u00f1o tenemos m\u00e1s gente\u00bb,<\/em> sostuvo.<\/p>\n<p>\u00ab<em>Agradecer fundamentalmente a Soprole, siempre ha estado apoyando el deporte escolar, y eso se nota, no solamente en esto, solo felicitarlos a todos, es un aporte para los colegios, para los profesores, para los ni\u00f1os\u00bb,<\/em> agreg\u00f3.<\/p>\n<p>Asimismo, Ch\u00e1vez manifest\u00f3 que <em>\u00abuna de las cosas m\u00e1s importantes es el apoyo, y nosotros tenemos apoyo, la municipalidad, quer\u00eda yo dar las gracias a <strong>Esteban Herrera<\/strong>, encargado de la oficina de Deportes; sin su apoyo ser\u00eda dif\u00edcil, \u00e9l gestion\u00f3 el estadio, la infraestructura, como Liceo Bicentenario Cordillera y como profesores nos sentimos contentos\u00bb.<\/em><\/p>\n<p>El encuentro deportivo congreg\u00f3 a cientos de ni\u00f1as y ni\u00f1as que se dieron cita en torno al voleibol en el Estadio Municipal de San Felipe.<\/p>\n<figure id=\"attachment_122186\" aria-describedby=\"caption-attachment-122186\" style=\"width: 698px\" class=\"wp-caption alignnone\"><img data-recalc-dims=\"1\" loading=\"lazy\" decoding=\"async\" class=\"size-full wp-image-122186\" src=\"https:\/\/i0.wp.com\/eltrabajo.cl\/portal\/wp-content\/uploads\/2023\/06\/voley-escolar-1.jpg?resize=640%2C373&#038;ssl=1\" alt=\"Momento del calentamiento de las delegaciones deportivas. \" width=\"640\" height=\"373\" srcset=\"https:\/\/i0.wp.com\/eltrabajo.cl\/portal\/wp-content\/uploads\/2023\/06\/voley-escolar-1.jpg?w=698&amp;ssl=1 698w, https:\/\/i0.wp.com\/eltrabajo.cl\/portal\/wp-content\/uploads\/2023\/06\/voley-escolar-1.jpg?resize=300%2C175&amp;ssl=1 300w, https:\/\/i0.wp.com\/eltrabajo.cl\/portal\/wp-content\/uploads\/2023\/06\/voley-escolar-1.jpg?resize=200%2C117&amp;ssl=1 200w, https:\/\/i0.wp.com\/eltrabajo.cl\/portal\/wp-content\/uploads\/2023\/06\/voley-escolar-1.jpg?resize=696%2C406&amp;ssl=1 696w\" sizes=\"auto, (max-width: 640px) 100vw, 640px\" \/><figcaption id=\"caption-attachment-122186\" class=\"wp-caption-text\">Momento del calentamiento de las delegaciones deportivas.<\/figcaption><\/figure>\n<figure id=\"attachment_122187\" aria-describedby=\"caption-attachment-122187\" style=\"width: 698px\" class=\"wp-caption alignnone\"><img data-recalc-dims=\"1\" loading=\"lazy\" decoding=\"async\" class=\"size-full wp-image-122187\" src=\"https:\/\/i0.wp.com\/eltrabajo.cl\/portal\/wp-content\/uploads\/2023\/06\/voley-escolar-2.jpg?resize=640%2C392&#038;ssl=1\" alt=\"En toda la cancha se habilitaron espacios para jugar voleibol.\" width=\"640\" height=\"392\" srcset=\"https:\/\/i0.wp.com\/eltrabajo.cl\/portal\/wp-content\/uploads\/2023\/06\/voley-escolar-2.jpg?w=698&amp;ssl=1 698w, https:\/\/i0.wp.com\/eltrabajo.cl\/portal\/wp-content\/uploads\/2023\/06\/voley-escolar-2.jpg?resize=300%2C184&amp;ssl=1 300w, https:\/\/i0.wp.com\/eltrabajo.cl\/portal\/wp-content\/uploads\/2023\/06\/voley-escolar-2.jpg?resize=200%2C122&amp;ssl=1 200w, https:\/\/i0.wp.com\/eltrabajo.cl\/portal\/wp-content\/uploads\/2023\/06\/voley-escolar-2.jpg?resize=696%2C426&amp;ssl=1 696w\" sizes=\"auto, (max-width: 640px) 100vw, 640px\" \/><figcaption id=\"caption-attachment-122187\" class=\"wp-caption-text\">En toda la cancha se habilitaron espacios para jugar voleibol.<\/figcaption><\/figure>\n","protected":false},"excerpt":{"rendered":"<p>Delegaciones de establecimientos educacionales de San Felipe y Colina participaron del evento.- En el pasto del Estadio Municipal de San Felipe se llev\u00f3 a cabo un torneo de voleibol con el auspicio&#8230;<\/p>\n","protected":false},"author":482,"featured_media":122187,"comment_status":"closed","ping_status":"open","sticky":false,"template":"","format":"standard","meta":{"advanced_seo_description":"","jetpack_seo_html_title":"","jetpack_seo_noindex":false,"_jetpack_memberships_contains_paid_content":false,"footnotes":""},"categories":[19],"tags":[],"class_list":["post-122183","post","type-post","status-publish","format-standard","has-post-thumbnail","hentry","category-deportes"],"jetpack_featured_media_url":"https:\/\/i0.wp.com\/eltrabajo.cl\/portal\/wp-content\/uploads\/2023\/06\/voley-escolar-2.jpg?fit=698%2C427&ssl=1","jetpack_sharing_enabled":true,"jetpack_likes_enabled":true,"jetpack-related-posts":[],"_links":{"self":[{"href":"https:\/\/eltrabajo.cl\/portal\/wp-json\/wp\/v2\/posts\/122183","targetHints":{"allow":["GET"]}}],"collection":[{"href":"https:\/\/eltrabajo.cl\/portal\/wp-json\/wp\/v2\/posts"}],"about":[{"href":"https:\/\/eltrabajo.cl\/portal\/wp-json\/wp\/v2\/types\/post"}],"author":[{"embeddable":true,"href":"https:\/\/eltrabajo.cl\/portal\/wp-json\/wp\/v2\/users\/482"}],"replies":[{"embeddable":true,"href":"https:\/\/eltrabajo.cl\/portal\/wp-json\/wp\/v2\/comments?post=122183"}],"version-history":[{"count":1,"href":"https:\/\/eltrabajo.cl\/portal\/wp-json\/wp\/v2\/posts\/122183\/revisions"}],"predecessor-version":[{"id":122188,"href":"https:\/\/eltrabajo.cl\/portal\/wp-json\/wp\/v2\/posts\/122183\/revisions\/122188"}],"wp:featuredmedia":[{"embeddable":true,"href":"https:\/\/eltrabajo.cl\/portal\/wp-json\/wp\/v2\/media\/122187"}],"wp:attachment":[{"href":"https:\/\/eltrabajo.cl\/portal\/wp-json\/wp\/v2\/media?parent=122183"}],"wp:term":[{"taxonomy":"category","embeddable":true,"href":"https:\/\/eltrabajo.cl\/portal\/wp-json\/wp\/v2\/categories?post=122183"},{"taxonomy":"post_tag","embeddable":true,"href":"https:\/\/eltrabajo.cl\/portal\/wp-json\/wp\/v2\/tags?post=122183"}],"curies":[{"name":"wp","href":"https:\/\/api.w.org\/{rel}","templated":true}]}}