{"id":122207,"date":"2023-06-02T07:54:53","date_gmt":"2023-06-02T11:54:53","guid":{"rendered":"https:\/\/eltrabajo.cl\/portal\/?p=122207"},"modified":"2023-06-02T00:38:28","modified_gmt":"2023-06-02T04:38:28","slug":"inician-investigacion-externa-por-graves-denuncias-en-el-jose-agustin-gomez","status":"publish","type":"post","link":"https:\/\/eltrabajo.cl\/portal\/inician-investigacion-externa-por-graves-denuncias-en-el-jose-agustin-gomez\/","title":{"rendered":"Inician investigaci\u00f3n externa por graves denuncias en el Jos\u00e9 Agust\u00edn G\u00f3mez"},"content":{"rendered":"<p><span style=\"color: #ff0000;\"><strong>Superintendencia de Educaci\u00f3n investigar\u00e1 el caso:<\/strong><\/span><\/p>\n<p>La Superintendencia de Educaci\u00f3n de la regi\u00f3n de Valpara\u00edso inici\u00f3 una investigaci\u00f3n en el colegio Jos\u00e9 Agust\u00edn G\u00f3mez de San Felipe, luego que se hiciera p\u00fablico un video en donde el ahora suspendido Director, <strong>Sergio C\u00e1diz<\/strong>, aparec\u00eda sobre un estudiante.<\/p>\n<p>El hecho, sumado a otra serie de denuncias de irregularidades en el colegio, gener\u00f3 que la superintendencia comenzara un proceso investigativo para determinar eventuales sanciones. La informaci\u00f3n fue confirmada por el Director Biprovincial de Educaci\u00f3n, <strong>Miguel Caro<\/strong>.<\/p>\n<p>\u00ab<em>Se oficia a la superintendencia de Valpara\u00edso, ellos reciben la informaci\u00f3n de este video, obviamente ahora se tiene que hacer una investigaci\u00f3n de parte de ellos de la situaci\u00f3n, esperamos que todo se resuelva r\u00e1pidamente\u00bb,<\/em> indic\u00f3 Miguel Caro.<\/p>\n<p>En este mismo sentido, el Director Biprovincial de Educaci\u00f3n sostuvo que <em>\u00abhe conversado con la sostenedora, la idea, es que ella tome las medidas pertinentes a una situaci\u00f3n como esta, que aplique su reglamento adecuadamente, pero m\u00e1s all\u00e1 de eso, uno no tiene facultades, es exponer que eso es lo que deben cumplir, para no exponerse a multas complejas con la superintendencia\u00bb.<\/em><\/p>\n<p>Asimismo, y ante la consulta de que la superintendencia abordar\u00e1 las denuncias de irregularidades previas a conocerse esta situaci\u00f3n, Miguel Caro indic\u00f3 que <em>\u00abseg\u00fan la sostenedora, ya estaban zanjados esos temas, las personas ya estaban fuera del establecimiento, obviamente que ahora inici\u00e1ndose una investigaci\u00f3n de parte de la Superintendencia de Educaci\u00f3n, va a ver todo lo que tenga que investigar, y todas las medidas que haya adoptado la direcci\u00f3n ellos van a analizar si est\u00e1n apegadas a los procesos que ellos mismos declaran en sus manuales de convivencia y sus manuales internos, eso es lo que tienen que aplicar.<\/em><\/p>\n<p>\u00ab<em>Eventualmente s\u00ed, eso es todo lo que revisa la Superintendencia, que todos los protocolos se apliquen adecuadamente, siempre en resguardo de la integridad de los estudiantes\u00bb,<\/em> a\u00f1adi\u00f3 el Director Biprovincial de Educaci\u00f3n.<\/p>\n<p>Respecto de eventuales plazos que se establezcan para la resoluci\u00f3n que adopte el ente regional, Caro detall\u00f3 que <em>\u00ablos plazos los manejan ellos, ellos manejan todo el proceso administrativo. Muchas de estas situaciones son llevadas hace larga data, seg\u00fan comentaban los estudiantes, entonces, la investigaci\u00f3n, creo, tampoco vaya a ser tan simple para la Superintendencia, ellos ven c\u00f3mo hacen la investigaci\u00f3n\u00bb.<\/em><\/p>\n<p>Finalmente, y una vez conocidos todos estos antecedentes, Miguel Caro expres\u00f3 que <em>\u00abes muy dif\u00edcil de explicar una situaci\u00f3n as\u00ed, yo no tengo un adjetivo para eso, no entiendo en qu\u00e9 contexto una situaci\u00f3n as\u00ed puede tener sentido, para m\u00ed no tiene ning\u00fan sentido lo que aparece en ese video, y por eso es que inmediatamente se avisa a la superintendencia para que inicie su proceso investigativo, porque no veo por d\u00f3nde se pueda justificar una situaci\u00f3n como esa, no encuentro ning\u00fan calificativo\u00bb. <\/em><\/p>\n<p>El centro de padres del establecimiento realiz\u00f3 una reuni\u00f3n en la sede de la Junta de Vecinos de la Villa El Carmen donde abordaron esta situaci\u00f3n.<\/p>\n<p>&nbsp;<\/p>\n<p><span style=\"color: #ff0000;\">TESTIMONIOS<\/span><\/p>\n<p>En nuestra edici\u00f3n de ayer dimos a conocer algunos testimonios de padres y estudiantes, quienes en forma an\u00f3nima, y con mucho temor, entregaron luces sobre el problema. Al respecto, una alumna dijo que\u00a0<em>\u00ablo \u00fanico que nosotros queremos es que el director se vaya por sus malos tratos y por las cosas que siempre se han tapado, muchas de sus actitudes nosotros siempre las hemos visto como normales, porque \u00e9l lo ve como ejemplo de sus clases de dramatizaci\u00f3n y muchas alumnas han sufrido el tema de que las ha tocado, les ha dicho cosas, hasta en doble sentido y uno lo ve normal. Pedimos la salida, porque nosotros ya no lo queremos tener vinculado con el colegio y nosotros vamos a continuar hasta que \u00e9l se vaya, esa es la idea\u00bb<\/em>, sostuvo.<\/p>\n<p>En tanto, una apoderada explic\u00f3 la situaci\u00f3n en la que se ha visto envuelto el establecimiento en los \u00faltimos d\u00edas.\u00a0<em>\u00abEsto comenz\u00f3 el d\u00eda jueves con el lamentable hecho que le pas\u00f3 al t\u00edo\u00a0<\/em>(auxiliar),<em>\u00a0que fue golpeado por el hijo de la \u2018Hermana\u2019. Debido a esto, los ni\u00f1os alzaron su voz para apoyar al t\u00edo y desde ah\u00ed empezaron a destaparse muchas cosas que ven\u00edan por a\u00f1os, que los ni\u00f1os no se atrev\u00edan a comentar y eso fue la gota que rebals\u00f3 el vaso<\/em>.<\/p>\n<p>\u00ab<em>Malos tratos de parte del director espec\u00edficamente, malos tratos dentro de la sala de clases con los ni\u00f1os y que ahora nos hemos ido enterando que ellos lo normalizaban, pensando que no era nada malo, pero ahora ya con el tiempo se dieron cuenta de que nada era normal; los ridiculizaba, acoso, los toqueteaba, su forma de trabajo era dramatizar una historia, relatando \u00e9l su historia morbosa que dicen los ni\u00f1os, que eso es lo que les molesta y que ahora se dan cuenta. Estamos aqu\u00ed para apoyarlos, porque solos los ni\u00f1os no pueden y ya hemos avanzado harto y ya no podemos dar pie atr\u00e1s, porque lamentablemente si este caballero se queda, puede tomar represalias contra los ni\u00f1os\u00bb<\/em>, indic\u00f3.<\/p>\n<p>Otra apoderada indic\u00f3 que <em>\u00abera tal el abuso de autoridad de esta persona, que todo lo encontraban normal, hasta el punto de que no nos contaban, porque dec\u00edan\u00a0<strong>\u2018es parte de la clase, es algo normal\u2019<\/strong>, pero no es normal, para nosotros no es nada normal y resulta que estamos aqu\u00ed en apoyo hacia ellos (&#8230;) Este se\u00f1or, nosotros agradecer\u00edamos que fuese desvinculado, porque no es sano que est\u00e9 en el colegio<\/em>\u00a0(\u2026)\u00a0<em>La idea es que el colegio retome su ense\u00f1anza, que haya un orden, un respeto, entonces es justo que a la brevedad sea cambiada toda la autoridad del colegio, para que esto se normalice y llegue a un buen final\u00bb<\/em>, cerr\u00f3 la desesperada mujer.<\/p>\n<figure id=\"attachment_122208\" aria-describedby=\"caption-attachment-122208\" style=\"width: 698px\" class=\"wp-caption alignnone\"><img data-recalc-dims=\"1\" loading=\"lazy\" decoding=\"async\" class=\"size-full wp-image-122208\" src=\"https:\/\/i0.wp.com\/eltrabajo.cl\/portal\/wp-content\/uploads\/2023\/06\/director-cadiz-1.jpg?resize=640%2C423&#038;ssl=1\" alt=\"Escenas como \u00e9stas, difundidas en \u2018funas\u2019 en redes sociales, eran bastante comunes, aseguran estudiantes, quienes en forma an\u00f3nima nos entregaron las verdaderas razones por las cuales necesitan que el ex Director no regrese al establecimiento, pues temen que de lo contrario habr\u00e1 represalias.\" width=\"640\" height=\"423\" srcset=\"https:\/\/i0.wp.com\/eltrabajo.cl\/portal\/wp-content\/uploads\/2023\/06\/director-cadiz-1.jpg?w=698&amp;ssl=1 698w, https:\/\/i0.wp.com\/eltrabajo.cl\/portal\/wp-content\/uploads\/2023\/06\/director-cadiz-1.jpg?resize=300%2C198&amp;ssl=1 300w, https:\/\/i0.wp.com\/eltrabajo.cl\/portal\/wp-content\/uploads\/2023\/06\/director-cadiz-1.jpg?resize=200%2C132&amp;ssl=1 200w, https:\/\/i0.wp.com\/eltrabajo.cl\/portal\/wp-content\/uploads\/2023\/06\/director-cadiz-1.jpg?resize=696%2C460&amp;ssl=1 696w\" sizes=\"auto, (max-width: 640px) 100vw, 640px\" \/><figcaption id=\"caption-attachment-122208\" class=\"wp-caption-text\">Escenas como \u00e9stas, difundidas en \u2018funas\u2019 en redes sociales, eran bastante comunes, aseguran estudiantes, quienes en forma an\u00f3nima nos entregaron las verdaderas razones por las cuales necesitan que el ex Director no regrese al establecimiento, pues temen que de lo contrario habr\u00e1 represalias.<\/figcaption><\/figure>\n","protected":false},"excerpt":{"rendered":"<p>Superintendencia de Educaci\u00f3n investigar\u00e1 el caso: La Superintendencia de Educaci\u00f3n de la regi\u00f3n de Valpara\u00edso inici\u00f3 una investigaci\u00f3n en el colegio Jos\u00e9 Agust\u00edn G\u00f3mez de San Felipe, luego que se hiciera p\u00fablico&#8230;<\/p>\n","protected":false},"author":482,"featured_media":122208,"comment_status":"closed","ping_status":"open","sticky":false,"template":"","format":"standard","meta":{"advanced_seo_description":"","jetpack_seo_html_title":"","jetpack_seo_noindex":false,"_jetpack_memberships_contains_paid_content":false,"footnotes":""},"categories":[103],"tags":[],"class_list":["post-122207","post","type-post","status-publish","format-standard","has-post-thumbnail","hentry","category-cronica-2"],"jetpack_featured_media_url":"https:\/\/i0.wp.com\/eltrabajo.cl\/portal\/wp-content\/uploads\/2023\/06\/director-cadiz-1.jpg?fit=698%2C461&ssl=1","jetpack_sharing_enabled":true,"jetpack_likes_enabled":true,"jetpack-related-posts":[],"_links":{"self":[{"href":"https:\/\/eltrabajo.cl\/portal\/wp-json\/wp\/v2\/posts\/122207","targetHints":{"allow":["GET"]}}],"collection":[{"href":"https:\/\/eltrabajo.cl\/portal\/wp-json\/wp\/v2\/posts"}],"about":[{"href":"https:\/\/eltrabajo.cl\/portal\/wp-json\/wp\/v2\/types\/post"}],"author":[{"embeddable":true,"href":"https:\/\/eltrabajo.cl\/portal\/wp-json\/wp\/v2\/users\/482"}],"replies":[{"embeddable":true,"href":"https:\/\/eltrabajo.cl\/portal\/wp-json\/wp\/v2\/comments?post=122207"}],"version-history":[{"count":1,"href":"https:\/\/eltrabajo.cl\/portal\/wp-json\/wp\/v2\/posts\/122207\/revisions"}],"predecessor-version":[{"id":122209,"href":"https:\/\/eltrabajo.cl\/portal\/wp-json\/wp\/v2\/posts\/122207\/revisions\/122209"}],"wp:featuredmedia":[{"embeddable":true,"href":"https:\/\/eltrabajo.cl\/portal\/wp-json\/wp\/v2\/media\/122208"}],"wp:attachment":[{"href":"https:\/\/eltrabajo.cl\/portal\/wp-json\/wp\/v2\/media?parent=122207"}],"wp:term":[{"taxonomy":"category","embeddable":true,"href":"https:\/\/eltrabajo.cl\/portal\/wp-json\/wp\/v2\/categories?post=122207"},{"taxonomy":"post_tag","embeddable":true,"href":"https:\/\/eltrabajo.cl\/portal\/wp-json\/wp\/v2\/tags?post=122207"}],"curies":[{"name":"wp","href":"https:\/\/api.w.org\/{rel}","templated":true}]}}