{"id":122227,"date":"2023-06-05T07:30:43","date_gmt":"2023-06-05T11:30:43","guid":{"rendered":"https:\/\/eltrabajo.cl\/portal\/?p=122227"},"modified":"2023-06-04T23:40:25","modified_gmt":"2023-06-05T03:40:25","slug":"albergue-municipal-de-san-felipe-ya-se-encuentra-operativo-las-24-horas","status":"publish","type":"post","link":"https:\/\/eltrabajo.cl\/portal\/albergue-municipal-de-san-felipe-ya-se-encuentra-operativo-las-24-horas\/","title":{"rendered":"Albergue Municipal de San Felipe ya se encuentra operativo las 24 horas"},"content":{"rendered":"<p><span style=\"color: #ff0000;\"><strong>Con capacidad para 20 personas.-<\/strong><\/span><\/p>\n<ul>\n<li><strong>Alcaldesa Castillo destac\u00f3 el funcionamiento ininterrumpido del dispositivo, que cuenta con un equipo profesional y t\u00e9cnico que permite brindar un cuidado integral a las personas en situaci\u00f3n de calle durante el per\u00edodo invernal.-<\/strong><\/li>\n<\/ul>\n<p>Con una capacidad para recibir a 20 personas, este 1 de junio comenz\u00f3 a funcionar el Albergue Municipal de San Felipe, dispositivo que busca brindar alternativas de hospedaje y atenci\u00f3n b\u00e1sica (alojamiento, alimentaci\u00f3n y acceso a servicios b\u00e1sicos) a personas en situaci\u00f3n de calle durante el per\u00edodo de bajas temperaturas.<\/p>\n<p>Ubicado en <strong>Dardignac #113<\/strong>, el recinto se mantendr\u00e1 en funcionamiento las 24 horas, hasta el 28 de septiembre, y en su primera jornada ya recibi\u00f3 a ocho personas, quienes durante la ma\u00f1ana de este viernes pudieron compartir con la alcaldesa Carmen Castillo Taucher, los concejales Guillermo Lillo Vivar y Basilio Muena Arias, adem\u00e1s de la directora de Desarrollo Comunitario, Mar\u00eda Teresa Urbina Hern\u00e1ndez.<\/p>\n<p>Fue precisamente la alcaldesa <strong>Carmen Castillo<\/strong> quien destac\u00f3 la gesti\u00f3n realizada para obtener desde el Ministerio de Desarrollo Social los $48 millones que implica poner en marcha este recinto y que sumados a los $4 millones de aporte municipal, otorgan un bienestar integral a las personas que as\u00ed lo necesitan.<\/p>\n<p>\u00ab<em>Para nosotros es muy importante darle espacios a quienes est\u00e1n en situaci\u00f3n de calle, especialmente en este per\u00edodo invernal; estamos hablando de 20 cupos y que va a funcionar hasta el 28 de septiembre, todo el d\u00eda y tiene todos los elementos para brindarle seguridad a las personas que requieran estar en este lugar y cuentan con un equipo muy comprometido de 17 personas que van a estar trabajando en distintos horarios\u00bb,<\/em> detall\u00f3 la m\u00e1xima autoridad comunal.<\/p>\n<p>El concejal <strong>Basilio Muena<\/strong>, agreg\u00f3 que este tipo de ayuda es muy importante, puesto que <em>\u00abser\u00e1n 20 usuarios que van a poder enfrentar de mejor manera las inclemencias del tiempo en nuestra comuna, sabemos del fr\u00edo, esperamos tambi\u00e9n que lleguen lluvias en un tiempo m\u00e1s, as\u00ed que obviamente poder entregarles este espacio para que puedan estar de forma tranquila, bien alimentados y bien cuidados. Como Concejo Municipal, nos pone muy contentos\u00bb.<\/em><\/p>\n<p>La directora de Desarrollo Comunitario, <strong>Mar\u00eda Teresa Urbina Hern\u00e1ndez<\/strong>, explic\u00f3 que estos recursos se consiguen a trav\u00e9s de una postulaci\u00f3n al Ministerio de Desarrollo Social a trav\u00e9s del<strong> \u2018Plan Noche Digna\u2019<\/strong>, y que los fondos municipales sirven para mejorar la cobertura que entrega el programa en su formato b\u00e1sico.<\/p>\n<p>En t\u00e9rminos del sistema que se utiliza para definir a las personas beneficiadas, la profesional sostuvo que <em>\u00abes voluntario, sin embargo, tenemos usuarios que son reconocidos de a\u00f1os anteriores, pero antes de comenzar nosotros activamos una red; es decir, nos contactamos con Carabineros, con la PDI, Servicio de Salud y con diferentes organizaciones que tambi\u00e9n est\u00e1n en el territorio, de tal manera que si se pesquisa alg\u00fan caso, lo puedan invitar y direccionarlo al albergue\u00bb.<\/em><\/p>\n<figure id=\"attachment_122228\" aria-describedby=\"caption-attachment-122228\" style=\"width: 700px\" class=\"wp-caption alignnone\"><img data-recalc-dims=\"1\" loading=\"lazy\" decoding=\"async\" class=\"size-full wp-image-122228\" src=\"https:\/\/i0.wp.com\/eltrabajo.cl\/portal\/wp-content\/uploads\/2023\/06\/albergue-1.jpg?resize=640%2C480&#038;ssl=1\" alt=\"La ma\u00f1ana de este viernes la alcaldesa Carmen Castillo Taucher visit\u00f3 el albergue en su primer d\u00eda de funcionamiento.\" width=\"640\" height=\"480\" srcset=\"https:\/\/i0.wp.com\/eltrabajo.cl\/portal\/wp-content\/uploads\/2023\/06\/albergue-1.jpg?w=700&amp;ssl=1 700w, https:\/\/i0.wp.com\/eltrabajo.cl\/portal\/wp-content\/uploads\/2023\/06\/albergue-1.jpg?resize=300%2C225&amp;ssl=1 300w, https:\/\/i0.wp.com\/eltrabajo.cl\/portal\/wp-content\/uploads\/2023\/06\/albergue-1.jpg?resize=200%2C150&amp;ssl=1 200w, https:\/\/i0.wp.com\/eltrabajo.cl\/portal\/wp-content\/uploads\/2023\/06\/albergue-1.jpg?resize=696%2C522&amp;ssl=1 696w\" sizes=\"auto, (max-width: 640px) 100vw, 640px\" \/><figcaption id=\"caption-attachment-122228\" class=\"wp-caption-text\">La ma\u00f1ana de este viernes la alcaldesa Carmen Castillo Taucher visit\u00f3 el albergue en su primer d\u00eda de funcionamiento.<\/figcaption><\/figure>\n<figure id=\"attachment_122229\" aria-describedby=\"caption-attachment-122229\" style=\"width: 700px\" class=\"wp-caption alignnone\"><img data-recalc-dims=\"1\" loading=\"lazy\" decoding=\"async\" class=\"size-full wp-image-122229\" src=\"https:\/\/i0.wp.com\/eltrabajo.cl\/portal\/wp-content\/uploads\/2023\/06\/albergue-2.jpg?resize=640%2C480&#038;ssl=1\" alt=\"En la oportunidad, la primera autoridad comunal convers\u00f3 con funcionarios y usuarios del albergue.\" width=\"640\" height=\"480\" srcset=\"https:\/\/i0.wp.com\/eltrabajo.cl\/portal\/wp-content\/uploads\/2023\/06\/albergue-2.jpg?w=700&amp;ssl=1 700w, https:\/\/i0.wp.com\/eltrabajo.cl\/portal\/wp-content\/uploads\/2023\/06\/albergue-2.jpg?resize=300%2C225&amp;ssl=1 300w, https:\/\/i0.wp.com\/eltrabajo.cl\/portal\/wp-content\/uploads\/2023\/06\/albergue-2.jpg?resize=200%2C150&amp;ssl=1 200w, https:\/\/i0.wp.com\/eltrabajo.cl\/portal\/wp-content\/uploads\/2023\/06\/albergue-2.jpg?resize=696%2C522&amp;ssl=1 696w\" sizes=\"auto, (max-width: 640px) 100vw, 640px\" \/><figcaption id=\"caption-attachment-122229\" class=\"wp-caption-text\">En la oportunidad, la primera autoridad comunal convers\u00f3 con funcionarios y usuarios del albergue.<\/figcaption><\/figure>\n<figure id=\"attachment_122230\" aria-describedby=\"caption-attachment-122230\" style=\"width: 700px\" class=\"wp-caption alignnone\"><img data-recalc-dims=\"1\" loading=\"lazy\" decoding=\"async\" class=\"size-full wp-image-122230\" src=\"https:\/\/i0.wp.com\/eltrabajo.cl\/portal\/wp-content\/uploads\/2023\/06\/albergue-3.jpg?resize=640%2C480&#038;ssl=1\" alt=\"Este 1 de junio comenz\u00f3 a funcionar el Albergue Municipal de San Felipe, el que cuenta con una capacidad para recibir a 20 personas.\" width=\"640\" height=\"480\" srcset=\"https:\/\/i0.wp.com\/eltrabajo.cl\/portal\/wp-content\/uploads\/2023\/06\/albergue-3.jpg?w=700&amp;ssl=1 700w, https:\/\/i0.wp.com\/eltrabajo.cl\/portal\/wp-content\/uploads\/2023\/06\/albergue-3.jpg?resize=300%2C225&amp;ssl=1 300w, https:\/\/i0.wp.com\/eltrabajo.cl\/portal\/wp-content\/uploads\/2023\/06\/albergue-3.jpg?resize=200%2C150&amp;ssl=1 200w, https:\/\/i0.wp.com\/eltrabajo.cl\/portal\/wp-content\/uploads\/2023\/06\/albergue-3.jpg?resize=696%2C522&amp;ssl=1 696w\" sizes=\"auto, (max-width: 640px) 100vw, 640px\" \/><figcaption id=\"caption-attachment-122230\" class=\"wp-caption-text\">Este 1 de junio comenz\u00f3 a funcionar el Albergue Municipal de San Felipe, el que cuenta con una capacidad para recibir a 20 personas.<\/figcaption><\/figure>\n","protected":false},"excerpt":{"rendered":"<p>Con capacidad para 20 personas.- Alcaldesa Castillo destac\u00f3 el funcionamiento ininterrumpido del dispositivo, que cuenta con un equipo profesional y t\u00e9cnico que permite brindar un cuidado integral a las personas en situaci\u00f3n&#8230;<\/p>\n","protected":false},"author":482,"featured_media":122228,"comment_status":"closed","ping_status":"open","sticky":false,"template":"","format":"standard","meta":{"advanced_seo_description":"","jetpack_seo_html_title":"","jetpack_seo_noindex":false,"_jetpack_memberships_contains_paid_content":false,"footnotes":""},"categories":[103],"tags":[],"class_list":["post-122227","post","type-post","status-publish","format-standard","has-post-thumbnail","hentry","category-cronica-2"],"jetpack_featured_media_url":"https:\/\/i0.wp.com\/eltrabajo.cl\/portal\/wp-content\/uploads\/2023\/06\/albergue-1.jpg?fit=700%2C525&ssl=1","jetpack_sharing_enabled":true,"jetpack_likes_enabled":true,"jetpack-related-posts":[],"_links":{"self":[{"href":"https:\/\/eltrabajo.cl\/portal\/wp-json\/wp\/v2\/posts\/122227","targetHints":{"allow":["GET"]}}],"collection":[{"href":"https:\/\/eltrabajo.cl\/portal\/wp-json\/wp\/v2\/posts"}],"about":[{"href":"https:\/\/eltrabajo.cl\/portal\/wp-json\/wp\/v2\/types\/post"}],"author":[{"embeddable":true,"href":"https:\/\/eltrabajo.cl\/portal\/wp-json\/wp\/v2\/users\/482"}],"replies":[{"embeddable":true,"href":"https:\/\/eltrabajo.cl\/portal\/wp-json\/wp\/v2\/comments?post=122227"}],"version-history":[{"count":1,"href":"https:\/\/eltrabajo.cl\/portal\/wp-json\/wp\/v2\/posts\/122227\/revisions"}],"predecessor-version":[{"id":122231,"href":"https:\/\/eltrabajo.cl\/portal\/wp-json\/wp\/v2\/posts\/122227\/revisions\/122231"}],"wp:featuredmedia":[{"embeddable":true,"href":"https:\/\/eltrabajo.cl\/portal\/wp-json\/wp\/v2\/media\/122228"}],"wp:attachment":[{"href":"https:\/\/eltrabajo.cl\/portal\/wp-json\/wp\/v2\/media?parent=122227"}],"wp:term":[{"taxonomy":"category","embeddable":true,"href":"https:\/\/eltrabajo.cl\/portal\/wp-json\/wp\/v2\/categories?post=122227"},{"taxonomy":"post_tag","embeddable":true,"href":"https:\/\/eltrabajo.cl\/portal\/wp-json\/wp\/v2\/tags?post=122227"}],"curies":[{"name":"wp","href":"https:\/\/api.w.org\/{rel}","templated":true}]}}