{"id":122239,"date":"2023-06-05T07:45:17","date_gmt":"2023-06-05T11:45:17","guid":{"rendered":"https:\/\/eltrabajo.cl\/portal\/?p=122239"},"modified":"2023-06-04T23:56:52","modified_gmt":"2023-06-05T03:56:52","slug":"dos-personas-fueron-detenidas-por-receptacion-de-vehiculo-robado","status":"publish","type":"post","link":"https:\/\/eltrabajo.cl\/portal\/dos-personas-fueron-detenidas-por-receptacion-de-vehiculo-robado\/","title":{"rendered":"Dos personas fueron detenidas por receptaci\u00f3n de veh\u00edculo robado"},"content":{"rendered":"<ul>\n<li><strong>Autom\u00f3vil hab\u00eda sido robado en la comuna de Rinconada y fue encontrado en Santa Mar\u00eda.-<\/strong><\/li>\n<\/ul>\n<p>Carabineros de la Secci\u00f3n de Investigaci\u00f3n Policial (SIP) de Los Andes, investiga un robo millonario que afect\u00f3 a una familia en la comuna de Rinconada.<\/p>\n<p>Un grupo de delincuentes ingres\u00f3 hasta una bodega y se llev\u00f3 una camioneta, herramientas y sacos con nueces.<\/p>\n<p>El mayor <strong>Humberto Garrido<\/strong>, comisario de Carabineros de Los Andes, sostuvo que <em>\u00abse recibi\u00f3 un comunicado radial, en el cual se indic\u00f3 que, en el sector de El Golf en Rinconada, se hab\u00eda realizado el robo de una camioneta, un coloso, un generador, 37 sacos de nueces, y otro tipo de herramientas que las personas denunciaban, avaluando esto en 45 millones de pesos, aproximadamente.<\/em><\/p>\n<p>\u00ab<em>Fue un robo en un fundo en Rinconada, aprovechando la noche, ingresaron a una bodega, cortaron los candados y se llevaron las especies robadas\u00bb,<\/em> a\u00f1adi\u00f3.<\/p>\n<p>Es as\u00ed como personal de Carabineros comenz\u00f3 a realizar la investigaci\u00f3n respectiva para dar con el paradero de los antisociales y de las especies robadas desde esta bodega. Es por esto que se dio el aviso a nivel de Aconcagua por el robo de esta camioneta, la que fue encontrada finalmente en la comuna de Santa Mar\u00eda.<\/p>\n<p>\u00ab<em>Se comenzaron a hacer diligencias para encontrar a los responsables, en Santa Mar\u00eda se encontr\u00f3 la camioneta que hab\u00eda sido sustra\u00edda, lo que permiti\u00f3 poder determinar a personal de la SIP, comenzar con diligencias investigativas para encontrar las otras especies sustra\u00eddas\u00bb,<\/em> indic\u00f3.<\/p>\n<p>Asimismo, el mayor Garrido relat\u00f3 que <em>\u00abconforme a esto, permitiendo a las 19:00 horas hacer ingreso a un domicilio, encontrando los sacos de nueces, el generador, el coloso y todas las herramientas que hab\u00edan sido sustra\u00eddas\u00bb. <\/em><\/p>\n<p>A ra\u00edz de esto, se logr\u00f3 la detenci\u00f3n de dos personas por el delito de receptaci\u00f3n, quienes manten\u00edan una relaci\u00f3n familiar con los delincuentes que protagonizaron este millonario robo. <em>\u00abDe este hecho, se logr\u00f3 la detenci\u00f3n de dos personas que se encontraban en el inmueble por el delito de receptaci\u00f3n\u00bb,<\/em> se\u00f1al\u00f3.<\/p>\n<p>\u00ab<em>Conforme a las indagaciones, ellos son los due\u00f1os de casa donde se encontraron estos elementos, pero s\u00ed, ser\u00edan familiares directos de uno de los involucrados que cometieron este delito\u00bb,<\/em> agreg\u00f3 el Comisario de Carabineros de Los Andes.<\/p>\n<p>Finalmente, el Mayor indic\u00f3 que <em>\u00abla totalidad de las especies conforme reconocieron las v\u00edctimas. El veh\u00edculo estaba sin placas patentes, pero con las indagaciones realizadas, se estableci\u00f3 que se trataba del veh\u00edculo robado en Rinconada\u00bb,<\/em> cerr\u00f3.<\/p>\n<figure id=\"attachment_122240\" aria-describedby=\"caption-attachment-122240\" style=\"width: 700px\" class=\"wp-caption alignnone\"><img data-recalc-dims=\"1\" loading=\"lazy\" decoding=\"async\" class=\"size-full wp-image-122240\" src=\"https:\/\/i0.wp.com\/eltrabajo.cl\/portal\/wp-content\/uploads\/2023\/06\/Mayor-Humberto-Garrido-losandes.jpg?resize=640%2C435&#038;ssl=1\" alt=\"Mayor Humberto Garrido, Comisario de Carabineros de Los Andes.\" width=\"640\" height=\"435\" srcset=\"https:\/\/i0.wp.com\/eltrabajo.cl\/portal\/wp-content\/uploads\/2023\/06\/Mayor-Humberto-Garrido-losandes.jpg?w=700&amp;ssl=1 700w, https:\/\/i0.wp.com\/eltrabajo.cl\/portal\/wp-content\/uploads\/2023\/06\/Mayor-Humberto-Garrido-losandes.jpg?resize=300%2C204&amp;ssl=1 300w, https:\/\/i0.wp.com\/eltrabajo.cl\/portal\/wp-content\/uploads\/2023\/06\/Mayor-Humberto-Garrido-losandes.jpg?resize=200%2C136&amp;ssl=1 200w, https:\/\/i0.wp.com\/eltrabajo.cl\/portal\/wp-content\/uploads\/2023\/06\/Mayor-Humberto-Garrido-losandes.jpg?resize=696%2C473&amp;ssl=1 696w\" sizes=\"auto, (max-width: 640px) 100vw, 640px\" \/><figcaption id=\"caption-attachment-122240\" class=\"wp-caption-text\">Mayor Humberto Garrido, Comisario de Carabineros de Los Andes.<\/figcaption><\/figure>\n","protected":false},"excerpt":{"rendered":"<p>Autom\u00f3vil hab\u00eda sido robado en la comuna de Rinconada y fue encontrado en Santa Mar\u00eda.- Carabineros de la Secci\u00f3n de Investigaci\u00f3n Policial (SIP) de Los Andes, investiga un robo millonario que afect\u00f3&#8230;<\/p>\n","protected":false},"author":482,"featured_media":122240,"comment_status":"closed","ping_status":"open","sticky":false,"template":"","format":"standard","meta":{"advanced_seo_description":"","jetpack_seo_html_title":"","jetpack_seo_noindex":false,"_jetpack_memberships_contains_paid_content":false,"footnotes":""},"categories":[21],"tags":[],"class_list":["post-122239","post","type-post","status-publish","format-standard","has-post-thumbnail","hentry","category-policial"],"jetpack_featured_media_url":"https:\/\/i0.wp.com\/eltrabajo.cl\/portal\/wp-content\/uploads\/2023\/06\/Mayor-Humberto-Garrido-losandes.jpg?fit=700%2C476&ssl=1","jetpack_sharing_enabled":true,"jetpack_likes_enabled":true,"jetpack-related-posts":[],"_links":{"self":[{"href":"https:\/\/eltrabajo.cl\/portal\/wp-json\/wp\/v2\/posts\/122239","targetHints":{"allow":["GET"]}}],"collection":[{"href":"https:\/\/eltrabajo.cl\/portal\/wp-json\/wp\/v2\/posts"}],"about":[{"href":"https:\/\/eltrabajo.cl\/portal\/wp-json\/wp\/v2\/types\/post"}],"author":[{"embeddable":true,"href":"https:\/\/eltrabajo.cl\/portal\/wp-json\/wp\/v2\/users\/482"}],"replies":[{"embeddable":true,"href":"https:\/\/eltrabajo.cl\/portal\/wp-json\/wp\/v2\/comments?post=122239"}],"version-history":[{"count":1,"href":"https:\/\/eltrabajo.cl\/portal\/wp-json\/wp\/v2\/posts\/122239\/revisions"}],"predecessor-version":[{"id":122241,"href":"https:\/\/eltrabajo.cl\/portal\/wp-json\/wp\/v2\/posts\/122239\/revisions\/122241"}],"wp:featuredmedia":[{"embeddable":true,"href":"https:\/\/eltrabajo.cl\/portal\/wp-json\/wp\/v2\/media\/122240"}],"wp:attachment":[{"href":"https:\/\/eltrabajo.cl\/portal\/wp-json\/wp\/v2\/media?parent=122239"}],"wp:term":[{"taxonomy":"category","embeddable":true,"href":"https:\/\/eltrabajo.cl\/portal\/wp-json\/wp\/v2\/categories?post=122239"},{"taxonomy":"post_tag","embeddable":true,"href":"https:\/\/eltrabajo.cl\/portal\/wp-json\/wp\/v2\/tags?post=122239"}],"curies":[{"name":"wp","href":"https:\/\/api.w.org\/{rel}","templated":true}]}}