{"id":122256,"date":"2023-06-06T07:25:48","date_gmt":"2023-06-06T11:25:48","guid":{"rendered":"https:\/\/eltrabajo.cl\/portal\/?p=122256"},"modified":"2023-06-05T23:05:59","modified_gmt":"2023-06-06T03:05:59","slug":"el-prat-gana-a-san-felipe-basket-el-clasico-del-aconcagua","status":"publish","type":"post","link":"https:\/\/eltrabajo.cl\/portal\/el-prat-gana-a-san-felipe-basket-el-clasico-del-aconcagua\/","title":{"rendered":"El Prat gana a San Felipe Basket el cl\u00e1sico del Aconcagua"},"content":{"rendered":"<p>La noche del viernes \u00faltimo, el baloncesto aconcag\u00fcino tuvo como plato fuerte el cl\u00e1sico por la Liga de Desarrollo, entre los quintetos juveniles de los clubes locales, Arturo Prat y San Felipe Basket.<\/p>\n<p>El pleito en el que intervinieron las figuras de proyecci\u00f3n de los cestos aconcag\u00fcinos, se desarroll\u00f3 en el Fort\u00edn Prat, recinto que cont\u00f3 con la presencia de una respetable asistencia en sus gradas, d\u00e1ndole un colorido especial al pleito parejo pero que qued\u00f3 en manos de los pratinos por un score final de 73 a 59.<\/p>\n<p>Los conjuntos sanfelipe\u00f1os integran el grupo B, que adem\u00e1s componen: Quilpu\u00e9 B\u00e1squetbol y \u00c1rabe de Valpara\u00edso, los cuales y a falta de tres fechas para concluir la fase regular, dominan esta agrupaci\u00f3n.<\/p>\n<p><strong>Tabla de Posiciones<\/strong><\/p>\n<p>1\u00ba. &#8211; Quilpu\u00e9 6 ptos<\/p>\n<p>2\u00ba.- \u00c1rabe 5 ptos<\/p>\n<p>3\u00ba.- Prat 4 ptos<\/p>\n<p>4\u00ba.- San Felipe Basket 3 ptos<\/p>\n<figure id=\"attachment_122257\" aria-describedby=\"caption-attachment-122257\" style=\"width: 699px\" class=\"wp-caption alignnone\"><img data-recalc-dims=\"1\" loading=\"lazy\" decoding=\"async\" class=\"size-full wp-image-122257\" src=\"https:\/\/i0.wp.com\/eltrabajo.cl\/portal\/wp-content\/uploads\/2023\/06\/SFB.jpg?resize=640%2C517&#038;ssl=1\" alt=\"El Prat (de azul) y San Felipe Basket protagonizaron un entretenido partido por la Liga de Desarrollo.\" width=\"640\" height=\"517\" srcset=\"https:\/\/i0.wp.com\/eltrabajo.cl\/portal\/wp-content\/uploads\/2023\/06\/SFB.jpg?w=699&amp;ssl=1 699w, https:\/\/i0.wp.com\/eltrabajo.cl\/portal\/wp-content\/uploads\/2023\/06\/SFB.jpg?resize=300%2C242&amp;ssl=1 300w, https:\/\/i0.wp.com\/eltrabajo.cl\/portal\/wp-content\/uploads\/2023\/06\/SFB.jpg?resize=186%2C150&amp;ssl=1 186w, https:\/\/i0.wp.com\/eltrabajo.cl\/portal\/wp-content\/uploads\/2023\/06\/SFB.jpg?resize=696%2C563&amp;ssl=1 696w\" sizes=\"auto, (max-width: 640px) 100vw, 640px\" \/><figcaption id=\"caption-attachment-122257\" class=\"wp-caption-text\">El Prat (de azul) y San Felipe Basket protagonizaron un entretenido partido por la Liga de Desarrollo.<\/figcaption><\/figure>\n<p><img data-recalc-dims=\"1\" loading=\"lazy\" decoding=\"async\" class=\"alignnone size-full wp-image-122258\" src=\"https:\/\/i0.wp.com\/eltrabajo.cl\/portal\/wp-content\/uploads\/2023\/06\/Prat.jpg?resize=640%2C433&#038;ssl=1\" alt=\"\" width=\"640\" height=\"433\" srcset=\"https:\/\/i0.wp.com\/eltrabajo.cl\/portal\/wp-content\/uploads\/2023\/06\/Prat.jpg?w=700&amp;ssl=1 700w, https:\/\/i0.wp.com\/eltrabajo.cl\/portal\/wp-content\/uploads\/2023\/06\/Prat.jpg?resize=300%2C203&amp;ssl=1 300w, https:\/\/i0.wp.com\/eltrabajo.cl\/portal\/wp-content\/uploads\/2023\/06\/Prat.jpg?resize=200%2C135&amp;ssl=1 200w, https:\/\/i0.wp.com\/eltrabajo.cl\/portal\/wp-content\/uploads\/2023\/06\/Prat.jpg?resize=696%2C471&amp;ssl=1 696w\" sizes=\"auto, (max-width: 640px) 100vw, 640px\" \/><\/p>\n","protected":false},"excerpt":{"rendered":"<p>La noche del viernes \u00faltimo, el baloncesto aconcag\u00fcino tuvo como plato fuerte el cl\u00e1sico por la Liga de Desarrollo, entre los quintetos juveniles de los clubes locales, Arturo Prat y San Felipe&#8230;<\/p>\n","protected":false},"author":482,"featured_media":122258,"comment_status":"closed","ping_status":"open","sticky":false,"template":"","format":"standard","meta":{"advanced_seo_description":"","jetpack_seo_html_title":"","jetpack_seo_noindex":false,"_jetpack_memberships_contains_paid_content":false,"footnotes":""},"categories":[19],"tags":[],"class_list":["post-122256","post","type-post","status-publish","format-standard","has-post-thumbnail","hentry","category-deportes"],"jetpack_featured_media_url":"https:\/\/i0.wp.com\/eltrabajo.cl\/portal\/wp-content\/uploads\/2023\/06\/Prat.jpg?fit=700%2C474&ssl=1","jetpack_sharing_enabled":true,"jetpack_likes_enabled":true,"jetpack-related-posts":[],"_links":{"self":[{"href":"https:\/\/eltrabajo.cl\/portal\/wp-json\/wp\/v2\/posts\/122256","targetHints":{"allow":["GET"]}}],"collection":[{"href":"https:\/\/eltrabajo.cl\/portal\/wp-json\/wp\/v2\/posts"}],"about":[{"href":"https:\/\/eltrabajo.cl\/portal\/wp-json\/wp\/v2\/types\/post"}],"author":[{"embeddable":true,"href":"https:\/\/eltrabajo.cl\/portal\/wp-json\/wp\/v2\/users\/482"}],"replies":[{"embeddable":true,"href":"https:\/\/eltrabajo.cl\/portal\/wp-json\/wp\/v2\/comments?post=122256"}],"version-history":[{"count":1,"href":"https:\/\/eltrabajo.cl\/portal\/wp-json\/wp\/v2\/posts\/122256\/revisions"}],"predecessor-version":[{"id":122259,"href":"https:\/\/eltrabajo.cl\/portal\/wp-json\/wp\/v2\/posts\/122256\/revisions\/122259"}],"wp:featuredmedia":[{"embeddable":true,"href":"https:\/\/eltrabajo.cl\/portal\/wp-json\/wp\/v2\/media\/122258"}],"wp:attachment":[{"href":"https:\/\/eltrabajo.cl\/portal\/wp-json\/wp\/v2\/media?parent=122256"}],"wp:term":[{"taxonomy":"category","embeddable":true,"href":"https:\/\/eltrabajo.cl\/portal\/wp-json\/wp\/v2\/categories?post=122256"},{"taxonomy":"post_tag","embeddable":true,"href":"https:\/\/eltrabajo.cl\/portal\/wp-json\/wp\/v2\/tags?post=122256"}],"curies":[{"name":"wp","href":"https:\/\/api.w.org\/{rel}","templated":true}]}}