{"id":122268,"date":"2023-06-06T07:40:14","date_gmt":"2023-06-06T11:40:14","guid":{"rendered":"https:\/\/eltrabajo.cl\/portal\/?p=122268"},"modified":"2023-06-05T23:21:53","modified_gmt":"2023-06-06T03:21:53","slug":"ya-va-mas-de-un-mes-y-aun-combaten-incendio-de-pastizales-en-llay-llay","status":"publish","type":"post","link":"https:\/\/eltrabajo.cl\/portal\/ya-va-mas-de-un-mes-y-aun-combaten-incendio-de-pastizales-en-llay-llay\/","title":{"rendered":"Ya va m\u00e1s de un mes y a\u00fan combaten incendio de pastizales en Llay Llay"},"content":{"rendered":"<ul>\n<li><strong>Siniestro en sector Punta de Diamantes a\u00fan contin\u00faa de manera subterr\u00e1nea, generando humo y contaminaci\u00f3n atmosf\u00e9rica.-<\/strong><\/li>\n<\/ul>\n<p>Hace meses se registr\u00f3 un incendio de pastizales en el sector de la Punta de Diamantes en la comuna de Llay Llay. La emergencia moviliz\u00f3 a Bomberos de varias comunas de la provincia, debido a la proximidad de las llamas a ductos de la empresa \u2018GasValpo\u2019. Semanas despu\u00e9s, los equipos continuaron trabajando para la extinci\u00f3n total del fuego, debido a que \u00e9ste segu\u00eda de manera subterr\u00e1nea.<\/p>\n<p>El tiempo ha pasado, sin embargo, la emergencia a\u00fan contin\u00faa, pues las brazas permanecen encendidas debido a la gran cantidad de material org\u00e1nico y combustible que existe en el lugar, generando humo, y, por ende, la contaminaci\u00f3n atmosf\u00e9rica en la comuna del viento.<\/p>\n<p>En este contexto, el alcalde <strong>Edgardo Gonz\u00e1lez Arancibia<\/strong> indic\u00f3 que se contin\u00faa trabajando con maquinaria pesada para poder superar totalmente este incendio. <em>\u00abLa verdad es que es un fen\u00f3meno complejo, se han hecho todos los esfuerzos por parte de Conaf y Municipio para poder ir aplacando los efectos del incendio, en un momento el riesgo era la propagaci\u00f3n, eso est\u00e1 completamente controlado, est\u00e1 bien acotado\u00bb. <\/em><\/p>\n<p>Asimismo, el edil agreg\u00f3 que <em>\u00abqueda la segunda que es el hecho que este incendio se mantenga en el tiempo, genera una contaminaci\u00f3n permanente para los vecinos y vecinas que esperamos que vaya disminuyendo con el apago paulatino del incendio que debiera ir ocurriendo de manera natural, toda vez que el material es org\u00e1nico y cien por ciento combustible; eso significa, que se tiene que consumir todo para que el incendio se pueda apagar\u00bb.<\/em><\/p>\n<p>Es por esto que se contin\u00faan las labores con maquinaria pesada para ir removiendo el material y poder apagar cualquier atisbo de foco de incendio. <em>\u00abSe trabaja con maquinaria y agua de manera alternada de manera de disminuir los efectos y que esto se apague lo m\u00e1s r\u00e1pido y de manera definitiva\u00bb,<\/em> agreg\u00f3.<\/p>\n<p>Finalmente, y respecto de la proximidad del incendio a las v\u00edas de \u2018GasValpo\u2019, el alcalde Arancibia se\u00f1al\u00f3 que <em>\u00abhay un control de parte de la empresa, obviamente para que no exista riesgo para la tuber\u00eda, no existe riesgo hoy que tenga cercan\u00eda con el fuego, est\u00e1 controlado completamente, lo que nos va quedando es el tema de la contaminaci\u00f3n atmosf\u00e9rica debido a este constante humo que se genera en el sector\u00bb. <\/em><\/p>\n<p>El siniestro ha generado gran cantidad de humo que ha afectado a la comunidad de Llay Llay.<\/p>\n<figure id=\"attachment_122269\" aria-describedby=\"caption-attachment-122269\" style=\"width: 699px\" class=\"wp-caption alignnone\"><img data-recalc-dims=\"1\" loading=\"lazy\" decoding=\"async\" class=\"size-full wp-image-122269\" src=\"https:\/\/i0.wp.com\/eltrabajo.cl\/portal\/wp-content\/uploads\/2023\/06\/incendio.jpg?resize=640%2C360&#038;ssl=1\" alt=\"As\u00ed contin\u00faan trabajabando los equipos para extinguir el incendio. \" width=\"640\" height=\"360\" srcset=\"https:\/\/i0.wp.com\/eltrabajo.cl\/portal\/wp-content\/uploads\/2023\/06\/incendio.jpg?w=699&amp;ssl=1 699w, https:\/\/i0.wp.com\/eltrabajo.cl\/portal\/wp-content\/uploads\/2023\/06\/incendio.jpg?resize=300%2C169&amp;ssl=1 300w, https:\/\/i0.wp.com\/eltrabajo.cl\/portal\/wp-content\/uploads\/2023\/06\/incendio.jpg?resize=200%2C112&amp;ssl=1 200w, https:\/\/i0.wp.com\/eltrabajo.cl\/portal\/wp-content\/uploads\/2023\/06\/incendio.jpg?resize=696%2C391&amp;ssl=1 696w\" sizes=\"auto, (max-width: 640px) 100vw, 640px\" \/><figcaption id=\"caption-attachment-122269\" class=\"wp-caption-text\">As\u00ed contin\u00faan trabajabando los equipos para extinguir el incendio.<\/figcaption><\/figure>\n","protected":false},"excerpt":{"rendered":"<p>Siniestro en sector Punta de Diamantes a\u00fan contin\u00faa de manera subterr\u00e1nea, generando humo y contaminaci\u00f3n atmosf\u00e9rica.- Hace meses se registr\u00f3 un incendio de pastizales en el sector de la Punta de Diamantes&#8230;<\/p>\n","protected":false},"author":482,"featured_media":122269,"comment_status":"closed","ping_status":"open","sticky":false,"template":"","format":"standard","meta":{"advanced_seo_description":"","jetpack_seo_html_title":"","jetpack_seo_noindex":false,"_jetpack_memberships_contains_paid_content":false,"footnotes":""},"categories":[21],"tags":[],"class_list":["post-122268","post","type-post","status-publish","format-standard","has-post-thumbnail","hentry","category-policial"],"jetpack_featured_media_url":"https:\/\/i0.wp.com\/eltrabajo.cl\/portal\/wp-content\/uploads\/2023\/06\/incendio.jpg?fit=699%2C393&ssl=1","jetpack_sharing_enabled":true,"jetpack_likes_enabled":true,"jetpack-related-posts":[],"_links":{"self":[{"href":"https:\/\/eltrabajo.cl\/portal\/wp-json\/wp\/v2\/posts\/122268","targetHints":{"allow":["GET"]}}],"collection":[{"href":"https:\/\/eltrabajo.cl\/portal\/wp-json\/wp\/v2\/posts"}],"about":[{"href":"https:\/\/eltrabajo.cl\/portal\/wp-json\/wp\/v2\/types\/post"}],"author":[{"embeddable":true,"href":"https:\/\/eltrabajo.cl\/portal\/wp-json\/wp\/v2\/users\/482"}],"replies":[{"embeddable":true,"href":"https:\/\/eltrabajo.cl\/portal\/wp-json\/wp\/v2\/comments?post=122268"}],"version-history":[{"count":1,"href":"https:\/\/eltrabajo.cl\/portal\/wp-json\/wp\/v2\/posts\/122268\/revisions"}],"predecessor-version":[{"id":122270,"href":"https:\/\/eltrabajo.cl\/portal\/wp-json\/wp\/v2\/posts\/122268\/revisions\/122270"}],"wp:featuredmedia":[{"embeddable":true,"href":"https:\/\/eltrabajo.cl\/portal\/wp-json\/wp\/v2\/media\/122269"}],"wp:attachment":[{"href":"https:\/\/eltrabajo.cl\/portal\/wp-json\/wp\/v2\/media?parent=122268"}],"wp:term":[{"taxonomy":"category","embeddable":true,"href":"https:\/\/eltrabajo.cl\/portal\/wp-json\/wp\/v2\/categories?post=122268"},{"taxonomy":"post_tag","embeddable":true,"href":"https:\/\/eltrabajo.cl\/portal\/wp-json\/wp\/v2\/tags?post=122268"}],"curies":[{"name":"wp","href":"https:\/\/api.w.org\/{rel}","templated":true}]}}