{"id":122298,"date":"2023-06-07T07:35:41","date_gmt":"2023-06-07T11:35:41","guid":{"rendered":"https:\/\/eltrabajo.cl\/portal\/?p=122298"},"modified":"2023-06-06T23:34:17","modified_gmt":"2023-06-07T03:34:17","slug":"apr-protestan-frente-a-la-moneda-y-entregan-carta-al-presidente-boric","status":"publish","type":"post","link":"https:\/\/eltrabajo.cl\/portal\/apr-protestan-frente-a-la-moneda-y-entregan-carta-al-presidente-boric\/","title":{"rendered":"APR protestan frente a La Moneda y entregan carta al presidente Boric"},"content":{"rendered":"<ul>\n<li><strong>En la misiva piden que se cambien varios art\u00edculos de la ley que crea los Servicios Sanitarios Rurales.-<\/strong><\/li>\n<\/ul>\n<p>Frente al palacio de La Moneda, en Santiago, llegaron dirigentes y representantes del mundo APR de todo Chile para realizar una manifestaci\u00f3n pac\u00edfica pidiendo se modifique la ley que crea los Servicios Sanitarios Rurales. Esto, seg\u00fan indicaron, los obliga a cumplir con requerimientos que son imposibles para ellos, arriesg\u00e1ndose a multas que lo son a\u00fan m\u00e1s.<\/p>\n<p><strong>Ingrid Henr\u00edquez<\/strong>, gerente del APR de Algarrobal de San Felipe, estuvo presente en la movilizaci\u00f3n y coment\u00f3 el alcance que \u00e9sta tuvo. La dirigente sostuvo que <em>\u00abesta manifestaci\u00f3n a trav\u00e9s de APR Chile, vinimos a dejar una carta para el presidente Boric de acuerdo a un compromiso que \u00e9l hab\u00eda hecho con los APR para poder generar una mesa por la nueva ley 20.998 y que esta ley entr\u00f3 en vigencia en noviembre del 2020 y APR Chile se ha unido para modificar hartos art\u00edculos de esta ley\u00bb.<\/em><\/p>\n<p>En este mismo contexto, Henr\u00edquez indic\u00f3 que se trat\u00f3 de <em>\u00abuna movilizaci\u00f3n nacional, la ley lo que viene a hacer es a tratarnos como empresa, nosotros somos organizaciones sin fines de lucro, por lo tanto, no nos pueden tratar como a las grandes sanitarias, nos hacen exigencias, nos arriesgamos a multas, por lo tanto, nosotros no tenemos las condiciones para cumplir lo que la ley exige.<\/em><\/p>\n<p>\u00ab<em>Tenemos pocos derechos de agua, tenemos mala infraestructura, pr\u00e1cticamente dependemos del Estado, entonces, nos exigen las condiciones que ellos mismos nos deben proporcionar, es por eso que vinimos a La Moneda\u00bb,<\/em> detall\u00f3.<\/p>\n<p>Respecto de si hubo instancias de di\u00e1logo para la creaci\u00f3n de esta ley, la gerente del APR de Algarrobal se\u00f1al\u00f3 que <em>\u00aben un principio hubo reuniones con dirigentes, se supone que se iba a tomar en cuenta las opiniones, pero en el fondo nada se cumpli\u00f3, esta ley se impuso para que la cumpli\u00e9ramos, es por eso que los APR Chile se moviliz\u00f3 para modificar los art\u00edculos de esta ley\u00bb. <\/em><\/p>\n<p>Finalmente, y consultada por el resultado positivo o no de esta movilizaci\u00f3n, Ingrid Henr\u00edquez asegur\u00f3 que <em>\u00abafortunadamente s\u00ed, llegamos muy temprano, fuimos escuchados, entr\u00f3 el directorio de APR Chile, entregaron la carta y el compromiso del presidente es analizarla y tener una reuni\u00f3n con los dirigentes, esperamos que esto se cumpla\u00bb. <\/em><\/p>\n<figure id=\"attachment_122299\" aria-describedby=\"caption-attachment-122299\" style=\"width: 699px\" class=\"wp-caption alignnone\"><img data-recalc-dims=\"1\" loading=\"lazy\" decoding=\"async\" class=\"size-full wp-image-122299\" src=\"https:\/\/i0.wp.com\/eltrabajo.cl\/portal\/wp-content\/uploads\/2023\/06\/apr-la-moneda-2.jpg?resize=640%2C481&#038;ssl=1\" alt=\"Dirigentes de APR de todo el pa\u00eds se dieron cita en La Moneda para protestar por la norma legal.\" width=\"640\" height=\"481\" srcset=\"https:\/\/i0.wp.com\/eltrabajo.cl\/portal\/wp-content\/uploads\/2023\/06\/apr-la-moneda-2.jpg?w=699&amp;ssl=1 699w, https:\/\/i0.wp.com\/eltrabajo.cl\/portal\/wp-content\/uploads\/2023\/06\/apr-la-moneda-2.jpg?resize=300%2C225&amp;ssl=1 300w, https:\/\/i0.wp.com\/eltrabajo.cl\/portal\/wp-content\/uploads\/2023\/06\/apr-la-moneda-2.jpg?resize=200%2C150&amp;ssl=1 200w, https:\/\/i0.wp.com\/eltrabajo.cl\/portal\/wp-content\/uploads\/2023\/06\/apr-la-moneda-2.jpg?resize=696%2C523&amp;ssl=1 696w\" sizes=\"auto, (max-width: 640px) 100vw, 640px\" \/><figcaption id=\"caption-attachment-122299\" class=\"wp-caption-text\">Dirigentes de APR de todo el pa\u00eds se dieron cita en La Moneda para protestar por la norma legal.<\/figcaption><\/figure>\n<figure id=\"attachment_122300\" aria-describedby=\"caption-attachment-122300\" style=\"width: 699px\" class=\"wp-caption alignnone\"><img data-recalc-dims=\"1\" loading=\"lazy\" decoding=\"async\" class=\"size-full wp-image-122300\" src=\"https:\/\/i0.wp.com\/eltrabajo.cl\/portal\/wp-content\/uploads\/2023\/06\/apr-la-moneda.jpg?resize=640%2C481&#038;ssl=1\" alt=\"Dirigentes del APR de Algarrobal presentes en movilizaci\u00f3n en Santiago.\" width=\"640\" height=\"481\" srcset=\"https:\/\/i0.wp.com\/eltrabajo.cl\/portal\/wp-content\/uploads\/2023\/06\/apr-la-moneda.jpg?w=699&amp;ssl=1 699w, https:\/\/i0.wp.com\/eltrabajo.cl\/portal\/wp-content\/uploads\/2023\/06\/apr-la-moneda.jpg?resize=300%2C225&amp;ssl=1 300w, https:\/\/i0.wp.com\/eltrabajo.cl\/portal\/wp-content\/uploads\/2023\/06\/apr-la-moneda.jpg?resize=200%2C150&amp;ssl=1 200w, https:\/\/i0.wp.com\/eltrabajo.cl\/portal\/wp-content\/uploads\/2023\/06\/apr-la-moneda.jpg?resize=696%2C523&amp;ssl=1 696w\" sizes=\"auto, (max-width: 640px) 100vw, 640px\" \/><figcaption id=\"caption-attachment-122300\" class=\"wp-caption-text\">Dirigentes del APR de Algarrobal presentes en movilizaci\u00f3n en Santiago.<\/figcaption><\/figure>\n","protected":false},"excerpt":{"rendered":"<p>En la misiva piden que se cambien varios art\u00edculos de la ley que crea los Servicios Sanitarios Rurales.- Frente al palacio de La Moneda, en Santiago, llegaron dirigentes y representantes del mundo&#8230;<\/p>\n","protected":false},"author":482,"featured_media":122299,"comment_status":"closed","ping_status":"open","sticky":false,"template":"","format":"standard","meta":{"advanced_seo_description":"","jetpack_seo_html_title":"","jetpack_seo_noindex":false,"_jetpack_memberships_contains_paid_content":false,"footnotes":""},"categories":[103],"tags":[],"class_list":["post-122298","post","type-post","status-publish","format-standard","has-post-thumbnail","hentry","category-cronica-2"],"jetpack_featured_media_url":"https:\/\/i0.wp.com\/eltrabajo.cl\/portal\/wp-content\/uploads\/2023\/06\/apr-la-moneda-2.jpg?fit=699%2C525&ssl=1","jetpack_sharing_enabled":true,"jetpack_likes_enabled":true,"jetpack-related-posts":[],"_links":{"self":[{"href":"https:\/\/eltrabajo.cl\/portal\/wp-json\/wp\/v2\/posts\/122298","targetHints":{"allow":["GET"]}}],"collection":[{"href":"https:\/\/eltrabajo.cl\/portal\/wp-json\/wp\/v2\/posts"}],"about":[{"href":"https:\/\/eltrabajo.cl\/portal\/wp-json\/wp\/v2\/types\/post"}],"author":[{"embeddable":true,"href":"https:\/\/eltrabajo.cl\/portal\/wp-json\/wp\/v2\/users\/482"}],"replies":[{"embeddable":true,"href":"https:\/\/eltrabajo.cl\/portal\/wp-json\/wp\/v2\/comments?post=122298"}],"version-history":[{"count":1,"href":"https:\/\/eltrabajo.cl\/portal\/wp-json\/wp\/v2\/posts\/122298\/revisions"}],"predecessor-version":[{"id":122301,"href":"https:\/\/eltrabajo.cl\/portal\/wp-json\/wp\/v2\/posts\/122298\/revisions\/122301"}],"wp:featuredmedia":[{"embeddable":true,"href":"https:\/\/eltrabajo.cl\/portal\/wp-json\/wp\/v2\/media\/122299"}],"wp:attachment":[{"href":"https:\/\/eltrabajo.cl\/portal\/wp-json\/wp\/v2\/media?parent=122298"}],"wp:term":[{"taxonomy":"category","embeddable":true,"href":"https:\/\/eltrabajo.cl\/portal\/wp-json\/wp\/v2\/categories?post=122298"},{"taxonomy":"post_tag","embeddable":true,"href":"https:\/\/eltrabajo.cl\/portal\/wp-json\/wp\/v2\/tags?post=122298"}],"curies":[{"name":"wp","href":"https:\/\/api.w.org\/{rel}","templated":true}]}}