{"id":122354,"date":"2023-06-08T07:54:26","date_gmt":"2023-06-08T11:54:26","guid":{"rendered":"https:\/\/eltrabajo.cl\/portal\/?p=122354"},"modified":"2023-06-07T23:46:19","modified_gmt":"2023-06-08T03:46:19","slug":"dirigente-aconcaguino-denuncia-graves-irregularidades-en-arfa-quinta","status":"publish","type":"post","link":"https:\/\/eltrabajo.cl\/portal\/dirigente-aconcaguino-denuncia-graves-irregularidades-en-arfa-quinta\/","title":{"rendered":"Dirigente aconcag\u00fcino denuncia graves\u00a0 irregularidades en ARFA Quinta"},"content":{"rendered":"<p>Ir de frente para en un primer momento hacer ver las supuestas y graves irregularidades en las que estar\u00eda incurriendo el actual directorio de la ARFA Quinta Regi\u00f3n, le cost\u00f3 caro al joven directivo <strong>Fabi\u00e1n Fern\u00e1ndez<\/strong>, quien fue sancionado de por vida por los actuales regentes del ente rector del balompi\u00e9 aficionado regional.<\/p>\n<p>El ahora ex presidente de la Asociaci\u00f3n de F\u00fatbol de San Esteban, no qued\u00f3 indiferente ante las graves deficiencias del balance entregado por ARFA. <em>\u00abSumando la glosa, los n\u00fameros no respaldan lo que dice el balance que se present\u00f3. En el mejor de los casos la diferencia es de $10.0000 <\/em>(diez millones de pesos)<em> y en el peor de m\u00e1s de $100.000.000 <\/em>(cien millones de pesos).<em> Yo pas\u00e9 este balance a varios profesionales en la materia que han hecho este tipo de trabajos en empresas importantes y bancos. Ellos tienen muy claro que hay inconsistencias graves\u00bb,<\/em> relat\u00f3 el ex dirigente.<\/p>\n<p>Gastos injustificados generales y operacionales, son algunas de las fallas que el balance de ARFA espera justificar. <em>\u00abRinden dos veces los mismos gastos, y eso no puede ser\u00bb,<\/em> cont\u00f3 Fern\u00e1ndez, quien con su valiente actuar, est\u00e1 poniendo en conocimiento de la opini\u00f3n p\u00fablica del valle de Aconcagua y toda la Quinta Regi\u00f3n, el actuar de directivos que tienen la misi\u00f3n de resguardar y darle un manejo limpio a dineros que son generados por las asociaciones.<\/p>\n<p>La acci\u00f3n de Fabi\u00e1n Fern\u00e1ndez puede tener alcances insospechados, ya que no se descarta que la justicia ordinaria tome protagonismo, porque los hechos son graves y muy delicados. <em>\u00abEsta administraci\u00f3n desde el inicio ha ca\u00eddo en irregularidades graves, porque dentro de sus filas hay un directivo que estaba inhabilitado por reglamento para poder ser parte del directorio. Me refiero a <strong>Manuel D\u00edaz<\/strong>, quien est\u00e1 actuando en complicidad con el presidente <strong>Rolando Ponce<\/strong>, porque desde el momento mismo que se postularon sab\u00edan de esto <\/em>(que estaba sancionado).<em> Respecto a este tema, el Tricel tambi\u00e9n tiene responsabilidad al no investigar o requerir los antecedentes de los candidatos\u00bb,<\/em> aport\u00f3.<\/p>\n<p>&nbsp;<\/p>\n<p><span style=\"color: #ff0000;\">El s\u00e1bado habr\u00e1 una importante cita directiva en la sede de ARFA Quinta<\/span><\/p>\n<p>Para las 11 de la ma\u00f1ana de este s\u00e1bado fue agendada una reuni\u00f3n extraordinaria de presidentes en la sede central de ARFA Quinta Regi\u00f3n en la ciudad de Vi\u00f1a del Mar. La cita directiva contar\u00e1 con la participaci\u00f3n de los dirigentes m\u00e1s influyentes de las distintas agrupaciones que dan vida al ente m\u00e1ximo del balompi\u00e9 aficionado regional.<\/p>\n<p>Si bien es cierto los temas para los cuales se hace la cita tienen que ver con la \u2018Copa de Campeones\u2019, bases de torneos de selecciones y desafiliaci\u00f3n de asociaciones, es muy claro que la atenci\u00f3n estar\u00e1 puesta en los Puntos Varios, ya que con toda seguridad ah\u00ed se tratar\u00e1 el relativo a las supuestas irregularidades en que estar\u00eda incurriendo la actual mesa directiva de la Arfa Quinta.<\/p>\n<figure id=\"attachment_122355\" aria-describedby=\"caption-attachment-122355\" style=\"width: 700px\" class=\"wp-caption alignnone\"><img data-recalc-dims=\"1\" loading=\"lazy\" decoding=\"async\" class=\"size-full wp-image-122355\" src=\"https:\/\/i0.wp.com\/eltrabajo.cl\/portal\/wp-content\/uploads\/2023\/06\/ARFA-fabian-hernandez.jpg?resize=640%2C480&#038;ssl=1\" alt=\"Fabi\u00e1n Fern\u00e1ndez recibi\u00f3 una sanci\u00f3n de por vida por parte de los cuestionados regentes de la ARFA Quinta.\" width=\"640\" height=\"480\" srcset=\"https:\/\/i0.wp.com\/eltrabajo.cl\/portal\/wp-content\/uploads\/2023\/06\/ARFA-fabian-hernandez.jpg?w=700&amp;ssl=1 700w, https:\/\/i0.wp.com\/eltrabajo.cl\/portal\/wp-content\/uploads\/2023\/06\/ARFA-fabian-hernandez.jpg?resize=300%2C225&amp;ssl=1 300w, https:\/\/i0.wp.com\/eltrabajo.cl\/portal\/wp-content\/uploads\/2023\/06\/ARFA-fabian-hernandez.jpg?resize=200%2C150&amp;ssl=1 200w, https:\/\/i0.wp.com\/eltrabajo.cl\/portal\/wp-content\/uploads\/2023\/06\/ARFA-fabian-hernandez.jpg?resize=696%2C522&amp;ssl=1 696w\" sizes=\"auto, (max-width: 640px) 100vw, 640px\" \/><figcaption id=\"caption-attachment-122355\" class=\"wp-caption-text\">Fabi\u00e1n Fern\u00e1ndez recibi\u00f3 una sanci\u00f3n de por vida por parte de los cuestionados regentes de la ARFA Quinta.<\/figcaption><\/figure>\n<figure id=\"attachment_122356\" aria-describedby=\"caption-attachment-122356\" style=\"width: 700px\" class=\"wp-caption alignnone\"><img data-recalc-dims=\"1\" loading=\"lazy\" decoding=\"async\" class=\"size-full wp-image-122356\" src=\"https:\/\/i0.wp.com\/eltrabajo.cl\/portal\/wp-content\/uploads\/2023\/06\/ARFA-Reunion.jpg?resize=640%2C384&#038;ssl=1\" alt=\"Este s\u00e1bado se reunir\u00e1n en Vi\u00f1a del Mar los principales directivos del balompi\u00e9 aficionado de la quinta regi\u00f3n.\" width=\"640\" height=\"384\" srcset=\"https:\/\/i0.wp.com\/eltrabajo.cl\/portal\/wp-content\/uploads\/2023\/06\/ARFA-Reunion.jpg?w=700&amp;ssl=1 700w, https:\/\/i0.wp.com\/eltrabajo.cl\/portal\/wp-content\/uploads\/2023\/06\/ARFA-Reunion.jpg?resize=300%2C180&amp;ssl=1 300w, https:\/\/i0.wp.com\/eltrabajo.cl\/portal\/wp-content\/uploads\/2023\/06\/ARFA-Reunion.jpg?resize=200%2C120&amp;ssl=1 200w, https:\/\/i0.wp.com\/eltrabajo.cl\/portal\/wp-content\/uploads\/2023\/06\/ARFA-Reunion.jpg?resize=696%2C418&amp;ssl=1 696w\" sizes=\"auto, (max-width: 640px) 100vw, 640px\" \/><figcaption id=\"caption-attachment-122356\" class=\"wp-caption-text\">Este s\u00e1bado se reunir\u00e1n en Vi\u00f1a del Mar los principales directivos del balompi\u00e9 aficionado de la Quinta regi\u00f3n.<\/figcaption><\/figure>\n","protected":false},"excerpt":{"rendered":"<p>Ir de frente para en un primer momento hacer ver las supuestas y graves irregularidades en las que estar\u00eda incurriendo el actual directorio de la ARFA Quinta Regi\u00f3n, le cost\u00f3 caro al&#8230;<\/p>\n","protected":false},"author":482,"featured_media":122356,"comment_status":"closed","ping_status":"open","sticky":false,"template":"","format":"standard","meta":{"advanced_seo_description":"","jetpack_seo_html_title":"","jetpack_seo_noindex":false,"_jetpack_memberships_contains_paid_content":false,"footnotes":""},"categories":[19],"tags":[],"class_list":["post-122354","post","type-post","status-publish","format-standard","has-post-thumbnail","hentry","category-deportes"],"jetpack_featured_media_url":"https:\/\/i0.wp.com\/eltrabajo.cl\/portal\/wp-content\/uploads\/2023\/06\/ARFA-Reunion.jpg?fit=700%2C420&ssl=1","jetpack_sharing_enabled":true,"jetpack_likes_enabled":true,"jetpack-related-posts":[],"_links":{"self":[{"href":"https:\/\/eltrabajo.cl\/portal\/wp-json\/wp\/v2\/posts\/122354","targetHints":{"allow":["GET"]}}],"collection":[{"href":"https:\/\/eltrabajo.cl\/portal\/wp-json\/wp\/v2\/posts"}],"about":[{"href":"https:\/\/eltrabajo.cl\/portal\/wp-json\/wp\/v2\/types\/post"}],"author":[{"embeddable":true,"href":"https:\/\/eltrabajo.cl\/portal\/wp-json\/wp\/v2\/users\/482"}],"replies":[{"embeddable":true,"href":"https:\/\/eltrabajo.cl\/portal\/wp-json\/wp\/v2\/comments?post=122354"}],"version-history":[{"count":1,"href":"https:\/\/eltrabajo.cl\/portal\/wp-json\/wp\/v2\/posts\/122354\/revisions"}],"predecessor-version":[{"id":122357,"href":"https:\/\/eltrabajo.cl\/portal\/wp-json\/wp\/v2\/posts\/122354\/revisions\/122357"}],"wp:featuredmedia":[{"embeddable":true,"href":"https:\/\/eltrabajo.cl\/portal\/wp-json\/wp\/v2\/media\/122356"}],"wp:attachment":[{"href":"https:\/\/eltrabajo.cl\/portal\/wp-json\/wp\/v2\/media?parent=122354"}],"wp:term":[{"taxonomy":"category","embeddable":true,"href":"https:\/\/eltrabajo.cl\/portal\/wp-json\/wp\/v2\/categories?post=122354"},{"taxonomy":"post_tag","embeddable":true,"href":"https:\/\/eltrabajo.cl\/portal\/wp-json\/wp\/v2\/tags?post=122354"}],"curies":[{"name":"wp","href":"https:\/\/api.w.org\/{rel}","templated":true}]}}