{"id":122733,"date":"2023-06-29T07:58:05","date_gmt":"2023-06-29T11:58:05","guid":{"rendered":"https:\/\/eltrabajo.cl\/portal\/?p=122733"},"modified":"2023-06-28T22:47:34","modified_gmt":"2023-06-29T02:47:34","slug":"siete-personas-fueron-detenidas-en-el-marco-de-funeral-narco-en-san-felipe","status":"publish","type":"post","link":"https:\/\/eltrabajo.cl\/portal\/siete-personas-fueron-detenidas-en-el-marco-de-funeral-narco-en-san-felipe\/","title":{"rendered":"Siete personas fueron detenidas en el marco de \u2018funeral narco\u2019 en San Felipe"},"content":{"rendered":"<ul>\n<li><strong>Carabineros detuvo a sujetos por porte de fuegos artificiales, drogas y municiones.-<\/strong><\/li>\n<\/ul>\n<p>El cuerpo de <strong>D\u00e1maso Olivos Cortez<\/strong> ya fue sepultado en el Cementerio Parque \u2018La Oraci\u00f3n\u2019 de Calle Larga y el funeral no pas\u00f3 desapercibido en la ciudad. Y es que Carabineros debi\u00f3 desplegar un amplio operativo para este denominado <strong>\u2018funeral narco\u2019<\/strong>.<\/p>\n<p>Personal policial, con el refuerzo de varias unidades de Carabineros, comenz\u00f3 este trabajo desde que el cuerpo del individuo fue entregado en el Servicio M\u00e9dico Legal, adem\u00e1s realizaron una permanente vigilancia en el sector de Curim\u00f3n donde fue velado, y posteriormente, acompa\u00f1aron el funeral hasta el cementerio.<\/p>\n<p>El Comisario de Carabineros, mayor <strong>Jorge Guzm\u00e1n<\/strong>, se refiri\u00f3 al trabajo desarrollado y el plan establecido para este caso. <em>\u00abDesde el d\u00eda s\u00e1bado que se est\u00e1n realizando servicios policiales preventivos diferentes, con la finalidad de poder evitar y cooperar en bajar la sensaci\u00f3n de inseguridad conforme a la muerte de esta persona, en la que se manten\u00eda informaci\u00f3n que estar\u00eda vinculado con temas de drogas, por lo tanto, al aplicar la matriz de riesgo asociado al homicidio de este sujeto, nos entrega un perfil alto, por lo tanto es denominado de alto riesgo, generando servicios diferentes\u00bb.<\/em><\/p>\n<p>Es bajo este escenario que personal de diversas unidades policiales, tanto de Aconcagua como de la regi\u00f3n, llegaron para apoyar en el resguardo a la poblaci\u00f3n y evitar la ocurrencia de alg\u00fan tipo de delito.<\/p>\n<p>\u00ab<em>Se tuvo la cooperaci\u00f3n de diferentes estamentos especializados de Carabineros de Chile, tanto la Prefectura de Control de Orden P\u00fablico, el Grupo de Operaciones Policiales Especiales y personal de la secci\u00f3n anti drogas como de la Tercera Comisar\u00eda de Los Andes, que permitieron desarrollar un servicio impecable\u00bb,<\/em> se\u00f1al\u00f3 Guzm\u00e1n.<\/p>\n<p>En este mismo contexto, el Comisario de Carabineros detall\u00f3 que <em>\u00abel servicio cont\u00f3 en el aseguramiento del \u00e1rea de Curim\u00f3n para que los residentes pudieran sentirse seguros, y, adem\u00e1s, generar un recorrido desde un acompa\u00f1amiento desde la entrega del cuerpo en el Servicio M\u00e9dico Legal, en donde se hizo una intervenci\u00f3n y un corte a la caravana que estaba acompa\u00f1ando al f\u00e9retro, puesto que se manten\u00eda informaci\u00f3n que en el interior se manten\u00edan fuegos artificiales y armas de fuego.<\/em><\/p>\n<p>\u00ab<em>Se controlan determinados veh\u00edculos, y los veh\u00edculos que estaban en la cola de la caravana huyen del lugar al ver la presencia policial. En esta primera fiscalizaci\u00f3n que tuvimos, no hubo detenidos\u00bb,<\/em> agreg\u00f3 el Mayor.<\/p>\n<p>Es en este punto donde Carabineros impidi\u00f3 que dicha caravana pudiera ingresar al sector de la Villa 250 A\u00f1os, pues, seg\u00fan antecedentes policiales, se podr\u00eda generar alg\u00fan delito en el sector.<\/p>\n<p>\u00ab<em>Una parte importante del despliegue era evitar que pudieran ingresar a la villa 250 A\u00f1os, puesto que se manten\u00eda que en el interior se iba a hacer uso de fuegos de artificio y armas de fuego. El ingreso a la villa pudo haber generado este escenario perfecto para que pudiera haber muchos m\u00e1s fuegos artificiales\u00bb,<\/em> precis\u00f3.<\/p>\n<p>Ya en el sector de Curim\u00f3n, lugar donde fue velado el cuerpo de D\u00e1maso Olivos Cortez, Carabineros dispuso de un operativo de seguridad de tal manera que cualquier veh\u00edculo que ingresara al velorio, deb\u00eda pasar por un control policial; en este marco hubo tres detenidos.<\/p>\n<p>\u00ab<em>No obstante, en el control que se hace al \u00e1rea Curim\u00f3n, solamente durante la primera noche se mantuvieron dos detenidos por porte de arma blanca, un detenido por receptaci\u00f3n y se realizaron cerca de 100 controles vehiculares. Hicimos un corte de calles y todo veh\u00edculo que ingresaba hacia el velorio se les hac\u00eda un control vehicular y de identidad, conforme a los antecedentes que manten\u00edamos de la presencia de armas de fuego y fuegos de artificio\u00bb,<\/em> indic\u00f3 el Comisario.<\/p>\n<p>Asimismo, el d\u00eda mi\u00e9rcoles cuando se realiz\u00f3 el funeral, Carabineros logr\u00f3 la detenci\u00f3n de cuatro personas; <em>\u00abal d\u00eda de hoy <\/em>(ayer),<em> donde ya se finaliz\u00f3 el proceso, tuvimos la detenci\u00f3n de dos personas que estaban al interior de la caravana con \u00f3rdenes de aprehensi\u00f3n vigente, un detenido mayor de edad por porte de droga, como, asimismo, manten\u00eda cuatro municiones a fogueo adaptadas para el disparo\u00bb,<\/em> dijo el mayor Guzm\u00e1n.<\/p>\n<p>\u00ab<em>Y finalmente, cercano a las inmediaciones del cementerio, logramos la detenci\u00f3n de un sujeto mayor de edad el cual al ser controlado por Carabineros, manten\u00eda fuegos de artificio\u00bb,<\/em> detall\u00f3 Jorge Guzm\u00e1n.<\/p>\n<p>Todo un trabajo desplegado por Carabineros para brindar seguridad a la comunidad ante la realizaci\u00f3n de este \u2018funeral narco\u2019 en San Felipe. Despliegue que fue m\u00e1s que positivo; <em>\u00abel servicio fue impecable, que si bien es cierto muchas personas pueden haberlo visto como sobredimensionado, es lo que nos permite trabajar de forma segura y siempre con una sola finalidad que es brindar seguridad a la ciudadan\u00eda\u00bb,<\/em> coment\u00f3 el Mayor.<\/p>\n<p>Asimismo, y finalmente, el Comisario de Carabineros de San Felipe agreg\u00f3 que se mantiene un trabajo intenso en este sentido y colaborando con la investigaci\u00f3n. <em>\u00abMantenemos personal permanente, estamos prestos y llanos para aportar en la investigaci\u00f3n para que la gente pueda entregar cualquier tipo de informaci\u00f3n de manera an\u00f3nima\u00bb,<\/em> cerr\u00f3.<\/p>\n<figure id=\"attachment_122734\" aria-describedby=\"caption-attachment-122734\" style=\"width: 700px\" class=\"wp-caption alignnone\"><img data-recalc-dims=\"1\" loading=\"lazy\" decoding=\"async\" class=\"size-full wp-image-122734\" src=\"https:\/\/i0.wp.com\/eltrabajo.cl\/portal\/wp-content\/uploads\/2023\/06\/funeral-narco-2.jpg?resize=640%2C438&#038;ssl=1\" alt=\"Con amplio despliegue policial se llev\u00f3 a cabo el \u2018funeral narco\u2019 en San Felipe. \" width=\"640\" height=\"438\" srcset=\"https:\/\/i0.wp.com\/eltrabajo.cl\/portal\/wp-content\/uploads\/2023\/06\/funeral-narco-2.jpg?w=700&amp;ssl=1 700w, https:\/\/i0.wp.com\/eltrabajo.cl\/portal\/wp-content\/uploads\/2023\/06\/funeral-narco-2.jpg?resize=300%2C205&amp;ssl=1 300w, https:\/\/i0.wp.com\/eltrabajo.cl\/portal\/wp-content\/uploads\/2023\/06\/funeral-narco-2.jpg?resize=200%2C137&amp;ssl=1 200w, https:\/\/i0.wp.com\/eltrabajo.cl\/portal\/wp-content\/uploads\/2023\/06\/funeral-narco-2.jpg?resize=218%2C150&amp;ssl=1 218w, https:\/\/i0.wp.com\/eltrabajo.cl\/portal\/wp-content\/uploads\/2023\/06\/funeral-narco-2.jpg?resize=696%2C476&amp;ssl=1 696w\" sizes=\"auto, (max-width: 640px) 100vw, 640px\" \/><figcaption id=\"caption-attachment-122734\" class=\"wp-caption-text\">Con amplio despliegue policial se llev\u00f3 a cabo el \u2018funeral narco\u2019 en San Felipe.<\/figcaption><\/figure>\n<figure id=\"attachment_122735\" aria-describedby=\"caption-attachment-122735\" style=\"width: 700px\" class=\"wp-caption alignnone\"><img data-recalc-dims=\"1\" loading=\"lazy\" decoding=\"async\" class=\"size-full wp-image-122735\" src=\"https:\/\/i0.wp.com\/eltrabajo.cl\/portal\/wp-content\/uploads\/2023\/06\/damaso-olivos.jpg?resize=640%2C527&#038;ssl=1\" alt=\"El cuerpo de D\u00e1maso Olivos Cortez fue sepultado ayer en el Cementerio Parque \u2018La Oraci\u00f3n\u2019 de Calle Larga.\" width=\"640\" height=\"527\" srcset=\"https:\/\/i0.wp.com\/eltrabajo.cl\/portal\/wp-content\/uploads\/2023\/06\/damaso-olivos.jpg?w=700&amp;ssl=1 700w, https:\/\/i0.wp.com\/eltrabajo.cl\/portal\/wp-content\/uploads\/2023\/06\/damaso-olivos.jpg?resize=300%2C247&amp;ssl=1 300w, https:\/\/i0.wp.com\/eltrabajo.cl\/portal\/wp-content\/uploads\/2023\/06\/damaso-olivos.jpg?resize=182%2C150&amp;ssl=1 182w, https:\/\/i0.wp.com\/eltrabajo.cl\/portal\/wp-content\/uploads\/2023\/06\/damaso-olivos.jpg?resize=696%2C573&amp;ssl=1 696w\" sizes=\"auto, (max-width: 640px) 100vw, 640px\" \/><figcaption id=\"caption-attachment-122735\" class=\"wp-caption-text\">El cuerpo de D\u00e1maso Olivos Cortez fue sepultado ayer en el Cementerio Parque \u2018La Oraci\u00f3n\u2019 de Calle Larga.<\/figcaption><\/figure>\n","protected":false},"excerpt":{"rendered":"<p>Carabineros detuvo a sujetos por porte de fuegos artificiales, drogas y municiones.- El cuerpo de D\u00e1maso Olivos Cortez ya fue sepultado en el Cementerio Parque \u2018La Oraci\u00f3n\u2019 de Calle Larga y el&#8230;<\/p>\n","protected":false},"author":482,"featured_media":122734,"comment_status":"closed","ping_status":"open","sticky":false,"template":"","format":"standard","meta":{"advanced_seo_description":"","jetpack_seo_html_title":"","jetpack_seo_noindex":false,"_jetpack_memberships_contains_paid_content":false,"footnotes":""},"categories":[21],"tags":[38,55,870,42,27],"class_list":["post-122733","post","type-post","status-publish","format-standard","has-post-thumbnail","hentry","category-policial","tag-aconcagua","tag-homicidio","tag-narco-funeral","tag-policial","tag-san-felipe"],"jetpack_featured_media_url":"https:\/\/i0.wp.com\/eltrabajo.cl\/portal\/wp-content\/uploads\/2023\/06\/funeral-narco-2.jpg?fit=700%2C479&ssl=1","jetpack_sharing_enabled":true,"jetpack_likes_enabled":true,"jetpack-related-posts":[],"_links":{"self":[{"href":"https:\/\/eltrabajo.cl\/portal\/wp-json\/wp\/v2\/posts\/122733","targetHints":{"allow":["GET"]}}],"collection":[{"href":"https:\/\/eltrabajo.cl\/portal\/wp-json\/wp\/v2\/posts"}],"about":[{"href":"https:\/\/eltrabajo.cl\/portal\/wp-json\/wp\/v2\/types\/post"}],"author":[{"embeddable":true,"href":"https:\/\/eltrabajo.cl\/portal\/wp-json\/wp\/v2\/users\/482"}],"replies":[{"embeddable":true,"href":"https:\/\/eltrabajo.cl\/portal\/wp-json\/wp\/v2\/comments?post=122733"}],"version-history":[{"count":1,"href":"https:\/\/eltrabajo.cl\/portal\/wp-json\/wp\/v2\/posts\/122733\/revisions"}],"predecessor-version":[{"id":122736,"href":"https:\/\/eltrabajo.cl\/portal\/wp-json\/wp\/v2\/posts\/122733\/revisions\/122736"}],"wp:featuredmedia":[{"embeddable":true,"href":"https:\/\/eltrabajo.cl\/portal\/wp-json\/wp\/v2\/media\/122734"}],"wp:attachment":[{"href":"https:\/\/eltrabajo.cl\/portal\/wp-json\/wp\/v2\/media?parent=122733"}],"wp:term":[{"taxonomy":"category","embeddable":true,"href":"https:\/\/eltrabajo.cl\/portal\/wp-json\/wp\/v2\/categories?post=122733"},{"taxonomy":"post_tag","embeddable":true,"href":"https:\/\/eltrabajo.cl\/portal\/wp-json\/wp\/v2\/tags?post=122733"}],"curies":[{"name":"wp","href":"https:\/\/api.w.org\/{rel}","templated":true}]}}