{"id":122779,"date":"2023-06-30T07:58:23","date_gmt":"2023-06-30T11:58:23","guid":{"rendered":"https:\/\/eltrabajo.cl\/portal\/?p=122779"},"modified":"2023-06-29T23:47:46","modified_gmt":"2023-06-30T03:47:46","slug":"exceso-de-carga-en-estufas-a-lena-genero-dos-incendios-en-san-felipe","status":"publish","type":"post","link":"https:\/\/eltrabajo.cl\/portal\/exceso-de-carga-en-estufas-a-lena-genero-dos-incendios-en-san-felipe\/","title":{"rendered":"Exceso de carga en estufas a le\u00f1a gener\u00f3 dos incendios en San Felipe"},"content":{"rendered":"<ul>\n<li><strong>Afortunadamente ninguno pas\u00f3 a mayores gracias a la oportuna intervenci\u00f3n de vecinos y el trabajo de Bomberos.-<\/strong><\/li>\n<\/ul>\n<p>Bomberos de San Felipe debi\u00f3 concurrir a dos llamados por incendio estructural en nuestra ciudad, el primero, la noche del mi\u00e9rcoles, y el segundo, durante la madrugada del jueves. Ambos siniestros con similares caracter\u00edsticas: el exceso de carga en las populares estufas a le\u00f1a o sistema de calefacci\u00f3n tipo \u2018Bosca\u2019.<\/p>\n<p>El Comandante del Cuerpo de Bomberos de San Felipe, <strong>Juan Carlos Herrera Lillo<\/strong>, indic\u00f3 que <em>\u00abpasadas las 10 de la noche <\/em>(mi\u00e9rcoles)<em> se recibe un llamado por incendio estructural en el sector de Traslavi\u00f1a con Hermanos Carrera, una Bosca hab\u00eda sido recargada con le\u00f1a y eso produjo que saliera fuego por el tubo\u00bb.<\/em><\/p>\n<p>Emergencia que afortunadamente no alcanz\u00f3 a pasar a mayores y fue controlada r\u00e1pidamente por vecinos y Bomberos; <em>\u00abafortunadamente no alcanz\u00f3 m\u00e1s a la vivienda, era el fuego que sal\u00eda por el tubo; se tuvo que evacuar los gases calientes. Esto sucede porque la gente sin querer adem\u00e1s aplica le\u00f1a h\u00fameda y no se hacen las mantenciones que corresponde\u00bb,<\/em> detall\u00f3.<\/p>\n<p>El segundo caso ocurri\u00f3 a eso de las 2:22 horas de la madrugada del jueves, en el sector de la Villa La Estancia. <em>\u00abLa misma caracter\u00edstica en el sector de La Estancia, donde es muy probable que los propietarios sobrecargaran la salamandra y cuando el fuego toma fuerza dentro de \u00e9sta, todo ese fuego se va a los tubos donde la verdad que sin tener un control se produce el recalentamiento de los tubos\u00bb,<\/em> sostuvo el comandante Herrera.<\/p>\n<p>En este mismo contexto, es que Herrera explic\u00f3 que, si bien es dif\u00edcil que estos sistemas de calefacci\u00f3n puedan explotar, siempre hay que realizar las limpiezas y mantenciones correspondientes para evitar este tipo de emergencias.<\/p>\n<p>\u00ab<em>Es recomendable no recargarla, lo hemos dicho muchas veces, debido a eso es que anoche tuvimos ese primer incendio. Es dif\u00edcil que exploten porque siempre teniendo una ventilaci\u00f3n nunca se va a generar. Si se va a acostar, dejar los \u00faltimos le\u00f1os, no recargarla, son tubos delgados y se sobrecalientan debido a la cantidad de fuego que se produce\u00bb,<\/em> precis\u00f3.<\/p>\n<p>Finalmente, Juan Carlos Herrera Lillo indic\u00f3 que <em>\u00abla r\u00e1pida intervenci\u00f3n de los vecinos que no deja ser porque ellos tomaron medidas y eso evit\u00f3 que el fuego se propagara por el entretecho\u00bb. <\/em><\/p>\n<figure id=\"attachment_122780\" aria-describedby=\"caption-attachment-122780\" style=\"width: 700px\" class=\"wp-caption alignnone\"><img data-recalc-dims=\"1\" loading=\"lazy\" decoding=\"async\" class=\"size-full wp-image-122780\" src=\"https:\/\/i0.wp.com\/eltrabajo.cl\/portal\/wp-content\/uploads\/2023\/06\/estufas.jpg?resize=640%2C422&#038;ssl=1\" alt=\"Sobre carga de estufas a le\u00f1a gener\u00f3 dos alarmas de incendio en San Felipe. (Imagen archivo).\" width=\"640\" height=\"422\" srcset=\"https:\/\/i0.wp.com\/eltrabajo.cl\/portal\/wp-content\/uploads\/2023\/06\/estufas.jpg?w=700&amp;ssl=1 700w, https:\/\/i0.wp.com\/eltrabajo.cl\/portal\/wp-content\/uploads\/2023\/06\/estufas.jpg?resize=300%2C198&amp;ssl=1 300w, https:\/\/i0.wp.com\/eltrabajo.cl\/portal\/wp-content\/uploads\/2023\/06\/estufas.jpg?resize=200%2C132&amp;ssl=1 200w, https:\/\/i0.wp.com\/eltrabajo.cl\/portal\/wp-content\/uploads\/2023\/06\/estufas.jpg?resize=696%2C459&amp;ssl=1 696w\" sizes=\"auto, (max-width: 640px) 100vw, 640px\" \/><figcaption id=\"caption-attachment-122780\" class=\"wp-caption-text\">Sobre carga de estufas a le\u00f1a gener\u00f3 dos alarmas de incendio en San Felipe. (Imagen archivo).<\/figcaption><\/figure>\n","protected":false},"excerpt":{"rendered":"<p>Afortunadamente ninguno pas\u00f3 a mayores gracias a la oportuna intervenci\u00f3n de vecinos y el trabajo de Bomberos.- Bomberos de San Felipe debi\u00f3 concurrir a dos llamados por incendio estructural en nuestra ciudad,&#8230;<\/p>\n","protected":false},"author":482,"featured_media":122780,"comment_status":"closed","ping_status":"open","sticky":false,"template":"","format":"standard","meta":{"advanced_seo_description":"","jetpack_seo_html_title":"","jetpack_seo_noindex":false,"_jetpack_memberships_contains_paid_content":false,"footnotes":""},"categories":[21],"tags":[38,70,884,883,60,882,42,27],"class_list":["post-122779","post","type-post","status-publish","format-standard","has-post-thumbnail","hentry","category-policial","tag-aconcagua","tag-bomberos","tag-calefaccion","tag-estufa","tag-incendio","tag-lena","tag-policial","tag-san-felipe"],"jetpack_featured_media_url":"https:\/\/i0.wp.com\/eltrabajo.cl\/portal\/wp-content\/uploads\/2023\/06\/estufas.jpg?fit=700%2C462&ssl=1","jetpack_sharing_enabled":true,"jetpack_likes_enabled":true,"jetpack-related-posts":[],"_links":{"self":[{"href":"https:\/\/eltrabajo.cl\/portal\/wp-json\/wp\/v2\/posts\/122779","targetHints":{"allow":["GET"]}}],"collection":[{"href":"https:\/\/eltrabajo.cl\/portal\/wp-json\/wp\/v2\/posts"}],"about":[{"href":"https:\/\/eltrabajo.cl\/portal\/wp-json\/wp\/v2\/types\/post"}],"author":[{"embeddable":true,"href":"https:\/\/eltrabajo.cl\/portal\/wp-json\/wp\/v2\/users\/482"}],"replies":[{"embeddable":true,"href":"https:\/\/eltrabajo.cl\/portal\/wp-json\/wp\/v2\/comments?post=122779"}],"version-history":[{"count":1,"href":"https:\/\/eltrabajo.cl\/portal\/wp-json\/wp\/v2\/posts\/122779\/revisions"}],"predecessor-version":[{"id":122781,"href":"https:\/\/eltrabajo.cl\/portal\/wp-json\/wp\/v2\/posts\/122779\/revisions\/122781"}],"wp:featuredmedia":[{"embeddable":true,"href":"https:\/\/eltrabajo.cl\/portal\/wp-json\/wp\/v2\/media\/122780"}],"wp:attachment":[{"href":"https:\/\/eltrabajo.cl\/portal\/wp-json\/wp\/v2\/media?parent=122779"}],"wp:term":[{"taxonomy":"category","embeddable":true,"href":"https:\/\/eltrabajo.cl\/portal\/wp-json\/wp\/v2\/categories?post=122779"},{"taxonomy":"post_tag","embeddable":true,"href":"https:\/\/eltrabajo.cl\/portal\/wp-json\/wp\/v2\/tags?post=122779"}],"curies":[{"name":"wp","href":"https:\/\/api.w.org\/{rel}","templated":true}]}}