{"id":124416,"date":"2023-09-22T07:40:41","date_gmt":"2023-09-22T10:40:41","guid":{"rendered":"https:\/\/eltrabajo.cl\/portal\/?p=124416"},"modified":"2023-09-22T00:00:34","modified_gmt":"2023-09-22T03:00:34","slug":"grupo-del-club-de-tenis-valle-de-aconcagua-inicia-hoy-su-participacion-en-un-encuentro-internacional-en-cordova","status":"publish","type":"post","link":"https:\/\/eltrabajo.cl\/portal\/grupo-del-club-de-tenis-valle-de-aconcagua-inicia-hoy-su-participacion-en-un-encuentro-internacional-en-cordova\/","title":{"rendered":"Grupo del Club de Tenis Valle de Aconcagua inicia hoy su participaci\u00f3n en un encuentro internacional en C\u00f3rdova"},"content":{"rendered":"<p>A las 11 horas del mi\u00e9rcoles \u00faltimo, la delegaci\u00f3n infantil del Club de Tenis Valle de Aconcagua emprendi\u00f3 rumbo hacia la ciudad de C\u00f3rdova, Argentina, en la cual ser\u00e1 parte de un encuentro internacional donde intervendr\u00e1n 18 delegaciones de Chile, Paraguay, Brasil y Argentina.<\/p>\n<p>Despu\u00e9s de varias horas de viaje, el grupo sanfelipe\u00f1o arrib\u00f3 sin novedades a la ciudad trasandina, quedando hospedados en el hotel Casa Nostra, a la espera de iniciar su participaci\u00f3n en las primeras horas del d\u00eda de hoy.<\/p>\n<p>El retorno est\u00e1 programado para el pr\u00f3ximo martes, d\u00eda en el cual pisar\u00e1n nuevamente tierras sanfelipe\u00f1as.<\/p>\n<figure id=\"attachment_124430\" aria-describedby=\"caption-attachment-124430\" style=\"width: 699px\" class=\"wp-caption alignnone\"><img data-recalc-dims=\"1\" loading=\"lazy\" decoding=\"async\" class=\"size-full wp-image-124430\" src=\"https:\/\/i0.wp.com\/eltrabajo.cl\/portal\/wp-content\/uploads\/2023\/09\/delegacion.jpg?resize=640%2C350&#038;ssl=1\" alt=\"El grupo de viajeros al momento de pasar hacia la Argentina.\" width=\"640\" height=\"350\" srcset=\"https:\/\/i0.wp.com\/eltrabajo.cl\/portal\/wp-content\/uploads\/2023\/09\/delegacion.jpg?w=699&amp;ssl=1 699w, https:\/\/i0.wp.com\/eltrabajo.cl\/portal\/wp-content\/uploads\/2023\/09\/delegacion.jpg?resize=300%2C164&amp;ssl=1 300w, https:\/\/i0.wp.com\/eltrabajo.cl\/portal\/wp-content\/uploads\/2023\/09\/delegacion.jpg?resize=200%2C109&amp;ssl=1 200w, https:\/\/i0.wp.com\/eltrabajo.cl\/portal\/wp-content\/uploads\/2023\/09\/delegacion.jpg?resize=696%2C380&amp;ssl=1 696w\" sizes=\"auto, (max-width: 640px) 100vw, 640px\" \/><figcaption id=\"caption-attachment-124430\" class=\"wp-caption-text\">El grupo de viajeros al momento de pasar hacia la Argentina.<\/figcaption><\/figure>\n","protected":false},"excerpt":{"rendered":"<p>A las 11 horas del mi\u00e9rcoles \u00faltimo, la delegaci\u00f3n infantil del Club de Tenis Valle de Aconcagua emprendi\u00f3 rumbo hacia la ciudad de C\u00f3rdova, Argentina, en la cual ser\u00e1 parte de un&#8230;<\/p>\n","protected":false},"author":482,"featured_media":124430,"comment_status":"closed","ping_status":"open","sticky":false,"template":"","format":"standard","meta":{"advanced_seo_description":"","jetpack_seo_html_title":"","jetpack_seo_noindex":false,"_jetpack_memberships_contains_paid_content":false,"footnotes":""},"categories":[19],"tags":[],"class_list":["post-124416","post","type-post","status-publish","format-standard","has-post-thumbnail","hentry","category-deportes"],"jetpack_featured_media_url":"https:\/\/i0.wp.com\/eltrabajo.cl\/portal\/wp-content\/uploads\/2023\/09\/delegacion.jpg?fit=699%2C382&ssl=1","jetpack_sharing_enabled":true,"jetpack_likes_enabled":true,"jetpack-related-posts":[],"_links":{"self":[{"href":"https:\/\/eltrabajo.cl\/portal\/wp-json\/wp\/v2\/posts\/124416","targetHints":{"allow":["GET"]}}],"collection":[{"href":"https:\/\/eltrabajo.cl\/portal\/wp-json\/wp\/v2\/posts"}],"about":[{"href":"https:\/\/eltrabajo.cl\/portal\/wp-json\/wp\/v2\/types\/post"}],"author":[{"embeddable":true,"href":"https:\/\/eltrabajo.cl\/portal\/wp-json\/wp\/v2\/users\/482"}],"replies":[{"embeddable":true,"href":"https:\/\/eltrabajo.cl\/portal\/wp-json\/wp\/v2\/comments?post=124416"}],"version-history":[{"count":1,"href":"https:\/\/eltrabajo.cl\/portal\/wp-json\/wp\/v2\/posts\/124416\/revisions"}],"predecessor-version":[{"id":124438,"href":"https:\/\/eltrabajo.cl\/portal\/wp-json\/wp\/v2\/posts\/124416\/revisions\/124438"}],"wp:featuredmedia":[{"embeddable":true,"href":"https:\/\/eltrabajo.cl\/portal\/wp-json\/wp\/v2\/media\/124430"}],"wp:attachment":[{"href":"https:\/\/eltrabajo.cl\/portal\/wp-json\/wp\/v2\/media?parent=124416"}],"wp:term":[{"taxonomy":"category","embeddable":true,"href":"https:\/\/eltrabajo.cl\/portal\/wp-json\/wp\/v2\/categories?post=124416"},{"taxonomy":"post_tag","embeddable":true,"href":"https:\/\/eltrabajo.cl\/portal\/wp-json\/wp\/v2\/tags?post=124416"}],"curies":[{"name":"wp","href":"https:\/\/api.w.org\/{rel}","templated":true}]}}