{"id":124539,"date":"2023-09-27T22:04:53","date_gmt":"2023-09-28T01:04:53","guid":{"rendered":"https:\/\/eltrabajo.cl\/portal\/?p=124539"},"modified":"2023-09-27T22:05:15","modified_gmt":"2023-09-28T01:05:15","slug":"carabineros-detuvo-a-dos-delincuentes-con-ordenes-de-aprehension-vigente","status":"publish","type":"post","link":"https:\/\/eltrabajo.cl\/portal\/carabineros-detuvo-a-dos-delincuentes-con-ordenes-de-aprehension-vigente\/","title":{"rendered":"Carabineros detuvo a dos delincuentes con \u00f3rdenes de aprehensi\u00f3n vigente"},"content":{"rendered":"<p><span style=\"color: #ff0000;\"><strong>Gracias a vigilancia por c\u00e1maras de seguridad:<\/strong><\/span><\/p>\n<ul>\n<li><strong>Desde el municipio destacaron la labor realizada por medio de las c\u00e1maras que detectaron a estos sujetos en actitudes \u2018sospechosas\u2019 en el centro de la ciudad.-<\/strong><\/li>\n<\/ul>\n<p>Dos delincuentes fueron detenidos por Carabineros gracias al patrullaje preventivo a trav\u00e9s de las c\u00e1maras de seguridad del municipio de nuestra ciudad. El primero de \u00e9stos se produjo la madrugada del lunes, cuando un sujeto fue divisado en actitudes sospechosas en el centro de la ciudad; algo id\u00e9ntico, pero la madrugada del d\u00eda siguiente, qued\u00f3 al descubierto por medio de las c\u00e1maras cuando dos tipos merodeaban las inmediaciones del centro.<\/p>\n<p>De inmediato personal que opera estas c\u00e1maras de televigilancia, dio aviso a personal de Carabineros, quienes llegaron al lugar y lograron detener a dos de estos sujetos, uno el d\u00eda lunes y otro el martes; ambos manten\u00edan \u00f3rdenes de aprehensi\u00f3n vigente.<\/p>\n<p>El trabajo preventivo fue destacado por parte del municipio por medio de la alcaldesa <strong>Carmen Castillo<\/strong>, quien se\u00f1al\u00f3 que esto obedece a las nuevas directrices y al trabajo que desarrolla la Direcci\u00f3n de Seguridad P\u00fablica Municipal.<\/p>\n<p>\u00ab<em>Esta Direcci\u00f3n de Seguridad P\u00fablica era lo que nosotros necesit\u00e1bamos para ir fortaleciendo una forma de trabajo mancomunado, unido tanto con Carabineros y otras entidades que muchas veces son muy necesarias para poder hacer bien la tarea\u00bb,<\/em> indic\u00f3 la edil.<\/p>\n<p>Asimismo, Castillo sostuvo que <em>\u00abhoy d\u00eda, nuestra direcci\u00f3n ha logrado a trav\u00e9s de las c\u00e1maras de seguridad detectar dos situaciones irregulares en dos d\u00edas seguidos, por lo tanto, estamos muy felices porque para muchas personas que son agoreros que creen que las c\u00e1maras no est\u00e1n funcionando, s\u00ed, est\u00e1n funcionando y estamos obteniendo logros\u00bb.<\/em><\/p>\n<p>En este contexto, la alcaldesa detall\u00f3 que <em>\u00ablos dos detenidos ten\u00edan situaci\u00f3n delictual, por lo tanto, estamos muy agradecidos de que exista esta posibilidad, el Concejo Municipal aprob\u00f3 por unanimidad el respaldo a este accionar de darle seguridad a los vecinos y vecinas\u00bb. <\/em><\/p>\n<p>Junto con esto, Castillo asegur\u00f3 que el trabajo de monitoreo de las c\u00e1maras de seguridad es 24\/7, todo esto, con el objetivo de impedir la ocurrencia de delitos.<\/p>\n<p>\u00ab<em>El monitoreo debe ser permanente y por eso es necesario tener personas comprometidas con este seguimiento y que est\u00e9n atentos para avisar alguna situaci\u00f3n extra\u00f1a y que requiere que ojal\u00e1 r\u00e1pidamente sea intervenida por personas que tienen que cumplir con ese componente, porque nosotros somos la parte preventiva, la detenci\u00f3n la efectu\u00f3 Carabineros de Chile a quien le agradecemos el trabajo porque va ampliando mucho m\u00e1s la sensaci\u00f3n de los vecinos y vecinas, de que si hay algo raro, nosotros vamos a intervenir\u00bb,<\/em> cerr\u00f3 la alcaldesa.<\/p>\n<figure id=\"attachment_124540\" aria-describedby=\"caption-attachment-124540\" style=\"width: 698px\" class=\"wp-caption alignnone\"><img data-recalc-dims=\"1\" loading=\"lazy\" decoding=\"async\" class=\"size-full wp-image-124540\" src=\"https:\/\/i0.wp.com\/eltrabajo.cl\/portal\/wp-content\/uploads\/2023\/09\/camara-1.jpg?resize=640%2C456&#038;ssl=1\" alt=\"Este fue el sujeto que fue detenido el pasado lunes. (Foto Municipalidad de San Felipe). \" width=\"640\" height=\"456\" srcset=\"https:\/\/i0.wp.com\/eltrabajo.cl\/portal\/wp-content\/uploads\/2023\/09\/camara-1.jpg?w=698&amp;ssl=1 698w, https:\/\/i0.wp.com\/eltrabajo.cl\/portal\/wp-content\/uploads\/2023\/09\/camara-1.jpg?resize=300%2C214&amp;ssl=1 300w, https:\/\/i0.wp.com\/eltrabajo.cl\/portal\/wp-content\/uploads\/2023\/09\/camara-1.jpg?resize=200%2C142&amp;ssl=1 200w, https:\/\/i0.wp.com\/eltrabajo.cl\/portal\/wp-content\/uploads\/2023\/09\/camara-1.jpg?resize=696%2C496&amp;ssl=1 696w\" sizes=\"auto, (max-width: 640px) 100vw, 640px\" \/><figcaption id=\"caption-attachment-124540\" class=\"wp-caption-text\">Este fue el sujeto que fue detenido el pasado lunes. (Foto Municipalidad de San Felipe).<\/figcaption><\/figure>\n","protected":false},"excerpt":{"rendered":"<p>Gracias a vigilancia por c\u00e1maras de seguridad: Desde el municipio destacaron la labor realizada por medio de las c\u00e1maras que detectaron a estos sujetos en actitudes \u2018sospechosas\u2019 en el centro de la&#8230;<\/p>\n","protected":false},"author":482,"featured_media":124540,"comment_status":"closed","ping_status":"open","sticky":false,"template":"","format":"standard","meta":{"advanced_seo_description":"","jetpack_seo_html_title":"","jetpack_seo_noindex":false,"_jetpack_memberships_contains_paid_content":false,"footnotes":""},"categories":[21],"tags":[],"class_list":["post-124539","post","type-post","status-publish","format-standard","has-post-thumbnail","hentry","category-policial"],"jetpack_featured_media_url":"https:\/\/i0.wp.com\/eltrabajo.cl\/portal\/wp-content\/uploads\/2023\/09\/camara-1.jpg?fit=698%2C497&ssl=1","jetpack_sharing_enabled":true,"jetpack_likes_enabled":true,"jetpack-related-posts":[],"_links":{"self":[{"href":"https:\/\/eltrabajo.cl\/portal\/wp-json\/wp\/v2\/posts\/124539","targetHints":{"allow":["GET"]}}],"collection":[{"href":"https:\/\/eltrabajo.cl\/portal\/wp-json\/wp\/v2\/posts"}],"about":[{"href":"https:\/\/eltrabajo.cl\/portal\/wp-json\/wp\/v2\/types\/post"}],"author":[{"embeddable":true,"href":"https:\/\/eltrabajo.cl\/portal\/wp-json\/wp\/v2\/users\/482"}],"replies":[{"embeddable":true,"href":"https:\/\/eltrabajo.cl\/portal\/wp-json\/wp\/v2\/comments?post=124539"}],"version-history":[{"count":1,"href":"https:\/\/eltrabajo.cl\/portal\/wp-json\/wp\/v2\/posts\/124539\/revisions"}],"predecessor-version":[{"id":124541,"href":"https:\/\/eltrabajo.cl\/portal\/wp-json\/wp\/v2\/posts\/124539\/revisions\/124541"}],"wp:featuredmedia":[{"embeddable":true,"href":"https:\/\/eltrabajo.cl\/portal\/wp-json\/wp\/v2\/media\/124540"}],"wp:attachment":[{"href":"https:\/\/eltrabajo.cl\/portal\/wp-json\/wp\/v2\/media?parent=124539"}],"wp:term":[{"taxonomy":"category","embeddable":true,"href":"https:\/\/eltrabajo.cl\/portal\/wp-json\/wp\/v2\/categories?post=124539"},{"taxonomy":"post_tag","embeddable":true,"href":"https:\/\/eltrabajo.cl\/portal\/wp-json\/wp\/v2\/tags?post=124539"}],"curies":[{"name":"wp","href":"https:\/\/api.w.org\/{rel}","templated":true}]}}