{"id":125109,"date":"2023-10-22T23:05:50","date_gmt":"2023-10-23T02:05:50","guid":{"rendered":"https:\/\/eltrabajo.cl\/portal\/?p=125109"},"modified":"2023-10-22T21:08:10","modified_gmt":"2023-10-23T00:08:10","slug":"municipio-sanfelipeno-ya-trabaja-en-diseno-de-mas-ciclovias-para-la-comuna","status":"publish","type":"post","link":"https:\/\/eltrabajo.cl\/portal\/municipio-sanfelipeno-ya-trabaja-en-diseno-de-mas-ciclovias-para-la-comuna\/","title":{"rendered":"Municipio sanfelipe\u00f1o ya trabaja en dise\u00f1o de m\u00e1s ciclov\u00edas para la comuna"},"content":{"rendered":"<ul>\n<li><strong>Se agregar\u00edan diez kil\u00f3metros m\u00e1s a los once existentes en la zona urbana.-<\/strong><\/li>\n<\/ul>\n<p>Con motivo de seguir trabajando en tem\u00e1ticas que tienen relaci\u00f3n con el uso de la bicicleta como medio de transporte en nuestra comuna, este viernes la alcaldesa <strong>Carmen Castillo<\/strong> se reuni\u00f3 con la agrupaci\u00f3n <strong>\u2018Aconcagua Pedalea\u2019<\/strong>, con el objetivo de seguir avanzando en la implementaci\u00f3n de una ordenanza municipal de la misma materia, adem\u00e1s de nuevos proyectos referentes a las ciclov\u00edas.<\/p>\n<p>Siguiendo esta l\u00ednea, una de las grandes novedades que se conoci\u00f3, fue que la Municipalidad de San Felipe en conjunto con la Subsecretar\u00eda de Transportes ya trabajan en el dise\u00f1o que permitir\u00e1 instalar diez kil\u00f3metros m\u00e1s de ciclov\u00edas en nuestra comuna, las cuales se agregar\u00edan a los once kil\u00f3metros existentes en la zona urbana, ya que no se considera el cono rural.<\/p>\n<p>Por otro lado, tambi\u00e9n se estableci\u00f3 el avance en el trabajo de la ordenanza municipal que fomenta el uso de la bicicleta en la ciudad, el estado actual de las ciclov\u00edas, su proyecci\u00f3n y su mejora. Tambi\u00e9n se pretende realizar una campa\u00f1a de socializaci\u00f3n entre peatones y automovilistas, respecto a una convivencia vial en el espacio p\u00fablico.<\/p>\n<p>En relaci\u00f3n a esta reuni\u00f3n, en la que adem\u00e1s estuvieron presentes equipos t\u00e9cnicos de la mesa territorial compuesta por la Direcci\u00f3n de Obras Municipales, Secplac y Tr\u00e1nsito, <strong>Juan Carlos Cerda<\/strong>, encargado de la Oficina de Catastro de la Municipalidad de San Felipe, indic\u00f3 que <em>\u00abla reuni\u00f3n que nos solicit\u00f3 Aconcagua Pedalea tuvo como objetivos, principalmente realizar el funcionamiento de la ordenanza de uso de la bicicleta que tiene el municipio, vigente en estos momentos<\/em>.<\/p>\n<p>\u00ab<em>Ver c\u00f3mo iban en cuanto a los cumplimientos que tiene esa ordenanza respecto a su vigencia y tambi\u00e9n tiene relaci\u00f3n con conocer cu\u00e1l es el estado actual del arte, del estado de las ciclov\u00edas, de la proyecci\u00f3n de las ciclov\u00edas y de la mejora de las ciclov\u00edas de la comuna de San Felipe, como tambi\u00e9n del plan de gesti\u00f3n de tr\u00e1nsito y c\u00f3mo esto mejora la movilidad de los habitantes de la comuna\u00bb<\/em>, estableci\u00f3.<\/p>\n<p>Respecto a los kil\u00f3metros de ciclov\u00edas existentes en nuestra comuna y los que se pretenden adicionar, Cerda explic\u00f3 que <em>\u00aben la actualidad, San Felipe tiene en el \u00e1rea urbana alrededor de once kil\u00f3metros de ciclov\u00eda, sin considerar las ciclov\u00edas rurales, que son las que conectan en la carretera camino hacia Santiago y la de Los Villares, que eso suman un par de kil\u00f3metros m\u00e1s<\/em>.<\/p>\n<p>\u00ab<em>En la actualidad, la municipalidad en conjunto con la Secretar\u00eda de Transportes, est\u00e1n trabajando en un dise\u00f1o para al menos diez kil\u00f3metros m\u00e1s de ciclov\u00eda dentro de la comuna, lo que permitir\u00e1 establecer un circuito de transporte y movilizaci\u00f3n a lo largo de la comuna de San Felipe, considerando ya la ciclov\u00eda y la bicicleta, como un medio de transporte m\u00e1s dentro de la ciudad\u00bb<\/em>, sostuvo.<\/p>\n<p>Finalmente, el encargado de la Oficina de Catastro se refiri\u00f3 a los detalles de la ordenanza municipal respecto al uso de bicicletas y la campa\u00f1a que se pretende realizar con peatones y automovilistas. <em>\u00abLa ordenanza tiene como fin promocionar el uso de la bicicleta, promocionar y educar con las medidas adecuadas para la movilizaci\u00f3n y transporte, porque las ciclov\u00edas tienen un sentido de direcci\u00f3n de tr\u00e1nsito y que estos se cumplan. Tambi\u00e9n, hacer una socializaci\u00f3n entre lo que es el peat\u00f3n y el automovilista, teniendo un concepto de convivencia vial en el espacio p\u00fablico\u00bb<\/em>, cerr\u00f3.<\/p>\n<figure id=\"attachment_125110\" aria-describedby=\"caption-attachment-125110\" style=\"width: 699px\" class=\"wp-caption alignnone\"><img data-recalc-dims=\"1\" loading=\"lazy\" decoding=\"async\" class=\"size-full wp-image-125110\" src=\"https:\/\/i0.wp.com\/eltrabajo.cl\/portal\/wp-content\/uploads\/2023\/10\/ciclovia.jpg?resize=640%2C331&#038;ssl=1\" alt=\"Este viernes la alcaldesa se reuni\u00f3 con Aconcagua Pedalea, para avanzar en el uso de la bicicleta en nuestra comuna.\" width=\"640\" height=\"331\" srcset=\"https:\/\/i0.wp.com\/eltrabajo.cl\/portal\/wp-content\/uploads\/2023\/10\/ciclovia.jpg?w=699&amp;ssl=1 699w, https:\/\/i0.wp.com\/eltrabajo.cl\/portal\/wp-content\/uploads\/2023\/10\/ciclovia.jpg?resize=300%2C155&amp;ssl=1 300w, https:\/\/i0.wp.com\/eltrabajo.cl\/portal\/wp-content\/uploads\/2023\/10\/ciclovia.jpg?resize=200%2C104&amp;ssl=1 200w, https:\/\/i0.wp.com\/eltrabajo.cl\/portal\/wp-content\/uploads\/2023\/10\/ciclovia.jpg?resize=696%2C360&amp;ssl=1 696w\" sizes=\"auto, (max-width: 640px) 100vw, 640px\" \/><figcaption id=\"caption-attachment-125110\" class=\"wp-caption-text\">Este viernes la alcaldesa se reuni\u00f3 con Aconcagua Pedalea, para avanzar en el uso de la bicicleta en nuestra comuna.<\/figcaption><\/figure>\n<figure id=\"attachment_125111\" aria-describedby=\"caption-attachment-125111\" style=\"width: 699px\" class=\"wp-caption alignnone\"><img data-recalc-dims=\"1\" loading=\"lazy\" decoding=\"async\" class=\"size-full wp-image-125111\" src=\"https:\/\/i0.wp.com\/eltrabajo.cl\/portal\/wp-content\/uploads\/2023\/10\/ciclovia-2.jpg?resize=640%2C296&#038;ssl=1\" alt=\"Ya se trabaja en el dise\u00f1o de diez kil\u00f3metros de ciclov\u00eda en San Felipe, que se sumar\u00edan a los once ya existentes.\" width=\"640\" height=\"296\" srcset=\"https:\/\/i0.wp.com\/eltrabajo.cl\/portal\/wp-content\/uploads\/2023\/10\/ciclovia-2.jpg?w=699&amp;ssl=1 699w, https:\/\/i0.wp.com\/eltrabajo.cl\/portal\/wp-content\/uploads\/2023\/10\/ciclovia-2.jpg?resize=300%2C139&amp;ssl=1 300w, https:\/\/i0.wp.com\/eltrabajo.cl\/portal\/wp-content\/uploads\/2023\/10\/ciclovia-2.jpg?resize=200%2C92&amp;ssl=1 200w, https:\/\/i0.wp.com\/eltrabajo.cl\/portal\/wp-content\/uploads\/2023\/10\/ciclovia-2.jpg?resize=696%2C322&amp;ssl=1 696w\" sizes=\"auto, (max-width: 640px) 100vw, 640px\" \/><figcaption id=\"caption-attachment-125111\" class=\"wp-caption-text\">Ya se trabaja en el dise\u00f1o de diez kil\u00f3metros de ciclov\u00eda en San Felipe, que se sumar\u00edan a los once ya existentes.<\/figcaption><\/figure>\n","protected":false},"excerpt":{"rendered":"<p>Se agregar\u00edan diez kil\u00f3metros m\u00e1s a los once existentes en la zona urbana.- Con motivo de seguir trabajando en tem\u00e1ticas que tienen relaci\u00f3n con el uso de la bicicleta como medio de&#8230;<\/p>\n","protected":false},"author":482,"featured_media":125111,"comment_status":"closed","ping_status":"open","sticky":false,"template":"","format":"standard","meta":{"advanced_seo_description":"","jetpack_seo_html_title":"","jetpack_seo_noindex":false,"_jetpack_memberships_contains_paid_content":false,"footnotes":""},"categories":[103],"tags":[],"class_list":["post-125109","post","type-post","status-publish","format-standard","has-post-thumbnail","hentry","category-cronica-2"],"jetpack_featured_media_url":"https:\/\/i0.wp.com\/eltrabajo.cl\/portal\/wp-content\/uploads\/2023\/10\/ciclovia-2.jpg?fit=699%2C323&ssl=1","jetpack_sharing_enabled":true,"jetpack_likes_enabled":true,"jetpack-related-posts":[],"_links":{"self":[{"href":"https:\/\/eltrabajo.cl\/portal\/wp-json\/wp\/v2\/posts\/125109","targetHints":{"allow":["GET"]}}],"collection":[{"href":"https:\/\/eltrabajo.cl\/portal\/wp-json\/wp\/v2\/posts"}],"about":[{"href":"https:\/\/eltrabajo.cl\/portal\/wp-json\/wp\/v2\/types\/post"}],"author":[{"embeddable":true,"href":"https:\/\/eltrabajo.cl\/portal\/wp-json\/wp\/v2\/users\/482"}],"replies":[{"embeddable":true,"href":"https:\/\/eltrabajo.cl\/portal\/wp-json\/wp\/v2\/comments?post=125109"}],"version-history":[{"count":1,"href":"https:\/\/eltrabajo.cl\/portal\/wp-json\/wp\/v2\/posts\/125109\/revisions"}],"predecessor-version":[{"id":125112,"href":"https:\/\/eltrabajo.cl\/portal\/wp-json\/wp\/v2\/posts\/125109\/revisions\/125112"}],"wp:featuredmedia":[{"embeddable":true,"href":"https:\/\/eltrabajo.cl\/portal\/wp-json\/wp\/v2\/media\/125111"}],"wp:attachment":[{"href":"https:\/\/eltrabajo.cl\/portal\/wp-json\/wp\/v2\/media?parent=125109"}],"wp:term":[{"taxonomy":"category","embeddable":true,"href":"https:\/\/eltrabajo.cl\/portal\/wp-json\/wp\/v2\/categories?post=125109"},{"taxonomy":"post_tag","embeddable":true,"href":"https:\/\/eltrabajo.cl\/portal\/wp-json\/wp\/v2\/tags?post=125109"}],"curies":[{"name":"wp","href":"https:\/\/api.w.org\/{rel}","templated":true}]}}