{"id":125145,"date":"2023-10-23T23:06:06","date_gmt":"2023-10-24T02:06:06","guid":{"rendered":"https:\/\/eltrabajo.cl\/portal\/?p=125145"},"modified":"2023-10-23T22:12:24","modified_gmt":"2023-10-24T01:12:24","slug":"el-club-manuel-rodriguez-celebro-en-grande-sus-81-anos-de-existencia","status":"publish","type":"post","link":"https:\/\/eltrabajo.cl\/portal\/el-club-manuel-rodriguez-celebro-en-grande-sus-81-anos-de-existencia\/","title":{"rendered":"El club Manuel Rodr\u00edguez celebr\u00f3 en grande sus 81 a\u00f1os de existencia"},"content":{"rendered":"<p>En una ceremonia que desde todo punto de vista puede catalogarse como impecable, debido al buen nivel de organizaci\u00f3n y participaci\u00f3n de casi la totalidad de quienes componen esa organizaci\u00f3n, el s\u00e1bado \u00faltimo el <strong>Club Manuel Rodr\u00edguez<\/strong> festej\u00f3 a lo grande sus <strong>81 a\u00f1os<\/strong> de existencia.<\/p>\n<p>La cita en la que se reuni\u00f3 la gran familia del <strong>\u2018club del guerrillero\u2019<\/strong>, se realiz\u00f3 en el sal\u00f3n de eventos de la feria mayorista en el sector de la Hacienda Quilpu\u00e9. El lugar del festejo no fue elegido al azar, ya que sabido es que el Manuel Rodr\u00edguez, est\u00e1 arraigado en ese populoso sector en el cual sus habitantes se sienten muy identificados con esa divisa.<\/p>\n<p>Este cumplea\u00f1os encuentra en un excelente pie a la instituci\u00f3n que, a base de un trabajo met\u00f3dico y comprometido, est\u00e1 potenciando sus fuerzas b\u00e1sicas, lo mismo que la rama femenina; y si a todo eso se le agrega que la hinchada y jugadores de los equipos adultos est\u00e1n mostrando un buen comportamiento en los partidos, es obvio que todo es felicidad, por lo que cada premio y homenaje que se hizo en la noche sabatina fue muy bien dado.<\/p>\n<p>La mesa que en la actualidad conduce los destinos del Manuel Rodr\u00edguez, est\u00e1 compuesta de la siguiente forma:<\/p>\n<p>Mar\u00eda Paz Cabrera (Directiva Infantil)<\/p>\n<p>Jorge Mancilla (Primer Director)<\/p>\n<p>Mario L\u00f3pez (Directiva Infantil)<\/p>\n<p>Sebasti\u00e1n C\u00f3rdova (Presidente)<\/p>\n<p>Luis Badilla (Tesorero)<\/p>\n<p>Yohanna Ibaceta (Relaciones P\u00fablicas)<\/p>\n<p>Carlos Tapia (Secretario)<\/p>\n<figure id=\"attachment_125147\" aria-describedby=\"caption-attachment-125147\" style=\"width: 699px\" class=\"wp-caption alignnone\"><img data-recalc-dims=\"1\" loading=\"lazy\" decoding=\"async\" class=\"size-full wp-image-125147\" src=\"https:\/\/i0.wp.com\/eltrabajo.cl\/portal\/wp-content\/uploads\/2023\/10\/CMR-ninos.jpg?resize=640%2C427&#038;ssl=1\" alt=\"Parte de los integrantes de las fuerzas b\u00e1sicas fueron homenajeados durante la celebraci\u00f3n.\" width=\"640\" height=\"427\" srcset=\"https:\/\/i0.wp.com\/eltrabajo.cl\/portal\/wp-content\/uploads\/2023\/10\/CMR-ninos.jpg?w=699&amp;ssl=1 699w, https:\/\/i0.wp.com\/eltrabajo.cl\/portal\/wp-content\/uploads\/2023\/10\/CMR-ninos.jpg?resize=300%2C200&amp;ssl=1 300w, https:\/\/i0.wp.com\/eltrabajo.cl\/portal\/wp-content\/uploads\/2023\/10\/CMR-ninos.jpg?resize=200%2C133&amp;ssl=1 200w, https:\/\/i0.wp.com\/eltrabajo.cl\/portal\/wp-content\/uploads\/2023\/10\/CMR-ninos.jpg?resize=696%2C464&amp;ssl=1 696w\" sizes=\"auto, (max-width: 640px) 100vw, 640px\" \/><figcaption id=\"caption-attachment-125147\" class=\"wp-caption-text\">Parte de los integrantes de las fuerzas b\u00e1sicas fueron homenajeados durante la celebraci\u00f3n.<\/figcaption><\/figure>\n<figure id=\"attachment_125146\" aria-describedby=\"caption-attachment-125146\" style=\"width: 699px\" class=\"wp-caption alignnone\"><img data-recalc-dims=\"1\" loading=\"lazy\" decoding=\"async\" class=\"size-full wp-image-125146\" src=\"https:\/\/i0.wp.com\/eltrabajo.cl\/portal\/wp-content\/uploads\/2023\/10\/CMR-Directiva.jpg?resize=640%2C468&#038;ssl=1\" alt=\"Estos(as) son los encargados(as) de guiar los destinos del Club Manuel Rodr\u00edguez.\" width=\"640\" height=\"468\" srcset=\"https:\/\/i0.wp.com\/eltrabajo.cl\/portal\/wp-content\/uploads\/2023\/10\/CMR-Directiva.jpg?w=699&amp;ssl=1 699w, https:\/\/i0.wp.com\/eltrabajo.cl\/portal\/wp-content\/uploads\/2023\/10\/CMR-Directiva.jpg?resize=300%2C219&amp;ssl=1 300w, https:\/\/i0.wp.com\/eltrabajo.cl\/portal\/wp-content\/uploads\/2023\/10\/CMR-Directiva.jpg?resize=200%2C146&amp;ssl=1 200w, https:\/\/i0.wp.com\/eltrabajo.cl\/portal\/wp-content\/uploads\/2023\/10\/CMR-Directiva.jpg?resize=696%2C509&amp;ssl=1 696w\" sizes=\"auto, (max-width: 640px) 100vw, 640px\" \/><figcaption id=\"caption-attachment-125146\" class=\"wp-caption-text\">Estos(as) son los encargados(as) de guiar los destinos del Club Manuel Rodr\u00edguez.<\/figcaption><\/figure>\n","protected":false},"excerpt":{"rendered":"<p>En una ceremonia que desde todo punto de vista puede catalogarse como impecable, debido al buen nivel de organizaci\u00f3n y participaci\u00f3n de casi la totalidad de quienes componen esa organizaci\u00f3n, el s\u00e1bado&#8230;<\/p>\n","protected":false},"author":482,"featured_media":125146,"comment_status":"closed","ping_status":"open","sticky":false,"template":"","format":"standard","meta":{"advanced_seo_description":"","jetpack_seo_html_title":"","jetpack_seo_noindex":false,"_jetpack_memberships_contains_paid_content":false,"footnotes":""},"categories":[19],"tags":[],"class_list":["post-125145","post","type-post","status-publish","format-standard","has-post-thumbnail","hentry","category-deportes"],"jetpack_featured_media_url":"https:\/\/i0.wp.com\/eltrabajo.cl\/portal\/wp-content\/uploads\/2023\/10\/CMR-Directiva.jpg?fit=699%2C511&ssl=1","jetpack_sharing_enabled":true,"jetpack_likes_enabled":true,"jetpack-related-posts":[],"_links":{"self":[{"href":"https:\/\/eltrabajo.cl\/portal\/wp-json\/wp\/v2\/posts\/125145","targetHints":{"allow":["GET"]}}],"collection":[{"href":"https:\/\/eltrabajo.cl\/portal\/wp-json\/wp\/v2\/posts"}],"about":[{"href":"https:\/\/eltrabajo.cl\/portal\/wp-json\/wp\/v2\/types\/post"}],"author":[{"embeddable":true,"href":"https:\/\/eltrabajo.cl\/portal\/wp-json\/wp\/v2\/users\/482"}],"replies":[{"embeddable":true,"href":"https:\/\/eltrabajo.cl\/portal\/wp-json\/wp\/v2\/comments?post=125145"}],"version-history":[{"count":1,"href":"https:\/\/eltrabajo.cl\/portal\/wp-json\/wp\/v2\/posts\/125145\/revisions"}],"predecessor-version":[{"id":125148,"href":"https:\/\/eltrabajo.cl\/portal\/wp-json\/wp\/v2\/posts\/125145\/revisions\/125148"}],"wp:featuredmedia":[{"embeddable":true,"href":"https:\/\/eltrabajo.cl\/portal\/wp-json\/wp\/v2\/media\/125146"}],"wp:attachment":[{"href":"https:\/\/eltrabajo.cl\/portal\/wp-json\/wp\/v2\/media?parent=125145"}],"wp:term":[{"taxonomy":"category","embeddable":true,"href":"https:\/\/eltrabajo.cl\/portal\/wp-json\/wp\/v2\/categories?post=125145"},{"taxonomy":"post_tag","embeddable":true,"href":"https:\/\/eltrabajo.cl\/portal\/wp-json\/wp\/v2\/tags?post=125145"}],"curies":[{"name":"wp","href":"https:\/\/api.w.org\/{rel}","templated":true}]}}