{"id":125174,"date":"2023-10-24T23:08:45","date_gmt":"2023-10-25T02:08:45","guid":{"rendered":"https:\/\/eltrabajo.cl\/portal\/?p=125174"},"modified":"2023-10-24T21:46:43","modified_gmt":"2023-10-25T00:46:43","slug":"sin-subir-al-podio-benjamin-vargas-fue-un-ganador-en-santiago-2023","status":"publish","type":"post","link":"https:\/\/eltrabajo.cl\/portal\/sin-subir-al-podio-benjamin-vargas-fue-un-ganador-en-santiago-2023\/","title":{"rendered":"Sin subir al podio, Benjam\u00edn Vargas fue un ganador en Santiago 2023"},"content":{"rendered":"<p>La presentaci\u00f3n del sanfelipe\u00f1o <strong>Benjam\u00edn Vargas<\/strong> en Santiago 2023, solo puede calificarse como brillante. Instalarse en el Top 8 a nivel continental, cuando la carrera se ha hecho a pulso, solo con el apoyo de la familia, disputar una final en una cita Panamericana, es un logro y \u00e9xito desde todo punto de vista.<\/p>\n<p>Con mucho orgullo, Benjam\u00edn puede decir que es el sexto en el Boulder y s\u00e9ptimo en Lead a nivel Panamericano. Sus actuaciones en el muro de Cerrillos, permitieron tambi\u00e9n darle m\u00e1s exposici\u00f3n a una especialidad deportiva nueva, que empieza a abrirse paso en el pa\u00eds, captando cada d\u00eda m\u00e1s ni\u00f1os y j\u00f3venes que quieren convertir la escalada como su deporte favorito. El aconcag\u00fcino es uno de los grandes responsables que eso est\u00e9 pasando.<\/p>\n<p>Otro triunfo de <strong>\u2018Pich\u00f3n\u2019<\/strong> es que ahora es una figura reconocida y respetada en el ambiente deportivo nacional. Qu\u00e9 decir a nivel local, donde su solo nombre despierta cientos de reacciones en las redes sociales. No es exagerado afirmar que estamos en presencia del nuevo \u2018embajador\u2019 de San Felipe y el valle de Aconcagua por el mundo, por lo que las empresas locales tienen una gran posibilidad de darle visibilidad nacional e internacional a sus marcas.<\/p>\n<figure id=\"attachment_125176\" aria-describedby=\"caption-attachment-125176\" style=\"width: 699px\" class=\"wp-caption alignnone\"><img data-recalc-dims=\"1\" loading=\"lazy\" decoding=\"async\" class=\"size-full wp-image-125176\" src=\"https:\/\/i0.wp.com\/eltrabajo.cl\/portal\/wp-content\/uploads\/2023\/10\/benjamin-vargas-3.jpg?resize=640%2C874&#038;ssl=1\" alt=\"Benjam\u00edn Vargas tuvo una extraordinaria actuaci\u00f3n en Santiago 2023.\" width=\"640\" height=\"874\" srcset=\"https:\/\/i0.wp.com\/eltrabajo.cl\/portal\/wp-content\/uploads\/2023\/10\/benjamin-vargas-3.jpg?w=699&amp;ssl=1 699w, https:\/\/i0.wp.com\/eltrabajo.cl\/portal\/wp-content\/uploads\/2023\/10\/benjamin-vargas-3.jpg?resize=220%2C300&amp;ssl=1 220w, https:\/\/i0.wp.com\/eltrabajo.cl\/portal\/wp-content\/uploads\/2023\/10\/benjamin-vargas-3.jpg?resize=110%2C150&amp;ssl=1 110w, https:\/\/i0.wp.com\/eltrabajo.cl\/portal\/wp-content\/uploads\/2023\/10\/benjamin-vargas-3.jpg?resize=696%2C951&amp;ssl=1 696w\" sizes=\"auto, (max-width: 640px) 100vw, 640px\" \/><figcaption id=\"caption-attachment-125176\" class=\"wp-caption-text\">Benjam\u00edn Vargas tuvo una extraordinaria actuaci\u00f3n en Santiago 2023.<\/figcaption><\/figure>\n","protected":false},"excerpt":{"rendered":"<p>La presentaci\u00f3n del sanfelipe\u00f1o Benjam\u00edn Vargas en Santiago 2023, solo puede calificarse como brillante. Instalarse en el Top 8 a nivel continental, cuando la carrera se ha hecho a pulso, solo con&#8230;<\/p>\n","protected":false},"author":482,"featured_media":125175,"comment_status":"closed","ping_status":"open","sticky":false,"template":"","format":"standard","meta":{"advanced_seo_description":"","jetpack_seo_html_title":"","jetpack_seo_noindex":false,"_jetpack_memberships_contains_paid_content":false,"footnotes":""},"categories":[19],"tags":[],"class_list":["post-125174","post","type-post","status-publish","format-standard","has-post-thumbnail","hentry","category-deportes"],"jetpack_featured_media_url":"https:\/\/i0.wp.com\/eltrabajo.cl\/portal\/wp-content\/uploads\/2023\/10\/benjamin-vargas-copia.jpg?fit=700%2C494&ssl=1","jetpack_sharing_enabled":true,"jetpack_likes_enabled":true,"jetpack-related-posts":[],"_links":{"self":[{"href":"https:\/\/eltrabajo.cl\/portal\/wp-json\/wp\/v2\/posts\/125174","targetHints":{"allow":["GET"]}}],"collection":[{"href":"https:\/\/eltrabajo.cl\/portal\/wp-json\/wp\/v2\/posts"}],"about":[{"href":"https:\/\/eltrabajo.cl\/portal\/wp-json\/wp\/v2\/types\/post"}],"author":[{"embeddable":true,"href":"https:\/\/eltrabajo.cl\/portal\/wp-json\/wp\/v2\/users\/482"}],"replies":[{"embeddable":true,"href":"https:\/\/eltrabajo.cl\/portal\/wp-json\/wp\/v2\/comments?post=125174"}],"version-history":[{"count":1,"href":"https:\/\/eltrabajo.cl\/portal\/wp-json\/wp\/v2\/posts\/125174\/revisions"}],"predecessor-version":[{"id":125177,"href":"https:\/\/eltrabajo.cl\/portal\/wp-json\/wp\/v2\/posts\/125174\/revisions\/125177"}],"wp:featuredmedia":[{"embeddable":true,"href":"https:\/\/eltrabajo.cl\/portal\/wp-json\/wp\/v2\/media\/125175"}],"wp:attachment":[{"href":"https:\/\/eltrabajo.cl\/portal\/wp-json\/wp\/v2\/media?parent=125174"}],"wp:term":[{"taxonomy":"category","embeddable":true,"href":"https:\/\/eltrabajo.cl\/portal\/wp-json\/wp\/v2\/categories?post=125174"},{"taxonomy":"post_tag","embeddable":true,"href":"https:\/\/eltrabajo.cl\/portal\/wp-json\/wp\/v2\/tags?post=125174"}],"curies":[{"name":"wp","href":"https:\/\/api.w.org\/{rel}","templated":true}]}}