{"id":125178,"date":"2023-10-24T23:10:58","date_gmt":"2023-10-25T02:10:58","guid":{"rendered":"https:\/\/eltrabajo.cl\/portal\/?p=125178"},"modified":"2023-10-24T21:49:17","modified_gmt":"2023-10-25T00:49:17","slug":"desconocidos-atacan-a-pedradas-bus-jm-cuando-pasaba-por-panquehue","status":"publish","type":"post","link":"https:\/\/eltrabajo.cl\/portal\/desconocidos-atacan-a-pedradas-bus-jm-cuando-pasaba-por-panquehue\/","title":{"rendered":"Desconocidos atacan a pedradas bus JM cuando pasaba por Panquehue"},"content":{"rendered":"<p>Un brusco despertar tuvo una estudiante universitaria este d\u00eda viernes 20 de octubre, en la tarde, cuando el bus JM en el que viajaba proveniente de Valpara\u00edso en direcci\u00f3n San Felipe, al pasar por la comuna de Panquehue, fue atacado a pedradas por desconocidos.<\/p>\n<p>A consecuencia del ataque resultaron algunos vidrios quebrados, haciendo hincapi\u00e9 que si no hubiera sido por la l\u00e1mina del polarizado, se estar\u00eda contando otra historia.<\/p>\n<p>La estudiante, de quien resguardamos su identidad, nos coment\u00f3 que ese d\u00eda ella ven\u00eda durmiendo, <em>\u00abpero \u00edbamos pasando por Panquehue y de repente se escucha un golpe y como que se quiebra algo; yo salto, miro la ventana, estaba toda quebrada <\/em>(el cristal).<em> En eso llega el auxiliar corriendo y le sac\u00f3 una foto y empieza a hablar con una se\u00f1ora, le pregunta qu\u00e9 fue eso y el auxiliar le dice que le hab\u00edan pegado un piedrazo a la ventana; y en eso empiezan a llamar, creo que era a su jefe, y comenzaron a hablar, lo mand\u00f3 a cambiarme de asiento. El auxiliar le dijo que no ten\u00eda m\u00e1s, entonces yo, desde el lado de la ventana me tuve que cambiar al pasillo. Y en eso, mientras el auxiliar est\u00e1 ah\u00ed, le avisan que hab\u00eda un vidrio abajo tambi\u00e9n roto, y parece que ah\u00ed fue cuando va a revisar el bus,\u00a0 para despu\u00e9s el auxiliar volver a subir\u00bb,<\/em> comenta la estudiante.<\/p>\n<p>\u00ab<em>Hab\u00eda una se\u00f1ora que pregunta y el auxiliar dice que abajo tambi\u00e9n se hab\u00edan roto las ventanas. Despu\u00e9s le pregunta a una se\u00f1ora si estaba bien, porque se ve\u00eda p\u00e1lida, la ni\u00f1a le dice que s\u00ed, que se hab\u00eda asustado, entonces le dice \u2018imag\u00ednese c\u00f3mo debe estar el de abajo porque lo perfor\u00f3\u2019\u00bb,<\/em> coment\u00f3 el asistente a los pasajeros.<\/p>\n<p>\u00ab<em>Ah\u00ed le pregunta si esto ya hab\u00eda pasado antes y el auxiliar le responde \u2018m\u00e1s de lo que uno cree\u2019. Siguen conversando y le dice que ese era el tercer bus de la semana, luego se\u00f1ala que estaban considerando no pasar m\u00e1s por ah\u00ed,\u00a0 que la gente no se bajara, que si quer\u00edan hacerlo ten\u00eda que ser en Chagres o San Felipe, pero ya estaban viendo la posibilidad de no pasar por ah\u00ed\u00bb,<\/em> les indicaba el auxiliar a las personas.<\/p>\n<p>Familiares de la estudiante nos cuentan que pasaron a Carabineros de San Felipe a realizar la denuncia correspondiente.<\/p>\n<p>Funcionarios policiales subieron al bus y sacaron fotograf\u00edas.<\/p>\n<p>Reconocen que esta situaci\u00f3n fue un peligro <em>\u00abpara nuestra hija ya\u00a0 que ella viaja todas las semanas desde Valpara\u00edso a San Felipe y viceversa, porque est\u00e1 en la universidad\u00bb,<\/em> comentan.<\/p>\n<p>Reitera su preocupaci\u00f3n, debido a que la mayor\u00eda <em>\u00abson estudiantes los que viajan y si no hubiese sido por la l\u00e1mina del polarizado estar\u00edamos contando otra historia, porque contuvo los vidrios\u00bb,<\/em> se\u00f1ala la familia.<\/p>\n<p>Es por lo anterior que piden m\u00e1s vigilancia en la ruta, especialmente en esa zona.<\/p>\n<p>El bus sali\u00f3 a las 16:30 horas desde el terminal de Valpara\u00edso.<\/p>\n<p>Llamamos a un tel\u00e9fono que aparece en la p\u00e1gina web de la empresa JM, pero no pudimos comunicarnos para poder conocer alguna versi\u00f3n de la empresa.<\/p>\n<figure id=\"attachment_125179\" aria-describedby=\"caption-attachment-125179\" style=\"width: 699px\" class=\"wp-caption alignnone\"><img data-recalc-dims=\"1\" loading=\"lazy\" decoding=\"async\" class=\"size-full wp-image-125179\" src=\"https:\/\/i0.wp.com\/eltrabajo.cl\/portal\/wp-content\/uploads\/2023\/10\/ventanilla-bus.jpg?resize=640%2C854&#038;ssl=1\" alt=\"En la imagen se puede apreciar el vidrio trizado producto de la pedrada. \" width=\"640\" height=\"854\" srcset=\"https:\/\/i0.wp.com\/eltrabajo.cl\/portal\/wp-content\/uploads\/2023\/10\/ventanilla-bus.jpg?w=699&amp;ssl=1 699w, https:\/\/i0.wp.com\/eltrabajo.cl\/portal\/wp-content\/uploads\/2023\/10\/ventanilla-bus.jpg?resize=225%2C300&amp;ssl=1 225w, https:\/\/i0.wp.com\/eltrabajo.cl\/portal\/wp-content\/uploads\/2023\/10\/ventanilla-bus.jpg?resize=112%2C150&amp;ssl=1 112w, https:\/\/i0.wp.com\/eltrabajo.cl\/portal\/wp-content\/uploads\/2023\/10\/ventanilla-bus.jpg?resize=696%2C929&amp;ssl=1 696w\" sizes=\"auto, (max-width: 640px) 100vw, 640px\" \/><figcaption id=\"caption-attachment-125179\" class=\"wp-caption-text\">En la imagen se puede apreciar el vidrio trizado producto de la pedrada.<\/figcaption><\/figure>\n","protected":false},"excerpt":{"rendered":"<p>Un brusco despertar tuvo una estudiante universitaria este d\u00eda viernes 20 de octubre, en la tarde, cuando el bus JM en el que viajaba proveniente de Valpara\u00edso en direcci\u00f3n San Felipe, al&#8230;<\/p>\n","protected":false},"author":482,"featured_media":125179,"comment_status":"closed","ping_status":"open","sticky":false,"template":"","format":"standard","meta":{"advanced_seo_description":"","jetpack_seo_html_title":"","jetpack_seo_noindex":false,"_jetpack_memberships_contains_paid_content":false,"footnotes":""},"categories":[21],"tags":[],"class_list":["post-125178","post","type-post","status-publish","format-standard","has-post-thumbnail","hentry","category-policial"],"jetpack_featured_media_url":"https:\/\/i0.wp.com\/eltrabajo.cl\/portal\/wp-content\/uploads\/2023\/10\/ventanilla-bus.jpg?fit=699%2C933&ssl=1","jetpack_sharing_enabled":true,"jetpack_likes_enabled":true,"jetpack-related-posts":[],"_links":{"self":[{"href":"https:\/\/eltrabajo.cl\/portal\/wp-json\/wp\/v2\/posts\/125178","targetHints":{"allow":["GET"]}}],"collection":[{"href":"https:\/\/eltrabajo.cl\/portal\/wp-json\/wp\/v2\/posts"}],"about":[{"href":"https:\/\/eltrabajo.cl\/portal\/wp-json\/wp\/v2\/types\/post"}],"author":[{"embeddable":true,"href":"https:\/\/eltrabajo.cl\/portal\/wp-json\/wp\/v2\/users\/482"}],"replies":[{"embeddable":true,"href":"https:\/\/eltrabajo.cl\/portal\/wp-json\/wp\/v2\/comments?post=125178"}],"version-history":[{"count":1,"href":"https:\/\/eltrabajo.cl\/portal\/wp-json\/wp\/v2\/posts\/125178\/revisions"}],"predecessor-version":[{"id":125180,"href":"https:\/\/eltrabajo.cl\/portal\/wp-json\/wp\/v2\/posts\/125178\/revisions\/125180"}],"wp:featuredmedia":[{"embeddable":true,"href":"https:\/\/eltrabajo.cl\/portal\/wp-json\/wp\/v2\/media\/125179"}],"wp:attachment":[{"href":"https:\/\/eltrabajo.cl\/portal\/wp-json\/wp\/v2\/media?parent=125178"}],"wp:term":[{"taxonomy":"category","embeddable":true,"href":"https:\/\/eltrabajo.cl\/portal\/wp-json\/wp\/v2\/categories?post=125178"},{"taxonomy":"post_tag","embeddable":true,"href":"https:\/\/eltrabajo.cl\/portal\/wp-json\/wp\/v2\/tags?post=125178"}],"curies":[{"name":"wp","href":"https:\/\/api.w.org\/{rel}","templated":true}]}}