{"id":125268,"date":"2023-10-30T23:38:54","date_gmt":"2023-10-31T02:38:54","guid":{"rendered":"https:\/\/eltrabajo.cl\/portal\/?p=125268"},"modified":"2023-10-30T22:33:01","modified_gmt":"2023-10-31T01:33:01","slug":"conductor-ebrio-provoco-accidente-donde-murio-un-hombre-en-calle-larga","status":"publish","type":"post","link":"https:\/\/eltrabajo.cl\/portal\/conductor-ebrio-provoco-accidente-donde-murio-un-hombre-en-calle-larga\/","title":{"rendered":"Conductor ebrio provoc\u00f3 accidente donde muri\u00f3 un hombre en Calle Larga"},"content":{"rendered":"<p><span style=\"color: #ff0000;\"><strong>Sujeto fue detenido por Carabineros:<\/strong><\/span><\/p>\n<p>Un grave accidente de tr\u00e1nsito se produjo la ma\u00f1ana del pasado domingo, cuando dos veh\u00edculos chocaron de manera frontal. Lamentablemente, el conductor de uno de los veh\u00edculos falleci\u00f3 en el mismo lugar de los hechos producto de las lesiones que le provoc\u00f3 el accidente.<\/p>\n<p>El conductor del otro auto, quien provoc\u00f3 este accidente, lo hac\u00eda conduciendo con alcohol en la sangre, por lo que fue detenido por Carabineros.<\/p>\n<p>Por orden del fiscal de turno, personal de la SIAT de Carabineros fue el encargado de realizar la investigaci\u00f3n respectiva.<\/p>\n<p>El teniente de la SIAT, <strong>Maximiliano Tavolari Mu\u00f1oz<\/strong>, se\u00f1al\u00f3 que <em>\u00abaproximadamente a las 9:00 de la ma\u00f1ana se genera un accidente en el tr\u00e1nsito en el sector de Tabolango en la comuna de Calle Larga. Una vez llegado al lugar, nos percatamos que exist\u00edan dos veh\u00edculos involucrados, se hacen las investigaciones para determinar c\u00f3mo se produce el accidente, pudiendo establecer que uno de los participantes accede a la pista contraria, gener\u00e1ndose la obstrucci\u00f3n de la pista por lo cual colisionan de forma frontal\u00bb.<\/em><\/p>\n<p>En este sentido, el teniente indic\u00f3 que <em>\u00abel conductor de la camioneta fallece en el lugar producto de la gravedad de las lesiones y el conductor del otro veh\u00edculo se manten\u00eda con lesiones leves y con un aliento alcoh\u00f3lico\u00bb.<\/em><\/p>\n<p>Asimismo, el teniente Tavolari precis\u00f3 que <em>\u00abse nota que hay una velocidad importante debido a los da\u00f1os y las lesiones que se generaron. Es importante se\u00f1alar que, en el trabajo en lugar del accidente, aproximadamente a unos 800 metros antes del accidente, este conductor genera un accidente previo, en el sentido que impact\u00f3 una se\u00f1al vertical, lo que lo hace perder parte de la estructura y genera da\u00f1os que no son asociados a la colisi\u00f3n con este otro veh\u00edculo\u00bb,<\/em> cerr\u00f3.<\/p>\n<figure id=\"attachment_125269\" aria-describedby=\"caption-attachment-125269\" style=\"width: 700px\" class=\"wp-caption alignnone\"><img data-recalc-dims=\"1\" loading=\"lazy\" decoding=\"async\" class=\"size-full wp-image-125269\" src=\"https:\/\/i0.wp.com\/eltrabajo.cl\/portal\/wp-content\/uploads\/2023\/10\/tragedia.jpg?resize=640%2C475&#038;ssl=1\" alt=\"Una persona falleci\u00f3 en accidente vehicular en Calle Larga.\" width=\"640\" height=\"475\" srcset=\"https:\/\/i0.wp.com\/eltrabajo.cl\/portal\/wp-content\/uploads\/2023\/10\/tragedia.jpg?w=700&amp;ssl=1 700w, https:\/\/i0.wp.com\/eltrabajo.cl\/portal\/wp-content\/uploads\/2023\/10\/tragedia.jpg?resize=300%2C223&amp;ssl=1 300w, https:\/\/i0.wp.com\/eltrabajo.cl\/portal\/wp-content\/uploads\/2023\/10\/tragedia.jpg?resize=200%2C150&amp;ssl=1 200w, https:\/\/i0.wp.com\/eltrabajo.cl\/portal\/wp-content\/uploads\/2023\/10\/tragedia.jpg?resize=485%2C360&amp;ssl=1 485w, https:\/\/i0.wp.com\/eltrabajo.cl\/portal\/wp-content\/uploads\/2023\/10\/tragedia.jpg?resize=696%2C517&amp;ssl=1 696w\" sizes=\"auto, (max-width: 640px) 100vw, 640px\" \/><figcaption id=\"caption-attachment-125269\" class=\"wp-caption-text\">Una persona falleci\u00f3 en accidente vehicular en Calle Larga.<\/figcaption><\/figure>\n","protected":false},"excerpt":{"rendered":"<p>Sujeto fue detenido por Carabineros: Un grave accidente de tr\u00e1nsito se produjo la ma\u00f1ana del pasado domingo, cuando dos veh\u00edculos chocaron de manera frontal. Lamentablemente, el conductor de uno de los veh\u00edculos&#8230;<\/p>\n","protected":false},"author":482,"featured_media":125269,"comment_status":"closed","ping_status":"open","sticky":false,"template":"","format":"standard","meta":{"advanced_seo_description":"","jetpack_seo_html_title":"","jetpack_seo_noindex":false,"_jetpack_memberships_contains_paid_content":false,"footnotes":""},"categories":[21],"tags":[],"class_list":["post-125268","post","type-post","status-publish","format-standard","has-post-thumbnail","hentry","category-policial"],"jetpack_featured_media_url":"https:\/\/i0.wp.com\/eltrabajo.cl\/portal\/wp-content\/uploads\/2023\/10\/tragedia.jpg?fit=700%2C520&ssl=1","jetpack_sharing_enabled":true,"jetpack_likes_enabled":true,"jetpack-related-posts":[],"_links":{"self":[{"href":"https:\/\/eltrabajo.cl\/portal\/wp-json\/wp\/v2\/posts\/125268","targetHints":{"allow":["GET"]}}],"collection":[{"href":"https:\/\/eltrabajo.cl\/portal\/wp-json\/wp\/v2\/posts"}],"about":[{"href":"https:\/\/eltrabajo.cl\/portal\/wp-json\/wp\/v2\/types\/post"}],"author":[{"embeddable":true,"href":"https:\/\/eltrabajo.cl\/portal\/wp-json\/wp\/v2\/users\/482"}],"replies":[{"embeddable":true,"href":"https:\/\/eltrabajo.cl\/portal\/wp-json\/wp\/v2\/comments?post=125268"}],"version-history":[{"count":1,"href":"https:\/\/eltrabajo.cl\/portal\/wp-json\/wp\/v2\/posts\/125268\/revisions"}],"predecessor-version":[{"id":125270,"href":"https:\/\/eltrabajo.cl\/portal\/wp-json\/wp\/v2\/posts\/125268\/revisions\/125270"}],"wp:featuredmedia":[{"embeddable":true,"href":"https:\/\/eltrabajo.cl\/portal\/wp-json\/wp\/v2\/media\/125269"}],"wp:attachment":[{"href":"https:\/\/eltrabajo.cl\/portal\/wp-json\/wp\/v2\/media?parent=125268"}],"wp:term":[{"taxonomy":"category","embeddable":true,"href":"https:\/\/eltrabajo.cl\/portal\/wp-json\/wp\/v2\/categories?post=125268"},{"taxonomy":"post_tag","embeddable":true,"href":"https:\/\/eltrabajo.cl\/portal\/wp-json\/wp\/v2\/tags?post=125268"}],"curies":[{"name":"wp","href":"https:\/\/api.w.org\/{rel}","templated":true}]}}