{"id":125271,"date":"2023-10-30T23:40:12","date_gmt":"2023-10-31T02:40:12","guid":{"rendered":"https:\/\/eltrabajo.cl\/portal\/?p=125271"},"modified":"2023-10-30T22:34:09","modified_gmt":"2023-10-31T01:34:09","slug":"en-prision-preventiva-quedo-delincuente-detenido-por-crimen-de-simon-cerda","status":"publish","type":"post","link":"https:\/\/eltrabajo.cl\/portal\/en-prision-preventiva-quedo-delincuente-detenido-por-crimen-de-simon-cerda\/","title":{"rendered":"En prisi\u00f3n preventiva qued\u00f3 delincuente detenido por crimen de Sim\u00f3n Cerda"},"content":{"rendered":"<p><span style=\"color: #ff0000;\"><strong>Formalizado por homicidio calificado:<\/strong><\/span><\/p>\n<ul>\n<li><strong>Sujeto fue trasladado a la c\u00e1rcel de Valpara\u00edso.-<\/strong><\/li>\n<\/ul>\n<p>En prisi\u00f3n preventiva y formalizado por el delito de homicidio calificado qued\u00f3 el delincuente de nacionalidad venezolana identificado como <strong>J.E.D.T.<\/strong>, de 19 a\u00f1os de edad, como autor del crimen de <strong>Sim\u00f3n Cerda Mart\u00ednez<\/strong>, hecho ocurrido en la ahora extinta discoteque <strong>\u2018Kamikaze\u2019<\/strong> de San Felipe en septiembre del a\u00f1o 2022.<\/p>\n<p>El abogado que defiende a la familia de la v\u00edctima, <strong>Fernando Casta\u00f1eda<\/strong>, indic\u00f3 que <em>\u00abse llev\u00f3 a cabo el control de detenci\u00f3n, un control de detenci\u00f3n con medidas de seguridad porque esta persona ya registra tres causas en San Felipe por amenazas y otros delitos\u00bb. <\/em><\/p>\n<p>En este sentido, el abogado agreg\u00f3 que <em>\u00abdespu\u00e9s de una larga jornada fue formalizado y qued\u00f3 sujeto a la medida cautelar de prisi\u00f3n preventiva y fue trasladado por una petici\u00f3n especial de Gendarmer\u00eda a Valpara\u00edso\u00bb.<\/em><\/p>\n<p>Respecto de cu\u00e1l fue la participaci\u00f3n de este malviviente en el crimen de Sim\u00f3n, el abogado se\u00f1al\u00f3 que <em>\u00abla participaci\u00f3n que a \u00e9l se le atribuye es la de haber efectuado los disparos que desgraciadamente causaron la muerte de Sim\u00f3n Cerda Mart\u00ednez, disparos que en un comienzo iban destinados a quien ya se sabe, a esta persona denominada <strong>Patricio Lester<\/strong>\u00bb. <\/em><\/p>\n<p>Asimismo, y ante la consulta de si a\u00fan quedan diligencias por realizar en el marco de esta investigaci\u00f3n, Casta\u00f1eda sostuvo que <em>\u00abquedan diligencias, la investigaci\u00f3n es de car\u00e1cter secreta y efectivamente y tal como lo hemos venido diciendo, ac\u00e1 ha habido muchas conductas extra\u00f1as de parte de la gente de la discoteque.<\/em><\/p>\n<p>\u00ab<em>Las personas no entregaron a tiempo o en un tiempo prudente las c\u00e1maras de seguridad, y no ocurri\u00f3 porque creemos que hay una participaci\u00f3n de al menos dos personas relacionadas que ejerc\u00edan la labor de guardias de seguridad\u00bb,<\/em> a\u00f1adi\u00f3.<\/p>\n<p>Finalmente, el abogado que representa a la familia de la v\u00edctima precis\u00f3 que el sujeto fue formalizado por <em>\u00abhomicidio calificado, hemos postulado la tesis de un homicidio calificado por promesa remuneratoria y el Ministerio P\u00fablico lo formaliz\u00f3 adem\u00e1s de esto, por premeditaci\u00f3n, en el fondo, se le formaliz\u00f3 por dos circunstancias calificantes del homicidio calificado\u00bb.<\/em><\/p>\n<p>Por su parte, la magistrada <strong>Carla Rigotti Alcayaga<\/strong> estim\u00f3 que la libertad del imputado constituye un peligro para la seguridad de la sociedad, debido a que por este delito <em>\u00abarriesga una pena de presidio mayor en grado m\u00e1ximo a presidio perpetuo calificado, es pena de crimen, y tiene tres causas pendientes en este mismo tribunal y medidas cautelares decretadas, el bien jur\u00eddico afectado es la vida, que es el m\u00e1s importante resguardado en nuestra constituci\u00f3n\u00bb.<\/em><\/p>\n<p>La magistrada consider\u00f3, adem\u00e1s, un posible peligro de fuga en esta causa, ya que <em>\u00abel imputado es de nacionalidad venezolana, por lo que perfectamente podr\u00eda huir de este pa\u00eds\u00bb.<\/em><\/p>\n<p>Es as\u00ed que el delincuente, a solicitud de Gendarmer\u00eda, fue trasladado hasta la c\u00e1rcel de Valpara\u00edso y el tribunal fij\u00f3 un plazo de 45 d\u00edas para la investigaci\u00f3n.<\/p>\n<figure id=\"attachment_125272\" aria-describedby=\"caption-attachment-125272\" style=\"width: 699px\" class=\"wp-caption alignnone\"><img data-recalc-dims=\"1\" loading=\"lazy\" decoding=\"async\" class=\"size-full wp-image-125272\" src=\"https:\/\/i0.wp.com\/eltrabajo.cl\/portal\/wp-content\/uploads\/2023\/10\/preventiva-simon-cerda.jpg?resize=640%2C360&#038;ssl=1\" alt=\"El delincuente pas\u00f3 a control de detenci\u00f3n durante la jornada del lunes, decret\u00e1ndose su prisi\u00f3n preventiva y traslado al penal de Valpara\u00edso.\" width=\"640\" height=\"360\" srcset=\"https:\/\/i0.wp.com\/eltrabajo.cl\/portal\/wp-content\/uploads\/2023\/10\/preventiva-simon-cerda.jpg?w=699&amp;ssl=1 699w, https:\/\/i0.wp.com\/eltrabajo.cl\/portal\/wp-content\/uploads\/2023\/10\/preventiva-simon-cerda.jpg?resize=300%2C169&amp;ssl=1 300w, https:\/\/i0.wp.com\/eltrabajo.cl\/portal\/wp-content\/uploads\/2023\/10\/preventiva-simon-cerda.jpg?resize=200%2C112&amp;ssl=1 200w, https:\/\/i0.wp.com\/eltrabajo.cl\/portal\/wp-content\/uploads\/2023\/10\/preventiva-simon-cerda.jpg?resize=696%2C391&amp;ssl=1 696w\" sizes=\"auto, (max-width: 640px) 100vw, 640px\" \/><figcaption id=\"caption-attachment-125272\" class=\"wp-caption-text\">El delincuente pas\u00f3 a control de detenci\u00f3n durante la jornada del lunes, decret\u00e1ndose su prisi\u00f3n preventiva y traslado al penal de Valpara\u00edso.<\/figcaption><\/figure>\n","protected":false},"excerpt":{"rendered":"<p>Formalizado por homicidio calificado: Sujeto fue trasladado a la c\u00e1rcel de Valpara\u00edso.- En prisi\u00f3n preventiva y formalizado por el delito de homicidio calificado qued\u00f3 el delincuente de nacionalidad venezolana identificado como J.E.D.T.,&#8230;<\/p>\n","protected":false},"author":482,"featured_media":125272,"comment_status":"closed","ping_status":"open","sticky":false,"template":"","format":"standard","meta":{"advanced_seo_description":"","jetpack_seo_html_title":"","jetpack_seo_noindex":false,"_jetpack_memberships_contains_paid_content":false,"footnotes":""},"categories":[97],"tags":[],"class_list":["post-125271","post","type-post","status-publish","format-standard","has-post-thumbnail","hentry","category-tribunales"],"jetpack_featured_media_url":"https:\/\/i0.wp.com\/eltrabajo.cl\/portal\/wp-content\/uploads\/2023\/10\/preventiva-simon-cerda.jpg?fit=699%2C393&ssl=1","jetpack_sharing_enabled":true,"jetpack_likes_enabled":true,"jetpack-related-posts":[],"_links":{"self":[{"href":"https:\/\/eltrabajo.cl\/portal\/wp-json\/wp\/v2\/posts\/125271","targetHints":{"allow":["GET"]}}],"collection":[{"href":"https:\/\/eltrabajo.cl\/portal\/wp-json\/wp\/v2\/posts"}],"about":[{"href":"https:\/\/eltrabajo.cl\/portal\/wp-json\/wp\/v2\/types\/post"}],"author":[{"embeddable":true,"href":"https:\/\/eltrabajo.cl\/portal\/wp-json\/wp\/v2\/users\/482"}],"replies":[{"embeddable":true,"href":"https:\/\/eltrabajo.cl\/portal\/wp-json\/wp\/v2\/comments?post=125271"}],"version-history":[{"count":1,"href":"https:\/\/eltrabajo.cl\/portal\/wp-json\/wp\/v2\/posts\/125271\/revisions"}],"predecessor-version":[{"id":125273,"href":"https:\/\/eltrabajo.cl\/portal\/wp-json\/wp\/v2\/posts\/125271\/revisions\/125273"}],"wp:featuredmedia":[{"embeddable":true,"href":"https:\/\/eltrabajo.cl\/portal\/wp-json\/wp\/v2\/media\/125272"}],"wp:attachment":[{"href":"https:\/\/eltrabajo.cl\/portal\/wp-json\/wp\/v2\/media?parent=125271"}],"wp:term":[{"taxonomy":"category","embeddable":true,"href":"https:\/\/eltrabajo.cl\/portal\/wp-json\/wp\/v2\/categories?post=125271"},{"taxonomy":"post_tag","embeddable":true,"href":"https:\/\/eltrabajo.cl\/portal\/wp-json\/wp\/v2\/tags?post=125271"}],"curies":[{"name":"wp","href":"https:\/\/api.w.org\/{rel}","templated":true}]}}