{"id":125332,"date":"2023-11-02T23:40:13","date_gmt":"2023-11-03T02:40:13","guid":{"rendered":"https:\/\/eltrabajo.cl\/portal\/?p=125332"},"modified":"2023-11-02T22:33:17","modified_gmt":"2023-11-03T01:33:17","slug":"carabineros-detuvo-a-conductor-ebrio-que-provoco-accidente-en-ruta-60-ch","status":"publish","type":"post","link":"https:\/\/eltrabajo.cl\/portal\/carabineros-detuvo-a-conductor-ebrio-que-provoco-accidente-en-ruta-60-ch\/","title":{"rendered":"Carabineros detuvo a conductor ebrio que provoc\u00f3 accidente en ruta 60 CH"},"content":{"rendered":"<ul>\n<li><strong>Durante los servicios desplegados por el feriado de mitad de semana, personal policial realiz\u00f3 m\u00e1s de 250 controles vehiculares.-<\/strong><\/li>\n<\/ul>\n<p>Un positivo balance realiz\u00f3 personal de Carabineros de San Felipe de lo que fue el pasado feriado del 1 de noviembre en nuestra zona. S\u00f3lo un accidente de tr\u00e1nsito se registr\u00f3 en la ruta 60 CH por la irresponsabilidad de un conductor que manejaba su veh\u00edculo bajo la influencia del alcohol.<\/p>\n<p>El comisario de Carabineros, mayor <strong>Jorge Guzm\u00e1n<\/strong>, indic\u00f3 que <em>\u00abun balance positivo, es triste hablar de todas maneras que la gente a\u00fan as\u00ed realiza inconductas que van en contra de su seguridad, y la seguridad de todos, tuvimos un accidente de tr\u00e1nsito bajo la influencia del alcohol en la ruta 60 CH, claramente detenido por conducci\u00f3n en estado de ebriedad\u00bb.<\/em><\/p>\n<p>En este contexto, el mayor Guzm\u00e1n adem\u00e1s destac\u00f3 que se realiz\u00f3 un n\u00famero importante de controles vehiculares durante la noche del 31 de octubre y el 1 de noviembre, todo esto, con el objetivo de disminuir las probabilidades de la ocurrencia de accidentes de tr\u00e1nsito.<\/p>\n<p>\u00ab<em>Pese a todas las campa\u00f1as a\u00fan tenemos este tipo de conductas, gracias a Dios, s\u00f3lo fue un hecho muy puntual; se realizaron m\u00e1s de 250 controles vehiculares en todo San Felipe, lo que permiti\u00f3 que tuvi\u00e9ramos un balance positivo en lo que respecta al d\u00eda 31 en espec\u00edfico\u00bb,<\/em> detall\u00f3.<\/p>\n<p>Asimismo, y en cuanto a los servicios desplegados en los cementerios por el d\u00eda de todos los santos y considerando la gran concurrencia de personas a los camposantos, el Comisario de Carabineros sostuvo que <em>\u00abel 1 de noviembre, tuvimos una gran llegada de personas a los cementerios, se gener\u00f3 un servicio preventivo con la finalidad de poder ayudar a la gente, especialmente a la tercera edad, a que pudiera llegar y evitar la congesti\u00f3n vehicular, teniendo un peak a eso de las 14:00 horas\u00bb. <\/em><\/p>\n<figure id=\"attachment_125333\" aria-describedby=\"caption-attachment-125333\" style=\"width: 698px\" class=\"wp-caption alignnone\"><img data-recalc-dims=\"1\" loading=\"lazy\" decoding=\"async\" class=\"size-full wp-image-125333\" src=\"https:\/\/i0.wp.com\/eltrabajo.cl\/portal\/wp-content\/uploads\/2023\/11\/carabineros-1.jpg?resize=640%2C396&#038;ssl=1\" alt=\"Carabineros estuvo desplegado en los cementerios de la zona. \" width=\"640\" height=\"396\" srcset=\"https:\/\/i0.wp.com\/eltrabajo.cl\/portal\/wp-content\/uploads\/2023\/11\/carabineros-1.jpg?w=698&amp;ssl=1 698w, https:\/\/i0.wp.com\/eltrabajo.cl\/portal\/wp-content\/uploads\/2023\/11\/carabineros-1.jpg?resize=300%2C186&amp;ssl=1 300w, https:\/\/i0.wp.com\/eltrabajo.cl\/portal\/wp-content\/uploads\/2023\/11\/carabineros-1.jpg?resize=200%2C124&amp;ssl=1 200w, https:\/\/i0.wp.com\/eltrabajo.cl\/portal\/wp-content\/uploads\/2023\/11\/carabineros-1.jpg?resize=696%2C431&amp;ssl=1 696w\" sizes=\"auto, (max-width: 640px) 100vw, 640px\" \/><figcaption id=\"caption-attachment-125333\" class=\"wp-caption-text\">Carabineros estuvo desplegado en los cementerios de la zona.<\/figcaption><\/figure>\n<figure id=\"attachment_125334\" aria-describedby=\"caption-attachment-125334\" style=\"width: 698px\" class=\"wp-caption alignnone\"><img data-recalc-dims=\"1\" loading=\"lazy\" decoding=\"async\" class=\"size-full wp-image-125334\" src=\"https:\/\/i0.wp.com\/eltrabajo.cl\/portal\/wp-content\/uploads\/2023\/11\/carabineros-2.jpg?resize=640%2C398&#038;ssl=1\" alt=\"Personal policial control\u00f3 el tr\u00e1nsito para evitar accidentes.\" width=\"640\" height=\"398\" srcset=\"https:\/\/i0.wp.com\/eltrabajo.cl\/portal\/wp-content\/uploads\/2023\/11\/carabineros-2.jpg?w=698&amp;ssl=1 698w, https:\/\/i0.wp.com\/eltrabajo.cl\/portal\/wp-content\/uploads\/2023\/11\/carabineros-2.jpg?resize=300%2C187&amp;ssl=1 300w, https:\/\/i0.wp.com\/eltrabajo.cl\/portal\/wp-content\/uploads\/2023\/11\/carabineros-2.jpg?resize=200%2C124&amp;ssl=1 200w, https:\/\/i0.wp.com\/eltrabajo.cl\/portal\/wp-content\/uploads\/2023\/11\/carabineros-2.jpg?resize=696%2C433&amp;ssl=1 696w\" sizes=\"auto, (max-width: 640px) 100vw, 640px\" \/><figcaption id=\"caption-attachment-125334\" class=\"wp-caption-text\">Personal policial control\u00f3 el tr\u00e1nsito para evitar accidentes.<\/figcaption><\/figure>\n","protected":false},"excerpt":{"rendered":"<p>Durante los servicios desplegados por el feriado de mitad de semana, personal policial realiz\u00f3 m\u00e1s de 250 controles vehiculares.- Un positivo balance realiz\u00f3 personal de Carabineros de San Felipe de lo que&#8230;<\/p>\n","protected":false},"author":482,"featured_media":125334,"comment_status":"closed","ping_status":"open","sticky":false,"template":"","format":"standard","meta":{"advanced_seo_description":"","jetpack_seo_html_title":"","jetpack_seo_noindex":false,"_jetpack_memberships_contains_paid_content":false,"footnotes":""},"categories":[21],"tags":[],"class_list":["post-125332","post","type-post","status-publish","format-standard","has-post-thumbnail","hentry","category-policial"],"jetpack_featured_media_url":"https:\/\/i0.wp.com\/eltrabajo.cl\/portal\/wp-content\/uploads\/2023\/11\/carabineros-2.jpg?fit=698%2C434&ssl=1","jetpack_sharing_enabled":true,"jetpack_likes_enabled":true,"jetpack-related-posts":[],"_links":{"self":[{"href":"https:\/\/eltrabajo.cl\/portal\/wp-json\/wp\/v2\/posts\/125332","targetHints":{"allow":["GET"]}}],"collection":[{"href":"https:\/\/eltrabajo.cl\/portal\/wp-json\/wp\/v2\/posts"}],"about":[{"href":"https:\/\/eltrabajo.cl\/portal\/wp-json\/wp\/v2\/types\/post"}],"author":[{"embeddable":true,"href":"https:\/\/eltrabajo.cl\/portal\/wp-json\/wp\/v2\/users\/482"}],"replies":[{"embeddable":true,"href":"https:\/\/eltrabajo.cl\/portal\/wp-json\/wp\/v2\/comments?post=125332"}],"version-history":[{"count":1,"href":"https:\/\/eltrabajo.cl\/portal\/wp-json\/wp\/v2\/posts\/125332\/revisions"}],"predecessor-version":[{"id":125335,"href":"https:\/\/eltrabajo.cl\/portal\/wp-json\/wp\/v2\/posts\/125332\/revisions\/125335"}],"wp:featuredmedia":[{"embeddable":true,"href":"https:\/\/eltrabajo.cl\/portal\/wp-json\/wp\/v2\/media\/125334"}],"wp:attachment":[{"href":"https:\/\/eltrabajo.cl\/portal\/wp-json\/wp\/v2\/media?parent=125332"}],"wp:term":[{"taxonomy":"category","embeddable":true,"href":"https:\/\/eltrabajo.cl\/portal\/wp-json\/wp\/v2\/categories?post=125332"},{"taxonomy":"post_tag","embeddable":true,"href":"https:\/\/eltrabajo.cl\/portal\/wp-json\/wp\/v2\/tags?post=125332"}],"curies":[{"name":"wp","href":"https:\/\/api.w.org\/{rel}","templated":true}]}}