{"id":125362,"date":"2023-11-05T23:40:11","date_gmt":"2023-11-06T02:40:11","guid":{"rendered":"https:\/\/eltrabajo.cl\/portal\/?p=125362"},"modified":"2023-11-05T21:32:09","modified_gmt":"2023-11-06T00:32:09","slug":"una-vivienda-destruida-y-otra-con-danos-deja-incendio-en-la-villa-250-anos","status":"publish","type":"post","link":"https:\/\/eltrabajo.cl\/portal\/una-vivienda-destruida-y-otra-con-danos-deja-incendio-en-la-villa-250-anos\/","title":{"rendered":"Una vivienda destruida y otra con da\u00f1os deja incendio\u00a0en la Villa 250 A\u00f1os"},"content":{"rendered":"<ul>\n<li><strong>R\u00e1pido trabajo de Bomberos y vecinos evit\u00f3 que el fuego se propagara m\u00e1s all\u00e1.-<\/strong><\/li>\n<\/ul>\n<p>La madrugada del pasado viernes, un incendio estructural destruy\u00f3 una vivienda y dej\u00f3 con da\u00f1os a otra m\u00e1s en la Villa 250 A\u00f1os de San Felipe. Bomberos y los propios vecinos trabajaron arduamente para evitar que el fuego siguiera alcanzando a m\u00e1s casas del pasaje El Bosque.<\/p>\n<p>El comandante del Cuerpo de Bomberos de San Felipe, <strong>Juan Carlos Herrera Lillo<\/strong>, indic\u00f3 que <em>\u00abcerca de la 1:30 de la madrugada, se recibe un llamado por un incendio estructural en el sector de la villa 250 A\u00f1os, en el pasaje El Bosque, donde, lamentablemente, hab\u00eda una vivienda que estaba siendo consumida por el fuego. Se despachan los carros que corresponden, se declara la emergencia, posteriormente se trabaja muy r\u00e1pido ya que se estaba provocando una propagaci\u00f3n a las viviendas colindantes\u00bb.<\/em><\/p>\n<p>En este sentido, Herrera agreg\u00f3 que <em>\u00abafortunadamente el trabajo r\u00e1pido evit\u00f3 que el fuego se siguiera propagando a otras viviendas. Son dos viviendas afectadas por el fuego, afortunadamente no tuvimos lesionados, lamentablemente, el fuego consumi\u00f3 una vivienda en su totalidad y otra en un 50%\u00bb.<\/em><\/p>\n<p>Respecto de si las viviendas ten\u00edan o no cortafuegos para evitar la propagaci\u00f3n de las llamas, el Comandante de Bomberos dio que <em>\u00abno ten\u00edan cortafuegos, una de las viviendas s\u00ed ten\u00eda uno de ladrillo que sirvi\u00f3 bastante para evitar que el fuego se siguiera propagando. El trabajo fue r\u00e1pido de bomberos, felicitar a la gente que se comport\u00f3 muy bien con bomberos dando la facilidad para trabajar\u00bb.<\/em><\/p>\n<p>Las causas que provocaron este incendio son investigadas por el Cuerpo de Bomberos de San Felipe.<\/p>\n<figure id=\"attachment_125363\" aria-describedby=\"caption-attachment-125363\" style=\"width: 698px\" class=\"wp-caption alignnone\"><img data-recalc-dims=\"1\" loading=\"lazy\" decoding=\"async\" class=\"size-full wp-image-125363\" src=\"https:\/\/i0.wp.com\/eltrabajo.cl\/portal\/wp-content\/uploads\/2023\/11\/incendio.jpg?resize=640%2C360&#038;ssl=1\" alt=\"Bomberos trabaj\u00f3 arduamente para evitar la propagaci\u00f3n de las llamas.\" width=\"640\" height=\"360\" srcset=\"https:\/\/i0.wp.com\/eltrabajo.cl\/portal\/wp-content\/uploads\/2023\/11\/incendio.jpg?w=698&amp;ssl=1 698w, https:\/\/i0.wp.com\/eltrabajo.cl\/portal\/wp-content\/uploads\/2023\/11\/incendio.jpg?resize=300%2C169&amp;ssl=1 300w, https:\/\/i0.wp.com\/eltrabajo.cl\/portal\/wp-content\/uploads\/2023\/11\/incendio.jpg?resize=200%2C113&amp;ssl=1 200w, https:\/\/i0.wp.com\/eltrabajo.cl\/portal\/wp-content\/uploads\/2023\/11\/incendio.jpg?resize=696%2C392&amp;ssl=1 696w\" sizes=\"auto, (max-width: 640px) 100vw, 640px\" \/><figcaption id=\"caption-attachment-125363\" class=\"wp-caption-text\">Bomberos trabaj\u00f3 arduamente para evitar la propagaci\u00f3n de las llamas.<\/figcaption><\/figure>\n","protected":false},"excerpt":{"rendered":"<p>R\u00e1pido trabajo de Bomberos y vecinos evit\u00f3 que el fuego se propagara m\u00e1s all\u00e1.- La madrugada del pasado viernes, un incendio estructural destruy\u00f3 una vivienda y dej\u00f3 con da\u00f1os a otra m\u00e1s&#8230;<\/p>\n","protected":false},"author":482,"featured_media":125363,"comment_status":"closed","ping_status":"open","sticky":false,"template":"","format":"standard","meta":{"advanced_seo_description":"","jetpack_seo_html_title":"","jetpack_seo_noindex":false,"_jetpack_memberships_contains_paid_content":false,"footnotes":""},"categories":[21],"tags":[],"class_list":["post-125362","post","type-post","status-publish","format-standard","has-post-thumbnail","hentry","category-policial"],"jetpack_featured_media_url":"https:\/\/i0.wp.com\/eltrabajo.cl\/portal\/wp-content\/uploads\/2023\/11\/incendio.jpg?fit=698%2C393&ssl=1","jetpack_sharing_enabled":true,"jetpack_likes_enabled":true,"jetpack-related-posts":[],"_links":{"self":[{"href":"https:\/\/eltrabajo.cl\/portal\/wp-json\/wp\/v2\/posts\/125362","targetHints":{"allow":["GET"]}}],"collection":[{"href":"https:\/\/eltrabajo.cl\/portal\/wp-json\/wp\/v2\/posts"}],"about":[{"href":"https:\/\/eltrabajo.cl\/portal\/wp-json\/wp\/v2\/types\/post"}],"author":[{"embeddable":true,"href":"https:\/\/eltrabajo.cl\/portal\/wp-json\/wp\/v2\/users\/482"}],"replies":[{"embeddable":true,"href":"https:\/\/eltrabajo.cl\/portal\/wp-json\/wp\/v2\/comments?post=125362"}],"version-history":[{"count":1,"href":"https:\/\/eltrabajo.cl\/portal\/wp-json\/wp\/v2\/posts\/125362\/revisions"}],"predecessor-version":[{"id":125364,"href":"https:\/\/eltrabajo.cl\/portal\/wp-json\/wp\/v2\/posts\/125362\/revisions\/125364"}],"wp:featuredmedia":[{"embeddable":true,"href":"https:\/\/eltrabajo.cl\/portal\/wp-json\/wp\/v2\/media\/125363"}],"wp:attachment":[{"href":"https:\/\/eltrabajo.cl\/portal\/wp-json\/wp\/v2\/media?parent=125362"}],"wp:term":[{"taxonomy":"category","embeddable":true,"href":"https:\/\/eltrabajo.cl\/portal\/wp-json\/wp\/v2\/categories?post=125362"},{"taxonomy":"post_tag","embeddable":true,"href":"https:\/\/eltrabajo.cl\/portal\/wp-json\/wp\/v2\/tags?post=125362"}],"curies":[{"name":"wp","href":"https:\/\/api.w.org\/{rel}","templated":true}]}}