{"id":125523,"date":"2023-11-12T23:42:33","date_gmt":"2023-11-13T02:42:33","guid":{"rendered":"https:\/\/eltrabajo.cl\/portal\/?p=125523"},"modified":"2023-11-12T21:55:10","modified_gmt":"2023-11-13T00:55:10","slug":"dos-delincuentes-detenidos-al-ingresar-a-robar-a-sucursal-de-coopeuch","status":"publish","type":"post","link":"https:\/\/eltrabajo.cl\/portal\/dos-delincuentes-detenidos-al-ingresar-a-robar-a-sucursal-de-coopeuch\/","title":{"rendered":"Dos delincuentes detenidos al ingresar a robar a sucursal de \u2018Coopeuch\u2019"},"content":{"rendered":"<ul>\n<li><span style=\"color: #ff0000;\"><strong>Sujetos ingresaron por el techo, activando la alarma del recinto, ante lo cual concurri\u00f3 personal de Carabineros.-<\/strong><\/span><\/li>\n<\/ul>\n<p>Carabineros detuvo a dos delincuentes que ingresaron a robar a la sucursal de \u2018Coopeuch\u2019 ubicada en calle Portus de nuestra ciudad de San Felipe. El hecho se produjo la madrugada del domingo, cuando los dos antisociales entraron por el techo del recinto para cometer este il\u00edcito. Acto que activ\u00f3 a alarma por lo que Carabineros concurre r\u00e1pidamente.<\/p>\n<p>El capit\u00e1n <strong>Rafael Ram\u00edrez<\/strong> detall\u00f3 que <em>\u00abla tipificaci\u00f3n del delito es el robo en lugar no habitado, este hecho ocurri\u00f3 cerca de la 1:00 de la madrugada del d\u00eda de hoy <\/em>(domingo),<em> mientras en la ciudad se desarrollaba el evento por la Telet\u00f3n en la Plaza de Armas, estos individuos ingresaron por el techo de la sucursal de Coopeuch ubicada en calle Portus\u00bb.<\/em><\/p>\n<p>En este sentido, el capit\u00e1n Ram\u00edrez agreg\u00f3 que <em>\u00abal momento de hacer ingreso al recinto, activan las alarmas del recinto, por ende, Carabineros en una r\u00e1pida respuesta llegan de inmediato al lugar, procediendo a efectuar la revisi\u00f3n, verificando que hab\u00eda un espacio en el entretecho, procediendo a revisar el sector descubriendo a estos individuos escondidos en el interior con una gran cantidad de herramientas para romper muros o alg\u00fan otro tipo de situaci\u00f3n\u00bb.<\/em><\/p>\n<p>Los sujetos portaban una gran cantidad de herramientas para cometer el robo. Los delincuentes fueron identificados como <strong>L.F.M.V.<\/strong>, de 41 a\u00f1os, y <strong>A.V.C.E.<\/strong> de 21 a\u00f1os, sin antecedentes y con domicilio en Valpara\u00edso y Melipilla, respectivamente.<\/p>\n<figure id=\"attachment_125524\" aria-describedby=\"caption-attachment-125524\" style=\"width: 699px\" class=\"wp-caption alignnone\"><img data-recalc-dims=\"1\" loading=\"lazy\" decoding=\"async\" class=\"size-full wp-image-125524\" src=\"https:\/\/i0.wp.com\/eltrabajo.cl\/portal\/wp-content\/uploads\/2023\/11\/coopeuch.jpg?resize=640%2C288&#038;ssl=1\" alt=\"Estas son las herramientas decomisadas que portaban los delincuentes.\" width=\"640\" height=\"288\" srcset=\"https:\/\/i0.wp.com\/eltrabajo.cl\/portal\/wp-content\/uploads\/2023\/11\/coopeuch.jpg?w=699&amp;ssl=1 699w, https:\/\/i0.wp.com\/eltrabajo.cl\/portal\/wp-content\/uploads\/2023\/11\/coopeuch.jpg?resize=300%2C135&amp;ssl=1 300w, https:\/\/i0.wp.com\/eltrabajo.cl\/portal\/wp-content\/uploads\/2023\/11\/coopeuch.jpg?resize=200%2C90&amp;ssl=1 200w, https:\/\/i0.wp.com\/eltrabajo.cl\/portal\/wp-content\/uploads\/2023\/11\/coopeuch.jpg?resize=696%2C314&amp;ssl=1 696w\" sizes=\"auto, (max-width: 640px) 100vw, 640px\" \/><figcaption id=\"caption-attachment-125524\" class=\"wp-caption-text\">Estas son las herramientas decomisadas que portaban los delincuentes.<\/figcaption><\/figure>\n","protected":false},"excerpt":{"rendered":"<p>Sujetos ingresaron por el techo, activando la alarma del recinto, ante lo cual concurri\u00f3 personal de Carabineros.- Carabineros detuvo a dos delincuentes que ingresaron a robar a la sucursal de \u2018Coopeuch\u2019 ubicada&#8230;<\/p>\n","protected":false},"author":482,"featured_media":125524,"comment_status":"closed","ping_status":"open","sticky":false,"template":"","format":"standard","meta":{"advanced_seo_description":"","jetpack_seo_html_title":"","jetpack_seo_noindex":false,"_jetpack_memberships_contains_paid_content":false,"footnotes":""},"categories":[21],"tags":[],"class_list":["post-125523","post","type-post","status-publish","format-standard","has-post-thumbnail","hentry","category-policial"],"jetpack_featured_media_url":"https:\/\/i0.wp.com\/eltrabajo.cl\/portal\/wp-content\/uploads\/2023\/11\/coopeuch.jpg?fit=699%2C315&ssl=1","jetpack_sharing_enabled":true,"jetpack_likes_enabled":true,"jetpack-related-posts":[],"_links":{"self":[{"href":"https:\/\/eltrabajo.cl\/portal\/wp-json\/wp\/v2\/posts\/125523","targetHints":{"allow":["GET"]}}],"collection":[{"href":"https:\/\/eltrabajo.cl\/portal\/wp-json\/wp\/v2\/posts"}],"about":[{"href":"https:\/\/eltrabajo.cl\/portal\/wp-json\/wp\/v2\/types\/post"}],"author":[{"embeddable":true,"href":"https:\/\/eltrabajo.cl\/portal\/wp-json\/wp\/v2\/users\/482"}],"replies":[{"embeddable":true,"href":"https:\/\/eltrabajo.cl\/portal\/wp-json\/wp\/v2\/comments?post=125523"}],"version-history":[{"count":1,"href":"https:\/\/eltrabajo.cl\/portal\/wp-json\/wp\/v2\/posts\/125523\/revisions"}],"predecessor-version":[{"id":125525,"href":"https:\/\/eltrabajo.cl\/portal\/wp-json\/wp\/v2\/posts\/125523\/revisions\/125525"}],"wp:featuredmedia":[{"embeddable":true,"href":"https:\/\/eltrabajo.cl\/portal\/wp-json\/wp\/v2\/media\/125524"}],"wp:attachment":[{"href":"https:\/\/eltrabajo.cl\/portal\/wp-json\/wp\/v2\/media?parent=125523"}],"wp:term":[{"taxonomy":"category","embeddable":true,"href":"https:\/\/eltrabajo.cl\/portal\/wp-json\/wp\/v2\/categories?post=125523"},{"taxonomy":"post_tag","embeddable":true,"href":"https:\/\/eltrabajo.cl\/portal\/wp-json\/wp\/v2\/tags?post=125523"}],"curies":[{"name":"wp","href":"https:\/\/api.w.org\/{rel}","templated":true}]}}