{"id":125596,"date":"2023-11-15T23:15:05","date_gmt":"2023-11-16T02:15:05","guid":{"rendered":"https:\/\/eltrabajo.cl\/portal\/?p=125596"},"modified":"2023-11-15T23:15:05","modified_gmt":"2023-11-16T02:15:05","slug":"concejo-municipal-aprueba-compromiso-de-compraventa-de-terreno-para-viviendas","status":"publish","type":"post","link":"https:\/\/eltrabajo.cl\/portal\/concejo-municipal-aprueba-compromiso-de-compraventa-de-terreno-para-viviendas\/","title":{"rendered":"Concejo Municipal aprueba compromiso de compraventa de terreno para viviendas"},"content":{"rendered":"<ul>\n<li><strong>Se trata de un terreno de 1.5 hect\u00e1reas que dar\u00e1 soluci\u00f3n habitacional a m\u00e1s de 230 familias de dos comit\u00e9s habitacionales de Curim\u00f3n.-<\/strong><\/li>\n<\/ul>\n<p>El Concejo Municipal de San Felipe aprob\u00f3 el compromiso de compraventa del terreno \u2018Chacra\/Estaci\u00f3n\u2019 de 1.5 hect\u00e1reas, que busca dar soluci\u00f3n habitacional a 234 familias que componen los comit\u00e9s habitacionales de Jardines de San Francisco y Villa Estaci\u00f3n de Curim\u00f3n.<\/p>\n<p>En este contexto, la alcaldesa <strong>Carmen Castillo<\/strong> se\u00f1al\u00f3 que <em>\u00abson tr\u00e1mites administrativos que estamos realizando a trav\u00e9s de la mesa de vivienda de nuestro municipio para poder optar a fondos de la Subsecretar\u00eda de Desarrollo Regional, y estos tr\u00e1mites requieren tambi\u00e9n validar muchos de los procesos que estamos realizando de la parte de lo que es validar el terreno mismo, para que se pueda iniciar todo lo que significa una petici\u00f3n de inversiones de parte de los niveles que tienen fondos para invertir en ellos\u00bb. <\/em><\/p>\n<p>Asimismo, la edil agreg\u00f3 que <em>\u00abpara nosotros esto es muy importante porque estamos hablando de dos comit\u00e9s que llevan a\u00f1os, m\u00e1s de 10 a\u00f1os esperando por una vivienda, y fue muy emocionante escuchar a ellos que se sent\u00edan m\u00e1s cerca del sue\u00f1o de contar con una vivienda\u00bb.<\/em><\/p>\n<p>Ante la consulta de qu\u00e9 trata propiamente tal este compromiso, Castillo explic\u00f3 que <em>\u00abes un tema que tiene que ver con la entidad que est\u00e1 ofertando el terreno y con el municipio, con ciertas cl\u00e1usulas que nosotros sabemos de que cumplen con todo el rigor de lo que significa respetar cada uno de los que est\u00e1n integrando esta petici\u00f3n\u00bb. <\/em><\/p>\n<p>Junto con esto, la alcaldesa precis\u00f3 que <em>\u00abse trata de un terreno que en este momento es rural, que tenemos que tramitar muchos elementos adicionales y que est\u00e1n siendo llevados a cabo con un aporte de 200 millones de los vecinos y vecinas, tambi\u00e9n con un resguardo respecto de ello, y esperamos pr\u00f3ximamente empecemos la tramitaci\u00f3n de los fondos para que se pueda concretar la compra del lote completo que nosotros queremos\u00bb.<\/em><\/p>\n<p>Finalmente, la edil expres\u00f3 que continuar\u00e1n acompa\u00f1ando todo el proceso que contin\u00faa para cumplir el sue\u00f1o de las familias de estos dos comit\u00e9s habitacionales, <em>\u00abtal como con todos los otros comit\u00e9s de vivienda, nosotros vamos colaborando para darles el camino, orientaci\u00f3n adecuada para que puedan cumplir con este sue\u00f1o de la vivienda propia\u00bb,<\/em> cerr\u00f3.<\/p>\n<figure id=\"attachment_125597\" aria-describedby=\"caption-attachment-125597\" style=\"width: 698px\" class=\"wp-caption alignnone\"><img data-recalc-dims=\"1\" loading=\"lazy\" decoding=\"async\" class=\"size-full wp-image-125597\" src=\"https:\/\/i0.wp.com\/eltrabajo.cl\/portal\/wp-content\/uploads\/2023\/11\/terreno.jpg?resize=640%2C394&#038;ssl=1\" alt=\"Concejo Municipal aprob\u00f3 compromiso de compraventa de terreno para comit\u00e9s habitacionales de Curim\u00f3n.\" width=\"640\" height=\"394\" srcset=\"https:\/\/i0.wp.com\/eltrabajo.cl\/portal\/wp-content\/uploads\/2023\/11\/terreno.jpg?w=698&amp;ssl=1 698w, https:\/\/i0.wp.com\/eltrabajo.cl\/portal\/wp-content\/uploads\/2023\/11\/terreno.jpg?resize=300%2C185&amp;ssl=1 300w, https:\/\/i0.wp.com\/eltrabajo.cl\/portal\/wp-content\/uploads\/2023\/11\/terreno.jpg?resize=200%2C123&amp;ssl=1 200w, https:\/\/i0.wp.com\/eltrabajo.cl\/portal\/wp-content\/uploads\/2023\/11\/terreno.jpg?resize=696%2C429&amp;ssl=1 696w\" sizes=\"auto, (max-width: 640px) 100vw, 640px\" \/><figcaption id=\"caption-attachment-125597\" class=\"wp-caption-text\">Concejo Municipal aprob\u00f3 compromiso de compraventa de terreno para comit\u00e9s habitacionales de Curim\u00f3n.<\/figcaption><\/figure>\n","protected":false},"excerpt":{"rendered":"<p>Se trata de un terreno de 1.5 hect\u00e1reas que dar\u00e1 soluci\u00f3n habitacional a m\u00e1s de 230 familias de dos comit\u00e9s habitacionales de Curim\u00f3n.- El Concejo Municipal de San Felipe aprob\u00f3 el compromiso&#8230;<\/p>\n","protected":false},"author":482,"featured_media":125597,"comment_status":"closed","ping_status":"open","sticky":false,"template":"","format":"standard","meta":{"advanced_seo_description":"","jetpack_seo_html_title":"","jetpack_seo_noindex":false,"_jetpack_memberships_contains_paid_content":false,"footnotes":""},"categories":[103],"tags":[],"class_list":["post-125596","post","type-post","status-publish","format-standard","has-post-thumbnail","hentry","category-cronica-2"],"jetpack_featured_media_url":"https:\/\/i0.wp.com\/eltrabajo.cl\/portal\/wp-content\/uploads\/2023\/11\/terreno.jpg?fit=698%2C430&ssl=1","jetpack_sharing_enabled":true,"jetpack_likes_enabled":true,"jetpack-related-posts":[],"_links":{"self":[{"href":"https:\/\/eltrabajo.cl\/portal\/wp-json\/wp\/v2\/posts\/125596","targetHints":{"allow":["GET"]}}],"collection":[{"href":"https:\/\/eltrabajo.cl\/portal\/wp-json\/wp\/v2\/posts"}],"about":[{"href":"https:\/\/eltrabajo.cl\/portal\/wp-json\/wp\/v2\/types\/post"}],"author":[{"embeddable":true,"href":"https:\/\/eltrabajo.cl\/portal\/wp-json\/wp\/v2\/users\/482"}],"replies":[{"embeddable":true,"href":"https:\/\/eltrabajo.cl\/portal\/wp-json\/wp\/v2\/comments?post=125596"}],"version-history":[{"count":1,"href":"https:\/\/eltrabajo.cl\/portal\/wp-json\/wp\/v2\/posts\/125596\/revisions"}],"predecessor-version":[{"id":125598,"href":"https:\/\/eltrabajo.cl\/portal\/wp-json\/wp\/v2\/posts\/125596\/revisions\/125598"}],"wp:featuredmedia":[{"embeddable":true,"href":"https:\/\/eltrabajo.cl\/portal\/wp-json\/wp\/v2\/media\/125597"}],"wp:attachment":[{"href":"https:\/\/eltrabajo.cl\/portal\/wp-json\/wp\/v2\/media?parent=125596"}],"wp:term":[{"taxonomy":"category","embeddable":true,"href":"https:\/\/eltrabajo.cl\/portal\/wp-json\/wp\/v2\/categories?post=125596"},{"taxonomy":"post_tag","embeddable":true,"href":"https:\/\/eltrabajo.cl\/portal\/wp-json\/wp\/v2\/tags?post=125596"}],"curies":[{"name":"wp","href":"https:\/\/api.w.org\/{rel}","templated":true}]}}