{"id":125618,"date":"2023-11-15T23:22:04","date_gmt":"2023-11-16T02:22:04","guid":{"rendered":"https:\/\/eltrabajo.cl\/portal\/?p=125618"},"modified":"2023-11-15T23:22:04","modified_gmt":"2023-11-16T02:22:04","slug":"piden-conocer-investigacion-por-eventuales-irregularidades-en-corrales-municipales","status":"publish","type":"post","link":"https:\/\/eltrabajo.cl\/portal\/piden-conocer-investigacion-por-eventuales-irregularidades-en-corrales-municipales\/","title":{"rendered":"Piden conocer investigaci\u00f3n por eventuales irregularidades en corrales municipales"},"content":{"rendered":"<ul>\n<li><strong>Cobro del TAG a un vecino que ten\u00eda su veh\u00edculo en el dep\u00f3sito, motiv\u00f3 que concejales plantearan la entrega de informaci\u00f3n.-<\/strong><\/li>\n<\/ul>\n<p>Durante la pasada sesi\u00f3n del concejo municipal de nuestra ciudad, el edil <strong>Ricardo Covarrubias<\/strong> solicit\u00f3 al municipio se entregue informaci\u00f3n por la investigaci\u00f3n sumaria que se realiza en los corrales municipales por eventuales irregularidades.<\/p>\n<p>El edil indic\u00f3 que <em>\u00aben el a\u00f1o 2022, casi a mediados de a\u00f1o se solicit\u00f3 un sumario sobre el dep\u00f3sito municipal, a ra\u00edz de situaciones an\u00f3malas que hab\u00edan ocurrido en esa instancia, donde la administraci\u00f3n municipal dio direcci\u00f3n llevar adelante un sumario, donde ya en octubre de este a\u00f1o deb\u00eda estar la respuesta\u00bb. <\/em><\/p>\n<p>Esto, a ra\u00edz de una serie de hechos que han circulado respecto de irregularidades al interior de este recinto, que, para opini\u00f3n de algunos concejales, pueden ser incluso constitutivos de un delito.<\/p>\n<p>\u00ab<em>Lo que yo solicit\u00e9, para no vincular cosas que no corresponde, porque aqu\u00ed se han hablado muchas cosas que son indebidas, solicit\u00e9 el informe, el decreto donde habla de c\u00f3mo se desarroll\u00f3 la investigaci\u00f3n y todo eso, pero no solamente para conocerla desde lo administrativo, sino que tambi\u00e9n creemos que, si hubo una situaci\u00f3n delicada, eso es constitutivo de delito, y, por lo tanto, eso tiene que resolverse en tribunales de justicia\u00bb,<\/em> explic\u00f3 Covarrubias.<\/p>\n<p>Asimismo, la situaci\u00f3n que motiv\u00f3 dicha solicitud, se registr\u00f3 hace unos d\u00edas cuando un vecino, que tiene su veh\u00edculo en el corral municipal, lleg\u00f3 hasta el edificio consistorial pidiendo explicaciones del por qu\u00e9 le llegaban cobros del TAG, siendo que su auto se encontraba en ese recinto.<\/p>\n<p>En este sentido, el concejal sostuvo que <em>\u00abah\u00ed me di cuenta cuando estaban los funcionarios municipales corriendo de lado a lado, para saber qu\u00e9 hab\u00eda sucedido con esa informaci\u00f3n del propietario de un veh\u00edculo que estaba haciendo consultas que por qu\u00e9 \u00e9l recib\u00eda en su domicilio los cobros del TAG, sabiendo que su veh\u00edculo estaba en el corral. En ese sentido, es importante transparentarlo porque no es bueno ni l\u00f3gico dejar pasar cosas as\u00ed. Eso fue como hace una semana y media atr\u00e1s, la persona estaba muy molesta a ra\u00edz de esa situaci\u00f3n\u00bb.<\/em><\/p>\n<p>Finalmente, Ricardo Covarrubias dijo que <em>\u00abnosotros estamos en ese sentido trabajando permanentemente la fiscalizaci\u00f3n, y en ese aspecto lo solicit\u00e9 en la sesi\u00f3n de concejo, pero tom\u00e1ndose en consideraci\u00f3n que ah\u00ed hay un sumario y quiero ver de qu\u00e9 se trata ese sumario y conocer realmente y para que cuando se hable, se hable con transparencia hacia la comunidad\u00bb.<\/em><\/p>\n<figure id=\"attachment_125619\" aria-describedby=\"caption-attachment-125619\" style=\"width: 699px\" class=\"wp-caption alignnone\"><img data-recalc-dims=\"1\" loading=\"lazy\" decoding=\"async\" class=\"size-full wp-image-125619\" src=\"https:\/\/i0.wp.com\/eltrabajo.cl\/portal\/wp-content\/uploads\/2023\/11\/corrales.jpg?resize=640%2C370&#038;ssl=1\" alt=\"Concejales piden se entregue informaci\u00f3n por eventuales irregularidades en los corrales municipales.\" width=\"640\" height=\"370\" srcset=\"https:\/\/i0.wp.com\/eltrabajo.cl\/portal\/wp-content\/uploads\/2023\/11\/corrales.jpg?w=699&amp;ssl=1 699w, https:\/\/i0.wp.com\/eltrabajo.cl\/portal\/wp-content\/uploads\/2023\/11\/corrales.jpg?resize=300%2C173&amp;ssl=1 300w, https:\/\/i0.wp.com\/eltrabajo.cl\/portal\/wp-content\/uploads\/2023\/11\/corrales.jpg?resize=200%2C116&amp;ssl=1 200w, https:\/\/i0.wp.com\/eltrabajo.cl\/portal\/wp-content\/uploads\/2023\/11\/corrales.jpg?resize=696%2C402&amp;ssl=1 696w\" sizes=\"auto, (max-width: 640px) 100vw, 640px\" \/><figcaption id=\"caption-attachment-125619\" class=\"wp-caption-text\">Concejales piden se entregue informaci\u00f3n por eventuales irregularidades en los corrales municipales.<\/figcaption><\/figure>\n","protected":false},"excerpt":{"rendered":"<p>Cobro del TAG a un vecino que ten\u00eda su veh\u00edculo en el dep\u00f3sito, motiv\u00f3 que concejales plantearan la entrega de informaci\u00f3n.- Durante la pasada sesi\u00f3n del concejo municipal de nuestra ciudad, el&#8230;<\/p>\n","protected":false},"author":482,"featured_media":125619,"comment_status":"closed","ping_status":"open","sticky":false,"template":"","format":"standard","meta":{"advanced_seo_description":"","jetpack_seo_html_title":"","jetpack_seo_noindex":false,"_jetpack_memberships_contains_paid_content":false,"footnotes":""},"categories":[103],"tags":[],"class_list":["post-125618","post","type-post","status-publish","format-standard","has-post-thumbnail","hentry","category-cronica-2"],"jetpack_featured_media_url":"https:\/\/i0.wp.com\/eltrabajo.cl\/portal\/wp-content\/uploads\/2023\/11\/corrales.jpg?fit=699%2C404&ssl=1","jetpack_sharing_enabled":true,"jetpack_likes_enabled":true,"jetpack-related-posts":[],"_links":{"self":[{"href":"https:\/\/eltrabajo.cl\/portal\/wp-json\/wp\/v2\/posts\/125618","targetHints":{"allow":["GET"]}}],"collection":[{"href":"https:\/\/eltrabajo.cl\/portal\/wp-json\/wp\/v2\/posts"}],"about":[{"href":"https:\/\/eltrabajo.cl\/portal\/wp-json\/wp\/v2\/types\/post"}],"author":[{"embeddable":true,"href":"https:\/\/eltrabajo.cl\/portal\/wp-json\/wp\/v2\/users\/482"}],"replies":[{"embeddable":true,"href":"https:\/\/eltrabajo.cl\/portal\/wp-json\/wp\/v2\/comments?post=125618"}],"version-history":[{"count":1,"href":"https:\/\/eltrabajo.cl\/portal\/wp-json\/wp\/v2\/posts\/125618\/revisions"}],"predecessor-version":[{"id":125620,"href":"https:\/\/eltrabajo.cl\/portal\/wp-json\/wp\/v2\/posts\/125618\/revisions\/125620"}],"wp:featuredmedia":[{"embeddable":true,"href":"https:\/\/eltrabajo.cl\/portal\/wp-json\/wp\/v2\/media\/125619"}],"wp:attachment":[{"href":"https:\/\/eltrabajo.cl\/portal\/wp-json\/wp\/v2\/media?parent=125618"}],"wp:term":[{"taxonomy":"category","embeddable":true,"href":"https:\/\/eltrabajo.cl\/portal\/wp-json\/wp\/v2\/categories?post=125618"},{"taxonomy":"post_tag","embeddable":true,"href":"https:\/\/eltrabajo.cl\/portal\/wp-json\/wp\/v2\/tags?post=125618"}],"curies":[{"name":"wp","href":"https:\/\/api.w.org\/{rel}","templated":true}]}}