{"id":125688,"date":"2023-11-20T23:03:10","date_gmt":"2023-11-21T02:03:10","guid":{"rendered":"https:\/\/eltrabajo.cl\/portal\/?p=125688"},"modified":"2023-11-20T22:48:32","modified_gmt":"2023-11-21T01:48:32","slug":"municipio-inicio-nuevo-sumario-por-irregularidades-en-corrales-municipales","status":"publish","type":"post","link":"https:\/\/eltrabajo.cl\/portal\/municipio-inicio-nuevo-sumario-por-irregularidades-en-corrales-municipales\/","title":{"rendered":"Municipio inici\u00f3 nuevo sumario por irregularidades en corrales municipales"},"content":{"rendered":"<ul>\n<li><strong>Mediante una declaraci\u00f3n p\u00fablica, la alcaldesa Carmen Castillo se refiri\u00f3 a la pol\u00e9mica.-<\/strong><\/li>\n<\/ul>\n<p>La alcaldesa <strong>Carmen Castillo<\/strong> emiti\u00f3 una declaraci\u00f3n p\u00fablica respecto de las investigaciones sumarias que existen sobre irregularidades en los corrales municipales, considerando que concejales de la ciudad ya hab\u00edan solicitado la entrega de informaci\u00f3n en la \u00faltima sesi\u00f3n del Concejo Municipal.<\/p>\n<p>En la oportunidad, se plante\u00f3 la inquietud luego que un hombre llegara al municipio reclamando por los cobros que le hab\u00edan llegado por conceptos del TAG, siendo que su auto deber\u00eda estar en el corral.<\/p>\n<p>Tras semanas de investigaci\u00f3n y algunos d\u00edas de silencio del municipio, la edil entreg\u00f3 una declaraci\u00f3n p\u00fablica que no recibi\u00f3 preguntas:<\/p>\n<p>\u00ab<em>En relaci\u00f3n a la situaci\u00f3n del dep\u00f3sito o parqueadero municipal, declaramos lo siguiente\u00bb,<\/em> comenz\u00f3 diciendo la declaraci\u00f3n p\u00fablica.<\/p>\n<p>\u00ab<em>En raz\u00f3n a irregularidades constatadas en el a\u00f1o 2022 en el parqueadero municipal, que son de p\u00fablico conocimiento, se dispuso la iniciaci\u00f3n de un sumario administrativo, el que a pesar de estar terminado de parte del municipio y con sanci\u00f3n propuesta, se encuentra en tr\u00e1mite ante la Contralor\u00eda General de la Rep\u00fablica\u00bb,<\/em> se\u00f1al\u00f3 Castillo.<\/p>\n<p>En este sentido, la alcaldesa indic\u00f3 que el resultado del sumario ser\u00e1 p\u00fablico, <em>\u00abno existiendo recursos administrativos pendientes que deba resolver nuestro municipio, en tal sentido, de acuerdo a la normativo, el sumario administrativo ser\u00e1 de dominio p\u00fablico una vez que se encuentre totalmente tramitado. Refiri\u00e9ndonos a ello, una vez que esto ocurra\u00bb. <\/em><\/p>\n<p>Adem\u00e1s, Carmen Castillo dijo que la Fiscal\u00eda investiga los hechos ocurridos en el a\u00f1o 2022.<\/p>\n<p>\u00ab<em>Lo importante en el caso es se\u00f1alar, que, esta administraci\u00f3n agotar\u00e1 todas las instancias para hacer efectivas las responsabilidades en la materia. Es necesario indicar que los hechos ocurridos en el a\u00f1o 2022, se encuentran siendo investigados por la Fiscal\u00eda, existiendo causa en el Juzgado de Garant\u00eda, proceso en el cual existe un funcionario que est\u00e1 formalizado, no nos podemos referir en detalle a la investigaci\u00f3n penal en curso, considerando que la ley establece el secreto de la investigaci\u00f3n. Los plazos de la investigaci\u00f3n penal dependen del Ministerio P\u00fablico y no de nuestra administraci\u00f3n\u00bb,<\/em> continu\u00f3 en su declaraci\u00f3n.<\/p>\n<p>Asimismo, y ante los hechos ocurridos en el presente a\u00f1o, la alcaldesa dijo lo siguiente: <em>\u00abRespecto de los hechos ocurridos en el parqueadero municipal en el mes de octubre del presente a\u00f1o, s\u00f3lo podemos indicar que el municipio ha dispuesto un sumario administrativo y ha efectuado todas las denuncias correspondientes al Ministerio P\u00fablico, por lo que esperamos el resultado de dichas investigaciones para referirnos al tema\u00bb.<\/em><\/p>\n<p>Sumario que se realiza en la actualidad para determinar lo ocurrido: <em>\u00abEs preciso destacar que a ra\u00edz de la constataci\u00f3n que esta misma administraci\u00f3n llev\u00f3 a cabo y dando cuenta de la probidad que nos caracteriza, levantamos esta investigaci\u00f3n y llegaremos hasta las \u00faltimas instancias para determinar las responsabilidades en el caso\u00bb,<\/em> a\u00f1adi\u00f3.<\/p>\n<p>Finalmente, y en relaci\u00f3n a la condici\u00f3n del recinto hoy en d\u00eda, la edil sostuvo que <em>\u00aben cuanto a la situaci\u00f3n actual del parqueadero, estamos realizando todos los levantamientos de manera permanente respecto a los veh\u00edculos y dem\u00e1s bienes que se custodian en dichas instalaciones, fortaleciendo los protocolos de control de ingreso y salida para que estos sean a\u00fan m\u00e1s estrictos de los existentes, con el objeto que estas situaciones como las ocurridas, no vuelvan a suceder\u00bb.<\/em><\/p>\n<figure id=\"attachment_125689\" aria-describedby=\"caption-attachment-125689\" style=\"width: 699px\" class=\"wp-caption alignnone\"><img data-recalc-dims=\"1\" loading=\"lazy\" decoding=\"async\" class=\"size-full wp-image-125689\" src=\"https:\/\/i0.wp.com\/eltrabajo.cl\/portal\/wp-content\/uploads\/2023\/11\/corrales-1.jpg?resize=640%2C370&#038;ssl=1\" alt=\"La alcaldesa Carmen Castillo asegur\u00f3 que el sumario administrativo ser\u00e1 de dominio p\u00fablico una vez que se encuentre totalmente tramitado.\" width=\"640\" height=\"370\" srcset=\"https:\/\/i0.wp.com\/eltrabajo.cl\/portal\/wp-content\/uploads\/2023\/11\/corrales-1.jpg?w=699&amp;ssl=1 699w, https:\/\/i0.wp.com\/eltrabajo.cl\/portal\/wp-content\/uploads\/2023\/11\/corrales-1.jpg?resize=300%2C173&amp;ssl=1 300w, https:\/\/i0.wp.com\/eltrabajo.cl\/portal\/wp-content\/uploads\/2023\/11\/corrales-1.jpg?resize=200%2C116&amp;ssl=1 200w, https:\/\/i0.wp.com\/eltrabajo.cl\/portal\/wp-content\/uploads\/2023\/11\/corrales-1.jpg?resize=696%2C402&amp;ssl=1 696w\" sizes=\"auto, (max-width: 640px) 100vw, 640px\" \/><figcaption id=\"caption-attachment-125689\" class=\"wp-caption-text\">La alcaldesa Carmen Castillo asegur\u00f3 que el sumario administrativo ser\u00e1 de dominio p\u00fablico una vez que se encuentre totalmente tramitado.<\/figcaption><\/figure>\n","protected":false},"excerpt":{"rendered":"<p>Mediante una declaraci\u00f3n p\u00fablica, la alcaldesa Carmen Castillo se refiri\u00f3 a la pol\u00e9mica.- La alcaldesa Carmen Castillo emiti\u00f3 una declaraci\u00f3n p\u00fablica respecto de las investigaciones sumarias que existen sobre irregularidades en los&#8230;<\/p>\n","protected":false},"author":482,"featured_media":125689,"comment_status":"closed","ping_status":"open","sticky":false,"template":"","format":"standard","meta":{"advanced_seo_description":"","jetpack_seo_html_title":"","jetpack_seo_noindex":false,"_jetpack_memberships_contains_paid_content":false,"footnotes":""},"categories":[103],"tags":[],"class_list":["post-125688","post","type-post","status-publish","format-standard","has-post-thumbnail","hentry","category-cronica-2"],"jetpack_featured_media_url":"https:\/\/i0.wp.com\/eltrabajo.cl\/portal\/wp-content\/uploads\/2023\/11\/corrales-1.jpg?fit=699%2C404&ssl=1","jetpack_sharing_enabled":true,"jetpack_likes_enabled":true,"jetpack-related-posts":[],"_links":{"self":[{"href":"https:\/\/eltrabajo.cl\/portal\/wp-json\/wp\/v2\/posts\/125688","targetHints":{"allow":["GET"]}}],"collection":[{"href":"https:\/\/eltrabajo.cl\/portal\/wp-json\/wp\/v2\/posts"}],"about":[{"href":"https:\/\/eltrabajo.cl\/portal\/wp-json\/wp\/v2\/types\/post"}],"author":[{"embeddable":true,"href":"https:\/\/eltrabajo.cl\/portal\/wp-json\/wp\/v2\/users\/482"}],"replies":[{"embeddable":true,"href":"https:\/\/eltrabajo.cl\/portal\/wp-json\/wp\/v2\/comments?post=125688"}],"version-history":[{"count":1,"href":"https:\/\/eltrabajo.cl\/portal\/wp-json\/wp\/v2\/posts\/125688\/revisions"}],"predecessor-version":[{"id":125690,"href":"https:\/\/eltrabajo.cl\/portal\/wp-json\/wp\/v2\/posts\/125688\/revisions\/125690"}],"wp:featuredmedia":[{"embeddable":true,"href":"https:\/\/eltrabajo.cl\/portal\/wp-json\/wp\/v2\/media\/125689"}],"wp:attachment":[{"href":"https:\/\/eltrabajo.cl\/portal\/wp-json\/wp\/v2\/media?parent=125688"}],"wp:term":[{"taxonomy":"category","embeddable":true,"href":"https:\/\/eltrabajo.cl\/portal\/wp-json\/wp\/v2\/categories?post=125688"},{"taxonomy":"post_tag","embeddable":true,"href":"https:\/\/eltrabajo.cl\/portal\/wp-json\/wp\/v2\/tags?post=125688"}],"curies":[{"name":"wp","href":"https:\/\/api.w.org\/{rel}","templated":true}]}}