{"id":125702,"date":"2023-11-20T23:15:20","date_gmt":"2023-11-21T02:15:20","guid":{"rendered":"https:\/\/eltrabajo.cl\/portal\/?p=125702"},"modified":"2023-11-20T22:56:18","modified_gmt":"2023-11-21T01:56:18","slug":"municipio-se-querellara-contra-empresa-que-ejecuto-mejoramiento-de-veredas","status":"publish","type":"post","link":"https:\/\/eltrabajo.cl\/portal\/municipio-se-querellara-contra-empresa-que-ejecuto-mejoramiento-de-veredas\/","title":{"rendered":"Municipio se querellar\u00e1 contra\u00a0empresa que ejecut\u00f3 mejoramiento de veredas"},"content":{"rendered":"<p><span style=\"color: #ff0000;\"><strong>Denuncia publicada en Diario El Trabajo dispar\u00f3 las alertas:<\/strong><\/span><\/p>\n<ul>\n<li><strong>Alcaldesa asegur\u00f3 adem\u00e1s que se pondr\u00e1 termino al contrato con dicha firma.-<\/strong><\/li>\n<\/ul>\n<p>Tras una serie de cr\u00edticas y el evidente mal trabajo ejecutado por la empresa que realiz\u00f3 el mejoramiento de veredas en el damero central de la ciudad, el municipio de San Felipe asegur\u00f3 que se querellar\u00e1n contra \u00e9sta debido al mal trabajo, adem\u00e1s, de poner fin al contrato.<\/p>\n<p>Como se recordar\u00e1, en nuestra edici\u00f3n del 2 de junio de este a\u00f1o publicamos en exclusiva la denuncia de la administradora del restor\u00e1n <strong>\u2018Mar y Tierra\u2019<\/strong> ubicado en calle Santo Domingo, a un costado del Fort\u00edn Prat, debido a los da\u00f1os causados a su local y al p\u00e9simo estado en que quedaron las veredas, situaci\u00f3n que resultaba absolutamente impresentable.<\/p>\n<p>En este sentido, la alcaldesa <strong>Carmen Castillo<\/strong> se\u00f1al\u00f3 que <em>\u00abel tema de las veredas es un tema que ha convocado bastante inquietud, sobre todo en aquellos que habitan en estos sectores de Portus, Santo Domingo, que nos han provocado bastante inquietud tambi\u00e9n y que hemos acogido inmediatamente\u00bb.<\/em><\/p>\n<p>En este contexto, la edil detall\u00f3 que <em>\u00abnuestro municipio a trav\u00e9s de la Direcci\u00f3n de Obras Municipales, ha ejercido sus labores de fiscalizaci\u00f3n y esto tiene que ver con Santo Domingo, Freire y Portus; se trata de tres contratos con una misma empresa que fueron adjudicados por licitaci\u00f3n p\u00fablica, por lo tanto, es muy importante por el hecho que esto nos permite hacer seguimiento de otras exigencias\u00bb.<\/em><\/p>\n<p>Es as\u00ed que Castillo indic\u00f3 que las obras no han sido recibidas por el municipio, <em>\u00abahora bien, ninguno se encuentra pagado en su totalidad y no han sido recibidas las obras, esto tambi\u00e9n es importante para los vecinos y vecinas, la fiscalizaci\u00f3n que se ha realizado constat\u00f3 la ma\u00f1a ejecuci\u00f3n de algunas partidas de las obras, especialmente en las terminaciones de calles Portus y Santo Domingo, entre Coimas y Navarro, y Freire, entre otras\u00bb. <\/em><\/p>\n<p>Junto con esto, la alcaldesa sostuvo que se ha iniciado un sumario administrativo, <em>\u00abpor lo tanto, este municipio est\u00e1 iniciando un procedimiento administrativo para poner t\u00e9rmino al contrato, el cobro de las boletas de garant\u00eda y se ha dispuesto un sumario administrativo, el que se encuentra ahora en etapa de indagatoria, todo para ver y determinar si se respetaron todos los protocolos en esta materia\u00bb. <\/em><\/p>\n<p>En este mismo punto, la edil precis\u00f3 que <em>\u00abesta administraci\u00f3n va a ejercer todas las acciones indemnizatorias, para que la empresa se haga responsable de las partidas mal ejecutadas, estas acciones judiciales van a ser adem\u00e1s querellas, y esperamos que los resultados de investigaciones internas para determinar los pasos a seguir en el \u00e1mbito judicial; no vamos a descansar hasta que no tengamos como corresponde manejado como debi\u00f3 ser desde un inicio, esto ser\u00eda una querella por el mal manejo del trabajo\u00bb.<\/em><\/p>\n<p>Respecto de si los trabajos ser\u00e1n reparados o se realizar\u00e1n de nuevo, Carmen Castillo dijo que <em>\u00abestamos hoy buscando, estudiando, c\u00f3mo efectuar una licitaci\u00f3n con otra empresa, para que se pueda ejecutar el t\u00e9rmino de obras, reparando todas las partidas observadas y las terminaciones mal realizadas.<\/em><\/p>\n<p>\u00ab<em>Hasta ahora hay algunas partidas que se podr\u00edan considerar adecuadas, pero estamos revis\u00e1ndolo integralmente para ver si vamos a tener que colocar un nuevo manejo de todo lo que est\u00e1 trabajado\u00bb,<\/em> agreg\u00f3.<\/p>\n<p>Finalmente, y ante la consulta de los da\u00f1os en las fachadas de viviendas y negocios, la alcaldesa se\u00f1al\u00f3 que <em>\u00abesto tiene que ver con una explicaci\u00f3n a los vecinos, las fachadas que tienen un componente hist\u00f3rico, tienen que coexistir con la modernidad, y tal vez, en este caso, no tuvo di\u00e1logo con los vecinos preliminarmente a la intervenci\u00f3n\u00bb. <\/em><\/p>\n<figure id=\"attachment_125703\" aria-describedby=\"caption-attachment-125703\" style=\"width: 698px\" class=\"wp-caption alignnone\"><img data-recalc-dims=\"1\" loading=\"lazy\" decoding=\"async\" class=\"size-full wp-image-125703\" src=\"https:\/\/i0.wp.com\/eltrabajo.cl\/portal\/wp-content\/uploads\/2023\/11\/castillo.jpg?resize=640%2C360&#038;ssl=1\" alt=\"Alcaldesa Carmen Castillo. \" width=\"640\" height=\"360\" srcset=\"https:\/\/i0.wp.com\/eltrabajo.cl\/portal\/wp-content\/uploads\/2023\/11\/castillo.jpg?w=698&amp;ssl=1 698w, https:\/\/i0.wp.com\/eltrabajo.cl\/portal\/wp-content\/uploads\/2023\/11\/castillo.jpg?resize=300%2C169&amp;ssl=1 300w, https:\/\/i0.wp.com\/eltrabajo.cl\/portal\/wp-content\/uploads\/2023\/11\/castillo.jpg?resize=200%2C113&amp;ssl=1 200w, https:\/\/i0.wp.com\/eltrabajo.cl\/portal\/wp-content\/uploads\/2023\/11\/castillo.jpg?resize=696%2C392&amp;ssl=1 696w\" sizes=\"auto, (max-width: 640px) 100vw, 640px\" \/><figcaption id=\"caption-attachment-125703\" class=\"wp-caption-text\">Alcaldesa Carmen Castillo.<\/figcaption><\/figure>\n<figure id=\"attachment_125704\" aria-describedby=\"caption-attachment-125704\" style=\"width: 700px\" class=\"wp-caption alignnone\"><img data-recalc-dims=\"1\" loading=\"lazy\" decoding=\"async\" class=\"size-full wp-image-125704\" src=\"https:\/\/i0.wp.com\/eltrabajo.cl\/portal\/wp-content\/uploads\/2023\/11\/danos-2.jpg?resize=640%2C480&#038;ssl=1\" alt=\"El restaurante \u2018Mar y Tierra\u2019, en Santo Domingo a un costado del Fort\u00edn Prat, fue una de las \u2018v\u00edctimas\u2019 de la empresa a cargo de los trabajos. La imagen vale m\u00e1s que mil palabras.\" width=\"640\" height=\"480\" srcset=\"https:\/\/i0.wp.com\/eltrabajo.cl\/portal\/wp-content\/uploads\/2023\/11\/danos-2.jpg?w=700&amp;ssl=1 700w, https:\/\/i0.wp.com\/eltrabajo.cl\/portal\/wp-content\/uploads\/2023\/11\/danos-2.jpg?resize=300%2C225&amp;ssl=1 300w, https:\/\/i0.wp.com\/eltrabajo.cl\/portal\/wp-content\/uploads\/2023\/11\/danos-2.jpg?resize=200%2C150&amp;ssl=1 200w, https:\/\/i0.wp.com\/eltrabajo.cl\/portal\/wp-content\/uploads\/2023\/11\/danos-2.jpg?resize=696%2C522&amp;ssl=1 696w\" sizes=\"auto, (max-width: 640px) 100vw, 640px\" \/><figcaption id=\"caption-attachment-125704\" class=\"wp-caption-text\">El restaurante \u2018Mar y Tierra\u2019, en Santo Domingo a un costado del Fort\u00edn Prat, fue una de las \u2018v\u00edctimas\u2019 de la empresa a cargo de los trabajos. La imagen vale m\u00e1s que mil palabras.<\/figcaption><\/figure>\n<figure id=\"attachment_125705\" aria-describedby=\"caption-attachment-125705\" style=\"width: 700px\" class=\"wp-caption alignnone\"><img data-recalc-dims=\"1\" loading=\"lazy\" decoding=\"async\" class=\"size-full wp-image-125705\" src=\"https:\/\/i0.wp.com\/eltrabajo.cl\/portal\/wp-content\/uploads\/2023\/11\/danos-3.jpg?resize=640%2C480&#038;ssl=1\" alt=\"La denuncia publicada el 2 de junio en forma exclusiva por Diario El Trabajo, dispar\u00f3 las alertas sobre la calidad de los trabajos que se estaban ejecutando.\" width=\"640\" height=\"480\" srcset=\"https:\/\/i0.wp.com\/eltrabajo.cl\/portal\/wp-content\/uploads\/2023\/11\/danos-3.jpg?w=700&amp;ssl=1 700w, https:\/\/i0.wp.com\/eltrabajo.cl\/portal\/wp-content\/uploads\/2023\/11\/danos-3.jpg?resize=300%2C225&amp;ssl=1 300w, https:\/\/i0.wp.com\/eltrabajo.cl\/portal\/wp-content\/uploads\/2023\/11\/danos-3.jpg?resize=200%2C150&amp;ssl=1 200w, https:\/\/i0.wp.com\/eltrabajo.cl\/portal\/wp-content\/uploads\/2023\/11\/danos-3.jpg?resize=696%2C522&amp;ssl=1 696w\" sizes=\"auto, (max-width: 640px) 100vw, 640px\" \/><figcaption id=\"caption-attachment-125705\" class=\"wp-caption-text\">La denuncia publicada el 2 de junio en forma exclusiva por Diario El Trabajo, dispar\u00f3 las alertas sobre la calidad de los trabajos que se estaban ejecutando.<\/figcaption><\/figure>\n","protected":false},"excerpt":{"rendered":"<p>Denuncia publicada en Diario El Trabajo dispar\u00f3 las alertas: Alcaldesa asegur\u00f3 adem\u00e1s que se pondr\u00e1 termino al contrato con dicha firma.- Tras una serie de cr\u00edticas y el evidente mal trabajo ejecutado&#8230;<\/p>\n","protected":false},"author":482,"featured_media":125704,"comment_status":"closed","ping_status":"open","sticky":false,"template":"","format":"standard","meta":{"advanced_seo_description":"","jetpack_seo_html_title":"","jetpack_seo_noindex":false,"_jetpack_memberships_contains_paid_content":false,"footnotes":""},"categories":[103],"tags":[],"class_list":["post-125702","post","type-post","status-publish","format-standard","has-post-thumbnail","hentry","category-cronica-2"],"jetpack_featured_media_url":"https:\/\/i0.wp.com\/eltrabajo.cl\/portal\/wp-content\/uploads\/2023\/11\/danos-2.jpg?fit=700%2C525&ssl=1","jetpack_sharing_enabled":true,"jetpack_likes_enabled":true,"jetpack-related-posts":[],"_links":{"self":[{"href":"https:\/\/eltrabajo.cl\/portal\/wp-json\/wp\/v2\/posts\/125702","targetHints":{"allow":["GET"]}}],"collection":[{"href":"https:\/\/eltrabajo.cl\/portal\/wp-json\/wp\/v2\/posts"}],"about":[{"href":"https:\/\/eltrabajo.cl\/portal\/wp-json\/wp\/v2\/types\/post"}],"author":[{"embeddable":true,"href":"https:\/\/eltrabajo.cl\/portal\/wp-json\/wp\/v2\/users\/482"}],"replies":[{"embeddable":true,"href":"https:\/\/eltrabajo.cl\/portal\/wp-json\/wp\/v2\/comments?post=125702"}],"version-history":[{"count":1,"href":"https:\/\/eltrabajo.cl\/portal\/wp-json\/wp\/v2\/posts\/125702\/revisions"}],"predecessor-version":[{"id":125706,"href":"https:\/\/eltrabajo.cl\/portal\/wp-json\/wp\/v2\/posts\/125702\/revisions\/125706"}],"wp:featuredmedia":[{"embeddable":true,"href":"https:\/\/eltrabajo.cl\/portal\/wp-json\/wp\/v2\/media\/125704"}],"wp:attachment":[{"href":"https:\/\/eltrabajo.cl\/portal\/wp-json\/wp\/v2\/media?parent=125702"}],"wp:term":[{"taxonomy":"category","embeddable":true,"href":"https:\/\/eltrabajo.cl\/portal\/wp-json\/wp\/v2\/categories?post=125702"},{"taxonomy":"post_tag","embeddable":true,"href":"https:\/\/eltrabajo.cl\/portal\/wp-json\/wp\/v2\/tags?post=125702"}],"curies":[{"name":"wp","href":"https:\/\/api.w.org\/{rel}","templated":true}]}}