{"id":125746,"date":"2023-11-22T22:34:52","date_gmt":"2023-11-23T01:34:52","guid":{"rendered":"https:\/\/eltrabajo.cl\/portal\/?p=125746"},"modified":"2023-11-22T22:19:03","modified_gmt":"2023-11-23T01:19:03","slug":"san-felipe-sera-una-de-las-sedes-en-ronda-de-las-16-mejores-en-el-regional-femenino","status":"publish","type":"post","link":"https:\/\/eltrabajo.cl\/portal\/san-felipe-sera-una-de-las-sedes-en-ronda-de-las-16-mejores-en-el-regional-femenino\/","title":{"rendered":"San Felipe ser\u00e1 una de las sedes en ronda de las 16 mejores en el Regional Femenino"},"content":{"rendered":"<p>El estadio Municipal de San Felipe ser\u00e1 escenario de dos partidos correspondientes a los octavos de final del torneo Regional Femenino. El que el principal recinto deportivo de esta parte del valle de Aconcagua, sea escenario de estos enfrentamientos, se debe a la buena relaci\u00f3n que en la actualidad tienen la Asociaci\u00f3n de F\u00fatbol Amateur de San Felipe con el municipio local, el que accedi\u00f3 a facilitar el recinto para esta instancia del Regional de mujeres.<\/p>\n<p>Lo extra\u00f1o eso s\u00ed de la programaci\u00f3n, radica en el hecho que dentro de la agenda competitiva no hay ninguna selecci\u00f3n de la zona como parte del programa doble que pasado ma\u00f1ana se desarrollar\u00e1 en el coliseo de la Avenida Maip\u00fa.<\/p>\n<p>Las selecciones y choques que habr\u00e1 en la jornada doble sabatina son: Pedro Aguirre Cerda \u2013 Hijuelas; Los Placeres \u2013 Quilpu\u00e9.<\/p>\n<p>En tanto las selecciones de Putaendo y San Felipe deber\u00e1n jugar sus respectivos partidos de la ronda de los 16 mejores en el estadio Municipal de Nogales, mientras que Catemu deber\u00e1 desplazarse hasta el Lucio Fari\u00f1a de Quillota.<\/p>\n<figure id=\"attachment_125748\" aria-describedby=\"caption-attachment-125748\" style=\"width: 698px\" class=\"wp-caption alignnone\"><img data-recalc-dims=\"1\" loading=\"lazy\" decoding=\"async\" class=\"size-full wp-image-125748\" src=\"https:\/\/i0.wp.com\/eltrabajo.cl\/portal\/wp-content\/uploads\/2023\/11\/estadio-municipal.jpg?resize=640%2C413&#038;ssl=1\" alt=\"El reducto de la Avenida Maip\u00fa albergar\u00e1 dos pleitos de octavos de final del regional de mujeres.\" width=\"640\" height=\"413\" srcset=\"https:\/\/i0.wp.com\/eltrabajo.cl\/portal\/wp-content\/uploads\/2023\/11\/estadio-municipal.jpg?w=698&amp;ssl=1 698w, https:\/\/i0.wp.com\/eltrabajo.cl\/portal\/wp-content\/uploads\/2023\/11\/estadio-municipal.jpg?resize=300%2C193&amp;ssl=1 300w, https:\/\/i0.wp.com\/eltrabajo.cl\/portal\/wp-content\/uploads\/2023\/11\/estadio-municipal.jpg?resize=200%2C129&amp;ssl=1 200w, https:\/\/i0.wp.com\/eltrabajo.cl\/portal\/wp-content\/uploads\/2023\/11\/estadio-municipal.jpg?resize=696%2C449&amp;ssl=1 696w\" sizes=\"auto, (max-width: 640px) 100vw, 640px\" \/><figcaption id=\"caption-attachment-125748\" class=\"wp-caption-text\">El reducto de la Avenida Maip\u00fa albergar\u00e1 dos pleitos de octavos de final del regional de mujeres.<\/figcaption><\/figure>\n","protected":false},"excerpt":{"rendered":"<p>El estadio Municipal de San Felipe ser\u00e1 escenario de dos partidos correspondientes a los octavos de final del torneo Regional Femenino. El que el principal recinto deportivo de esta parte del valle&#8230;<\/p>\n","protected":false},"author":482,"featured_media":125748,"comment_status":"closed","ping_status":"open","sticky":false,"template":"","format":"standard","meta":{"advanced_seo_description":"","jetpack_seo_html_title":"","jetpack_seo_noindex":false,"_jetpack_memberships_contains_paid_content":false,"footnotes":""},"categories":[19],"tags":[],"class_list":["post-125746","post","type-post","status-publish","format-standard","has-post-thumbnail","hentry","category-deportes"],"jetpack_featured_media_url":"https:\/\/i0.wp.com\/eltrabajo.cl\/portal\/wp-content\/uploads\/2023\/11\/estadio-municipal.jpg?fit=698%2C450&ssl=1","jetpack_sharing_enabled":true,"jetpack_likes_enabled":true,"jetpack-related-posts":[],"_links":{"self":[{"href":"https:\/\/eltrabajo.cl\/portal\/wp-json\/wp\/v2\/posts\/125746","targetHints":{"allow":["GET"]}}],"collection":[{"href":"https:\/\/eltrabajo.cl\/portal\/wp-json\/wp\/v2\/posts"}],"about":[{"href":"https:\/\/eltrabajo.cl\/portal\/wp-json\/wp\/v2\/types\/post"}],"author":[{"embeddable":true,"href":"https:\/\/eltrabajo.cl\/portal\/wp-json\/wp\/v2\/users\/482"}],"replies":[{"embeddable":true,"href":"https:\/\/eltrabajo.cl\/portal\/wp-json\/wp\/v2\/comments?post=125746"}],"version-history":[{"count":1,"href":"https:\/\/eltrabajo.cl\/portal\/wp-json\/wp\/v2\/posts\/125746\/revisions"}],"predecessor-version":[{"id":125749,"href":"https:\/\/eltrabajo.cl\/portal\/wp-json\/wp\/v2\/posts\/125746\/revisions\/125749"}],"wp:featuredmedia":[{"embeddable":true,"href":"https:\/\/eltrabajo.cl\/portal\/wp-json\/wp\/v2\/media\/125748"}],"wp:attachment":[{"href":"https:\/\/eltrabajo.cl\/portal\/wp-json\/wp\/v2\/media?parent=125746"}],"wp:term":[{"taxonomy":"category","embeddable":true,"href":"https:\/\/eltrabajo.cl\/portal\/wp-json\/wp\/v2\/categories?post=125746"},{"taxonomy":"post_tag","embeddable":true,"href":"https:\/\/eltrabajo.cl\/portal\/wp-json\/wp\/v2\/tags?post=125746"}],"curies":[{"name":"wp","href":"https:\/\/api.w.org\/{rel}","templated":true}]}}